{"id":1527,"date":"2015-05-13T10:02:40","date_gmt":"2015-05-13T09:02:40","guid":{"rendered":"http:\/\/www.kfv-mol.de\/Wordpress\/?p=1527"},"modified":"2015-05-13T10:02:40","modified_gmt":"2015-05-13T09:02:40","slug":"foerderschild-und-defibrillator-uebergeben","status":"publish","type":"post","link":"https:\/\/kfv-mol.de\/Wordpress\/Artikel\/foerderschild-und-defibrillator-uebergeben\/","title":{"rendered":"F\u00f6rderschild und Defibrillator \u00fcbergeben"},"content":{"rendered":"<p>Anl\u00e4\u00dflich des wundersch\u00f6nen Festes der Freiwilligen Feuerwehr Bad Freienwalde zum 50. Geburtstag ihrer Jugendfeuerwehr am 09. Mai 2015 haben der Vizepr\u00e4sident des Landesfeuerwehrverbandes Bernd Falkenthal und der Vorsitzende des Kreisfeuerwehrverbandes Hans-Dieter Kandzia dem Gesch\u00e4ftsf\u00fchrer der <strong>Hoch- und Tiefbau Neureetz GmbH<\/strong> Alexander Schmidt, der auch Vorsitzender des F\u00f6rdervereins\u00a0 und Zugf\u00fchrer der FF Bad Freienwalde ist, das <strong>F\u00f6rderschild &#8220; Partner der Feuerwehr&#8220;<\/strong> mit der vom Pr\u00e4sidenten des LFV und vom Innenminister unterzeichneten Urkunde \u00fcbergeben.<\/p>\n<p>Der Vorsitzende des KFV \u00fcbergab dem Ortwehrf\u00fchrer der FF Bad Freienwalde J\u00fcrgen Knoll den von der Sparkasse M\u00e4rkisch-Oderland finanzierten <strong>Defibrillator<\/strong> im Wert von fast 2000 Euro. Damit sollen die Kameraden und Jugendfeuerwehrleute einen Eigenschutz bei Eins\u00e4tzen und Veranstaltungen erhalten. Seit 2005 wurden im Landkreis bereits 13 dieser Ger\u00e4te von KFV und Sparkasse beschafft.<\/p>\n\n\t\t<style type=\"text\/css\">\n\t\t\t#gallery-1 {\n\t\t\t\tmargin: auto;\n\t\t\t}\n\t\t\t#gallery-1 .gallery-item {\n\t\t\t\tfloat: left;\n\t\t\t\tmargin-top: 10px;\n\t\t\t\ttext-align: center;\n\t\t\t\twidth: 33%;\n\t\t\t}\n\t\t\t#gallery-1 img {\n\t\t\t\tborder: 2px solid #cfcfcf;\n\t\t\t}\n\t\t\t#gallery-1 .gallery-caption {\n\t\t\t\tmargin-left: 0;\n\t\t\t}\n\t\t\t\/* see gallery_shortcode() in wp-includes\/media.php *\/\n\t\t<\/style>\n\t\t<div id='gallery-1' class='gallery galleryid-1527 gallery-columns-3 gallery-size-medium'><dl class='gallery-item'>\n\t\t\t<dt class='gallery-icon landscape'>\n\t\t\t\t<a href='https:\/\/kfv-mol.de\/Wordpress\/Artikel\/foerderschild-und-defibrillator-uebergeben\/50-jahre-jugendfeuerwehr-bad-freienwalde-2\/'><img decoding=\"async\" width=\"300\" height=\"200\" data-src=\"https:\/\/kfv-mol.de\/Wordpress\/wp-content\/uploads\/2015\/05\/MGL4156-300x200.jpg\" class=\"attachment-medium size-medium lazyload\" alt=\"\" aria-describedby=\"gallery-1-1529\" data-srcset=\"https:\/\/kfv-mol.de\/Wordpress\/wp-content\/uploads\/2015\/05\/MGL4156-300x200.jpg 300w, https:\/\/kfv-mol.de\/Wordpress\/wp-content\/uploads\/2015\/05\/MGL4156.jpg 630w\" data-sizes=\"(max-width: 300px) 100vw, 300px\" src=\"data:image\/svg+xml;base64,PHN2ZyB3aWR0aD0iMSIgaGVpZ2h0PSIxIiB4bWxucz0iaHR0cDovL3d3dy53My5vcmcvMjAwMC9zdmciPjwvc3ZnPg==\" style=\"--smush-placeholder-width: 300px; --smush-placeholder-aspect-ratio: 300\/200;\" \/><\/a>\n\t\t\t<\/dt>\n\t\t\t\t<dd class='wp-caption-text gallery-caption' id='gallery-1-1529'>\n\t\t\t\tGro\u00dfe Jubil\u00e4umsparty in der Innenstadt mit vielen G\u00e4sten und Attraktionen\n\t\t\t\t<\/dd><\/dl><dl class='gallery-item'>\n\t\t\t<dt class='gallery-icon landscape'>\n\t\t\t\t<a href='https:\/\/kfv-mol.de\/Wordpress\/Artikel\/foerderschild-und-defibrillator-uebergeben\/50-jahre-jugendfeuerwehr-bad-freienwalde-3\/'><img decoding=\"async\" width=\"300\" height=\"200\" data-src=\"https:\/\/kfv-mol.de\/Wordpress\/wp-content\/uploads\/2015\/05\/MGL4158-300x200.jpg\" class=\"attachment-medium size-medium lazyload\" alt=\"\" aria-describedby=\"gallery-1-1530\" data-srcset=\"https:\/\/kfv-mol.de\/Wordpress\/wp-content\/uploads\/2015\/05\/MGL4158-300x200.jpg 300w, https:\/\/kfv-mol.de\/Wordpress\/wp-content\/uploads\/2015\/05\/MGL4158.jpg 630w\" data-sizes=\"(max-width: 300px) 100vw, 300px\" src=\"data:image\/svg+xml;base64,PHN2ZyB3aWR0aD0iMSIgaGVpZ2h0PSIxIiB4bWxucz0iaHR0cDovL3d3dy53My5vcmcvMjAwMC9zdmciPjwvc3ZnPg==\" style=\"--smush-placeholder-width: 300px; --smush-placeholder-aspect-ratio: 300\/200;\" \/><\/a>\n\t\t\t<\/dt>\n\t\t\t\t<dd class='wp-caption-text gallery-caption' id='gallery-1-1530'>\n\t\t\t\tGro\u00dfe Jubil\u00e4umsparty in der Innenstadt mit vielen G\u00e4sten und Attraktionen\n\t\t\t\t<\/dd><\/dl><dl class='gallery-item'>\n\t\t\t<dt class='gallery-icon landscape'>\n\t\t\t\t<a href='https:\/\/kfv-mol.de\/Wordpress\/Artikel\/foerderschild-und-defibrillator-uebergeben\/50-jahre-jugendfeuerwehr-bad-freienwalde-4\/'><img decoding=\"async\" width=\"300\" height=\"200\" data-src=\"https:\/\/kfv-mol.de\/Wordpress\/wp-content\/uploads\/2015\/05\/MGL4162-300x200.jpg\" class=\"attachment-medium size-medium lazyload\" alt=\"\" aria-describedby=\"gallery-1-1531\" data-srcset=\"https:\/\/kfv-mol.de\/Wordpress\/wp-content\/uploads\/2015\/05\/MGL4162-300x200.jpg 300w, https:\/\/kfv-mol.de\/Wordpress\/wp-content\/uploads\/2015\/05\/MGL4162.jpg 630w\" data-sizes=\"(max-width: 300px) 100vw, 300px\" src=\"data:image\/svg+xml;base64,PHN2ZyB3aWR0aD0iMSIgaGVpZ2h0PSIxIiB4bWxucz0iaHR0cDovL3d3dy53My5vcmcvMjAwMC9zdmciPjwvc3ZnPg==\" style=\"--smush-placeholder-width: 300px; --smush-placeholder-aspect-ratio: 300\/200;\" \/><\/a>\n\t\t\t<\/dt>\n\t\t\t\t<dd class='wp-caption-text gallery-caption' id='gallery-1-1531'>\n\t\t\t\tGro\u00dfe Jubil\u00e4umsparty in der Innenstadt mit vielen G\u00e4sten und Attraktionen\n\t\t\t\t<\/dd><\/dl><br style=\"clear: both\" \/><dl class='gallery-item'>\n\t\t\t<dt class='gallery-icon landscape'>\n\t\t\t\t<a href='https:\/\/kfv-mol.de\/Wordpress\/Artikel\/foerderschild-und-defibrillator-uebergeben\/50-jahre-jugendfeuerwehr-bad-freienwalde-6\/'><img decoding=\"async\" width=\"300\" height=\"200\" data-src=\"https:\/\/kfv-mol.de\/Wordpress\/wp-content\/uploads\/2015\/05\/MGL4169-300x200.jpg\" class=\"attachment-medium size-medium lazyload\" alt=\"\" aria-describedby=\"gallery-1-1533\" data-srcset=\"https:\/\/kfv-mol.de\/Wordpress\/wp-content\/uploads\/2015\/05\/MGL4169-300x200.jpg 300w, https:\/\/kfv-mol.de\/Wordpress\/wp-content\/uploads\/2015\/05\/MGL4169.jpg 630w\" data-sizes=\"(max-width: 300px) 100vw, 300px\" src=\"data:image\/svg+xml;base64,PHN2ZyB3aWR0aD0iMSIgaGVpZ2h0PSIxIiB4bWxucz0iaHR0cDovL3d3dy53My5vcmcvMjAwMC9zdmciPjwvc3ZnPg==\" style=\"--smush-placeholder-width: 300px; --smush-placeholder-aspect-ratio: 300\/200;\" \/><\/a>\n\t\t\t<\/dt>\n\t\t\t\t<dd class='wp-caption-text gallery-caption' id='gallery-1-1533'>\n\t\t\t\tGro\u00dfe Jubil\u00e4umsparty in der Innenstadt mit vielen G\u00e4sten und Attraktionen\n\t\t\t\t<\/dd><\/dl><dl class='gallery-item'>\n\t\t\t<dt class='gallery-icon landscape'>\n\t\t\t\t<a href='https:\/\/kfv-mol.de\/Wordpress\/Artikel\/foerderschild-und-defibrillator-uebergeben\/50-jahre-jugendfeuerwehr-bad-freienwalde-7\/'><img decoding=\"async\" width=\"300\" height=\"200\" data-src=\"https:\/\/kfv-mol.de\/Wordpress\/wp-content\/uploads\/2015\/05\/MGL4182-300x200.jpg\" class=\"attachment-medium size-medium lazyload\" alt=\"\" aria-describedby=\"gallery-1-1534\" data-srcset=\"https:\/\/kfv-mol.de\/Wordpress\/wp-content\/uploads\/2015\/05\/MGL4182-300x200.jpg 300w, https:\/\/kfv-mol.de\/Wordpress\/wp-content\/uploads\/2015\/05\/MGL4182.jpg 630w\" data-sizes=\"(max-width: 300px) 100vw, 300px\" src=\"data:image\/svg+xml;base64,PHN2ZyB3aWR0aD0iMSIgaGVpZ2h0PSIxIiB4bWxucz0iaHR0cDovL3d3dy53My5vcmcvMjAwMC9zdmciPjwvc3ZnPg==\" style=\"--smush-placeholder-width: 300px; --smush-placeholder-aspect-ratio: 300\/200;\" \/><\/a>\n\t\t\t<\/dt>\n\t\t\t\t<dd class='wp-caption-text gallery-caption' id='gallery-1-1534'>\n\t\t\t\tGro\u00dfe Jubil\u00e4umsparty in der Innenstadt mit vielen G\u00e4sten und Attraktionen\n\t\t\t\t<\/dd><\/dl>\n\t\t\t<br style='clear: both' \/>\n\t\t<\/div>\n\n","protected":false},"excerpt":{"rendered":"<p>Anl\u00e4\u00dflich des wundersch\u00f6nen Festes der Freiwilligen Feuerwehr Bad Freienwalde zum 50. Geburtstag ihrer Jugendfeuerwehr am 09. Mai 2015 haben der Vizepr\u00e4sident des Landesfeuerwehrverbandes Bernd Falkenthal und der Vorsitzende des Kreisfeuerwehrverbandes Hans-Dieter Kandzia dem Gesch\u00e4ftsf\u00fchrer der Hoch- und Tiefbau Neureetz GmbH Alexander Schmidt, der auch Vorsitzender des F\u00f6rdervereins\u00a0 und Zugf\u00fchrer der FF Bad Freienwalde ist, das [&hellip;]<\/p>\n","protected":false},"author":3,"featured_media":1528,"comment_status":"closed","ping_status":"closed","sticky":false,"template":"","format":"standard","meta":{"footnotes":""},"categories":[1],"tags":[],"class_list":["post-1527","post","type-post","status-publish","format-standard","has-post-thumbnail","hentry","category-sonstige"],"_links":{"self":[{"href":"https:\/\/kfv-mol.de\/Wordpress\/wp-json\/wp\/v2\/posts\/1527","targetHints":{"allow":["GET"]}}],"collection":[{"href":"https:\/\/kfv-mol.de\/Wordpress\/wp-json\/wp\/v2\/posts"}],"about":[{"href":"https:\/\/kfv-mol.de\/Wordpress\/wp-json\/wp\/v2\/types\/post"}],"author":[{"embeddable":true,"href":"https:\/\/kfv-mol.de\/Wordpress\/wp-json\/wp\/v2\/users\/3"}],"replies":[{"embeddable":true,"href":"https:\/\/kfv-mol.de\/Wordpress\/wp-json\/wp\/v2\/comments?post=1527"}],"version-history":[{"count":0,"href":"https:\/\/kfv-mol.de\/Wordpress\/wp-json\/wp\/v2\/posts\/1527\/revisions"}],"wp:featuredmedia":[{"embeddable":true,"href":"https:\/\/kfv-mol.de\/Wordpress\/wp-json\/wp\/v2\/media\/1528"}],"wp:attachment":[{"href":"https:\/\/kfv-mol.de\/Wordpress\/wp-json\/wp\/v2\/media?parent=1527"}],"wp:term":[{"taxonomy":"category","embeddable":true,"href":"https:\/\/kfv-mol.de\/Wordpress\/wp-json\/wp\/v2\/categories?post=1527"},{"taxonomy":"post_tag","embeddable":true,"href":"https:\/\/kfv-mol.de\/Wordpress\/wp-json\/wp\/v2\/tags?post=1527"}],"curies":[{"name":"wp","href":"https:\/\/api.w.org\/{rel}","templated":true}]}}