{"id":1517,"date":"2015-04-21T09:13:07","date_gmt":"2015-04-21T08:13:07","guid":{"rendered":"http:\/\/www.kfv-mol.de\/Wordpress\/?p=1517"},"modified":"2015-04-21T09:13:07","modified_gmt":"2015-04-21T08:13:07","slug":"foerderschild-partner-der-feuerwehr-an-leg-hermersdorf-stadt-muencheberg-uebergeben","status":"publish","type":"post","link":"https:\/\/kfv-mol.de\/Wordpress\/Artikel\/foerderschild-partner-der-feuerwehr-an-leg-hermersdorf-stadt-muencheberg-uebergeben\/","title":{"rendered":"F\u00f6rderschild &#8222;Partner der Feuerwehr&#8220; an LEG Hermersdorf ( Stadt M\u00fcncheberg ) \u00fcbergeben"},"content":{"rendered":"<p>Zum Jahresempfang der B\u00fcrgermeisterin der Stadt M\u00fcncheberg am 16. April 2015 in der Stadtpfarrkirche &#8222;St. Marien&#8220; wurde der Landwirtschaftsbetrieb LEG Hermersdorf mit dem F\u00f6rderschild &#8222;Partner der Feuerwehr&#8220; ausgezeichnet.<\/p>\n<p>Die vom Pr\u00e4sidenten des LFV und vom Innenminister unterzeichnete Urkunde und das Schild wurden von Vizepr\u00e4sident Bernd Falkenthal und von Branddirektor Heinz Rudolph an den Firmeninhaber Gerhard Jeuthner \u00fcbergeben.<\/p>\n<p>Der Betrieb wurde f\u00fcr seine langj\u00e4hrige uneigenn\u00fctzige Unterst\u00fctzung der Ortsfeuerwehr Hermersdorf, Besch\u00e4ftigung von Angeh\u00f6rigen der Freiwilligen Feuerwehr und die unkomplizierte Freistellung von Mitarbeitern zum Feuerwehrdienst bei Eins\u00e4tzen und Ausbildungen geehrt. Er ist im Landkreis M\u00e4rkisch-Oderland in diesem Jahr bereits das Zweite so ausgezeichnete Unternehmen.<\/p>\n","protected":false},"excerpt":{"rendered":"<p>Zum Jahresempfang der B\u00fcrgermeisterin der Stadt M\u00fcncheberg am 16. April 2015 in der Stadtpfarrkirche &#8222;St. Marien&#8220; wurde der Landwirtschaftsbetrieb LEG Hermersdorf mit dem F\u00f6rderschild &#8222;Partner der Feuerwehr&#8220; ausgezeichnet. Die vom Pr\u00e4sidenten des LFV und vom Innenminister unterzeichnete Urkunde und das Schild wurden von Vizepr\u00e4sident Bernd Falkenthal und von Branddirektor Heinz Rudolph an den Firmeninhaber Gerhard [&hellip;]<\/p>\n","protected":false},"author":3,"featured_media":1518,"comment_status":"closed","ping_status":"closed","sticky":false,"template":"","format":"standard","meta":{"footnotes":""},"categories":[1],"tags":[],"class_list":["post-1517","post","type-post","status-publish","format-standard","has-post-thumbnail","hentry","category-sonstige"],"_links":{"self":[{"href":"https:\/\/kfv-mol.de\/Wordpress\/wp-json\/wp\/v2\/posts\/1517","targetHints":{"allow":["GET"]}}],"collection":[{"href":"https:\/\/kfv-mol.de\/Wordpress\/wp-json\/wp\/v2\/posts"}],"about":[{"href":"https:\/\/kfv-mol.de\/Wordpress\/wp-json\/wp\/v2\/types\/post"}],"author":[{"embeddable":true,"href":"https:\/\/kfv-mol.de\/Wordpress\/wp-json\/wp\/v2\/users\/3"}],"replies":[{"embeddable":true,"href":"https:\/\/kfv-mol.de\/Wordpress\/wp-json\/wp\/v2\/comments?post=1517"}],"version-history":[{"count":0,"href":"https:\/\/kfv-mol.de\/Wordpress\/wp-json\/wp\/v2\/posts\/1517\/revisions"}],"wp:featuredmedia":[{"embeddable":true,"href":"https:\/\/kfv-mol.de\/Wordpress\/wp-json\/wp\/v2\/media\/1518"}],"wp:attachment":[{"href":"https:\/\/kfv-mol.de\/Wordpress\/wp-json\/wp\/v2\/media?parent=1517"}],"wp:term":[{"taxonomy":"category","embeddable":true,"href":"https:\/\/kfv-mol.de\/Wordpress\/wp-json\/wp\/v2\/categories?post=1517"},{"taxonomy":"post_tag","embeddable":true,"href":"https:\/\/kfv-mol.de\/Wordpress\/wp-json\/wp\/v2\/tags?post=1517"}],"curies":[{"name":"wp","href":"https:\/\/api.w.org\/{rel}","templated":true}]}}