{"id":1513,"date":"2015-04-18T15:19:49","date_gmt":"2015-04-18T14:19:49","guid":{"rendered":"http:\/\/www.kfv-mol.de\/Wordpress\/?p=1513"},"modified":"2015-04-18T15:21:36","modified_gmt":"2015-04-18T14:21:36","slug":"hauptausschuss-des-kreisfeuerwehrverbandes-maerkisch-oderland-tagte-am-18-04-15-in-sachsendorf-amt-seelow-land","status":"publish","type":"post","link":"https:\/\/kfv-mol.de\/Wordpress\/Artikel\/hauptausschuss-des-kreisfeuerwehrverbandes-maerkisch-oderland-tagte-am-18-04-15-in-sachsendorf-amt-seelow-land\/","title":{"rendered":"Hauptausschuss des Kreisfeuerwehrverbandes M\u00e4rkisch-Oderland tagte am 18.04.2015 in Sachsendorf (Amt Seelow &#8211; Land)"},"content":{"rendered":"<p>Der Hauptausschuss des Kreisfeuerwehrverbandes MOL besteht aus dem Vorstand, den Fachausschussleitern und benannten Vertretern der Freiwilligen Feuerwehren der 19 \u00c4mter, amtsfreien St\u00e4dte und Gemeinden. Er tritt in der Regel einmal im Jahr zusammen, um den Bericht des Vorstandes entgegenzunehmen, die Haushaltsrechnung des Vorjahres und den Haushaltsplan des laufenden Jahres zu best\u00e4tigen und andere wichtige Beschl\u00fcsse zwischen den Delegiertenversammlungen zu fassen.<\/p>\n<p>Die diesj\u00e4hrige Hauptausschusstagung fand am Sonnabend, dem 18.04.15 im Saal des B\u00fcrgerhauses in Sachsendorf statt.<\/p>\n<p>Als G\u00e4ste konnten<\/p>\n<ul>\n<li>der Beigeordnete des Landrates Herr Rainer Schinkel,<\/li>\n<li>die Direktorin des Amtes Seelow-Land Frau Roswitha Thiede und<\/li>\n<li>der Vorstandsvorsitzende der Sparkasse M\u00e4rkisch-Oderland Herr Uwe Schumacher<\/li>\n<\/ul>\n<p>herzlich begr\u00fc\u00dft werden.<\/p>\n<p>Den Bericht des Vorstandes trug der Vorsitzende Hans-Dieter Kandzia vor. Darin w\u00fcrdigte er die Leistungen der ehrenamtlichen Feuerwehrleute und berichtete ausf\u00fchrlich \u00fcber die Verbandsaktivit\u00e4ten. \u00dcber die Arbeit der Jugendfeuerwehren im Kreis berichtete der bisherige Kreisjugendfeuerwehrwart Martin Zohles.<\/p>\n<p>Die G\u00e4ste bedankten sich in ihren Gru\u00dfworten bei allen Feuerwehren des Landkreises f\u00fcr ihre st\u00e4ndige Einsatzbereitschaft, u.a. f\u00fcr die 1.791 Eins\u00e4tze im Jahr 2014und versicherten ihre bestm\u00f6gliche Unterst\u00fctzung.<\/p>\n<p>Der Vorstandsvorsitzende der Sparkasse MOL, Herr Uwe Schumacher \u00fcberreichte dem Verbandsvorsitzenden symbolisch im Sparschwein eine finanzielle Unterst\u00fctzung f\u00fcr die Verbandsarbeit.<\/p>\n<p>Die Haushaltsrechnung 2014 und der Haushaltsplan 2015 wurden einstimmig best\u00e4tigt.<\/p>\n<p>Kamerad Martin Zohles wurde f\u00fcr seine erfolgreiche T\u00e4tigkeit als Kreisjugendfeuerwehrwart mit der Ehrennadel des KFV in Gold ausgezeichnet.<br \/>\nMit dem Ehrenzeichen des KFV wurde der Verantwortliche der Alters- und Ehrenabteilung in Seelow-Land, Kamerad Peter Wichmann geehrt.<\/p>\n","protected":false},"excerpt":{"rendered":"<p>Der Hauptausschuss des Kreisfeuerwehrverbandes MOL besteht aus dem Vorstand, den Fachausschussleitern und benannten Vertretern der Freiwilligen Feuerwehren der 19 \u00c4mter, amtsfreien St\u00e4dte und Gemeinden. Er tritt in der Regel einmal im Jahr zusammen, um den Bericht des Vorstandes entgegenzunehmen, die Haushaltsrechnung des Vorjahres und den Haushaltsplan des laufenden Jahres zu best\u00e4tigen und andere wichtige Beschl\u00fcsse [&hellip;]<\/p>\n","protected":false},"author":3,"featured_media":1514,"comment_status":"closed","ping_status":"closed","sticky":false,"template":"","format":"standard","meta":{"footnotes":""},"categories":[1],"tags":[],"class_list":["post-1513","post","type-post","status-publish","format-standard","has-post-thumbnail","hentry","category-sonstige"],"_links":{"self":[{"href":"https:\/\/kfv-mol.de\/Wordpress\/wp-json\/wp\/v2\/posts\/1513","targetHints":{"allow":["GET"]}}],"collection":[{"href":"https:\/\/kfv-mol.de\/Wordpress\/wp-json\/wp\/v2\/posts"}],"about":[{"href":"https:\/\/kfv-mol.de\/Wordpress\/wp-json\/wp\/v2\/types\/post"}],"author":[{"embeddable":true,"href":"https:\/\/kfv-mol.de\/Wordpress\/wp-json\/wp\/v2\/users\/3"}],"replies":[{"embeddable":true,"href":"https:\/\/kfv-mol.de\/Wordpress\/wp-json\/wp\/v2\/comments?post=1513"}],"version-history":[{"count":0,"href":"https:\/\/kfv-mol.de\/Wordpress\/wp-json\/wp\/v2\/posts\/1513\/revisions"}],"wp:featuredmedia":[{"embeddable":true,"href":"https:\/\/kfv-mol.de\/Wordpress\/wp-json\/wp\/v2\/media\/1514"}],"wp:attachment":[{"href":"https:\/\/kfv-mol.de\/Wordpress\/wp-json\/wp\/v2\/media?parent=1513"}],"wp:term":[{"taxonomy":"category","embeddable":true,"href":"https:\/\/kfv-mol.de\/Wordpress\/wp-json\/wp\/v2\/categories?post=1513"},{"taxonomy":"post_tag","embeddable":true,"href":"https:\/\/kfv-mol.de\/Wordpress\/wp-json\/wp\/v2\/tags?post=1513"}],"curies":[{"name":"wp","href":"https:\/\/api.w.org\/{rel}","templated":true}]}}