{"id":1501,"date":"2015-02-25T10:24:10","date_gmt":"2015-02-25T09:24:10","guid":{"rendered":"http:\/\/www.kfv-mol.de\/Wordpress\/?p=1501"},"modified":"2015-02-25T10:24:10","modified_gmt":"2015-02-25T09:24:10","slug":"partner-der-feuerwehr","status":"publish","type":"post","link":"https:\/\/kfv-mol.de\/Wordpress\/Artikel\/partner-der-feuerwehr\/","title":{"rendered":"Partner der Feuerwehr"},"content":{"rendered":"<p>172 M\u00e4nner, Frauen und Kinder haben sich in den drei Ortsfeuerwehren von R\u00fcdersdorf, Hennickendorf und Herzfelde dem Schutz von Leib und Leben verschrieben. Vier von ihnen arbeiten in der Herzfelder Firma Priebe &amp; Werk GbR. Die beiden Gesch\u00e4ftsf\u00fchrer waren nicht von ungef\u00e4hr zur Jahreshauptversammlung am 21.02.15 eingeladen worden. Denn Frank Priebe und Thomas Werk halten es f\u00fcr selbstverst\u00e4ndlich, dass ihre Mitarbeiter, wenn sie w\u00e4hrend der Arbeitszeit zu Eins\u00e4tzen ausr\u00fccken m\u00fcssen, dies auch tun. &#8222;Es kann doch jeden treffen. Wir halten solch ein Denken f\u00fcr selbstverst\u00e4ndlich&#8220;, sagte Frank Priebe. Die beiden wurden mit dem Schild &#8222;Partner der Feuerwehr&#8220; und einer Urkunde ausgezeichnet, die vom Innenminister und dem Pr\u00e4sidenten des LFV unterzeichnet worden war. Im Herzfelder Unternehmen, einem Servicebetrieb f\u00fcr Unimog-Fahrzeuge arbeiten insgesamt sieben Schlosser und zwei Azubi.<\/p>\n<p>Die Urkunde und das Schild wurde pers\u00f6nlich vom Pr\u00e4sidenten des LFV, Werner -Siegwart Schippel \u00fcberreicht. Auch der Vorsitzende des KFV, Hans-Dieter Kandzia war zugegen.<\/p>\n<p><a href=\"https:\/\/kfv-mol.de\/Wordpress\/wp-content\/uploads\/2015\/02\/1d66ed9306.jpg\"><img decoding=\"async\" class=\"aligncenter size-full wp-image-1502 lazyload\" data-src=\"https:\/\/kfv-mol.de\/Wordpress\/wp-content\/uploads\/2015\/02\/1d66ed9306.jpg\" alt=\"1d66ed9306\" width=\"630\" height=\"420\" data-srcset=\"https:\/\/kfv-mol.de\/Wordpress\/wp-content\/uploads\/2015\/02\/1d66ed9306.jpg 630w, https:\/\/kfv-mol.de\/Wordpress\/wp-content\/uploads\/2015\/02\/1d66ed9306-300x200.jpg 300w\" data-sizes=\"(max-width: 630px) 100vw, 630px\" src=\"data:image\/svg+xml;base64,PHN2ZyB3aWR0aD0iMSIgaGVpZ2h0PSIxIiB4bWxucz0iaHR0cDovL3d3dy53My5vcmcvMjAwMC9zdmciPjwvc3ZnPg==\" style=\"--smush-placeholder-width: 630px; --smush-placeholder-aspect-ratio: 630\/420;\" \/><\/a> <a href=\"https:\/\/kfv-mol.de\/Wordpress\/wp-content\/uploads\/2015\/02\/team.jpg\"><img decoding=\"async\" class=\"aligncenter size-full wp-image-1503 lazyload\" data-src=\"https:\/\/kfv-mol.de\/Wordpress\/wp-content\/uploads\/2015\/02\/team.jpg\" alt=\"team\" width=\"590\" height=\"652\" data-srcset=\"https:\/\/kfv-mol.de\/Wordpress\/wp-content\/uploads\/2015\/02\/team.jpg 590w, https:\/\/kfv-mol.de\/Wordpress\/wp-content\/uploads\/2015\/02\/team-271x300.jpg 271w\" data-sizes=\"(max-width: 590px) 100vw, 590px\" src=\"data:image\/svg+xml;base64,PHN2ZyB3aWR0aD0iMSIgaGVpZ2h0PSIxIiB4bWxucz0iaHR0cDovL3d3dy53My5vcmcvMjAwMC9zdmciPjwvc3ZnPg==\" style=\"--smush-placeholder-width: 590px; --smush-placeholder-aspect-ratio: 590\/652;\" \/><\/a><\/p>\n","protected":false},"excerpt":{"rendered":"<p>172 M\u00e4nner, Frauen und Kinder haben sich in den drei Ortsfeuerwehren von R\u00fcdersdorf, Hennickendorf und Herzfelde dem Schutz von Leib und Leben verschrieben. Vier von ihnen arbeiten in der Herzfelder Firma Priebe &amp; Werk GbR. Die beiden Gesch\u00e4ftsf\u00fchrer waren nicht von ungef\u00e4hr zur Jahreshauptversammlung am 21.02.15 eingeladen worden. Denn Frank Priebe und Thomas Werk halten [&hellip;]<\/p>\n","protected":false},"author":3,"featured_media":1504,"comment_status":"closed","ping_status":"closed","sticky":false,"template":"","format":"standard","meta":{"footnotes":""},"categories":[1],"tags":[],"class_list":["post-1501","post","type-post","status-publish","format-standard","has-post-thumbnail","hentry","category-sonstige"],"_links":{"self":[{"href":"https:\/\/kfv-mol.de\/Wordpress\/wp-json\/wp\/v2\/posts\/1501","targetHints":{"allow":["GET"]}}],"collection":[{"href":"https:\/\/kfv-mol.de\/Wordpress\/wp-json\/wp\/v2\/posts"}],"about":[{"href":"https:\/\/kfv-mol.de\/Wordpress\/wp-json\/wp\/v2\/types\/post"}],"author":[{"embeddable":true,"href":"https:\/\/kfv-mol.de\/Wordpress\/wp-json\/wp\/v2\/users\/3"}],"replies":[{"embeddable":true,"href":"https:\/\/kfv-mol.de\/Wordpress\/wp-json\/wp\/v2\/comments?post=1501"}],"version-history":[{"count":0,"href":"https:\/\/kfv-mol.de\/Wordpress\/wp-json\/wp\/v2\/posts\/1501\/revisions"}],"wp:featuredmedia":[{"embeddable":true,"href":"https:\/\/kfv-mol.de\/Wordpress\/wp-json\/wp\/v2\/media\/1504"}],"wp:attachment":[{"href":"https:\/\/kfv-mol.de\/Wordpress\/wp-json\/wp\/v2\/media?parent=1501"}],"wp:term":[{"taxonomy":"category","embeddable":true,"href":"https:\/\/kfv-mol.de\/Wordpress\/wp-json\/wp\/v2\/categories?post=1501"},{"taxonomy":"post_tag","embeddable":true,"href":"https:\/\/kfv-mol.de\/Wordpress\/wp-json\/wp\/v2\/tags?post=1501"}],"curies":[{"name":"wp","href":"https:\/\/api.w.org\/{rel}","templated":true}]}}