{"id":135,"date":"2011-03-21T20:12:17","date_gmt":"2011-03-21T19:12:17","guid":{"rendered":"http:\/\/www.kfv-mol.de\/Wordpress\/?p=135"},"modified":"2011-03-21T20:12:17","modified_gmt":"2011-03-21T19:12:17","slug":"8-seelower-nachtpokallauf-im-loschangriff","status":"publish","type":"post","link":"https:\/\/kfv-mol.de\/Wordpress\/Artikel\/8-seelower-nachtpokallauf-im-loschangriff\/","title":{"rendered":"8. Seelower Nachtpokallauf im L\u00f6schangriff"},"content":{"rendered":"<p>Endlich ist es wieder soweit. Am 29.04.2011 (Freitag !) findet der 8. Seelower Nachtpokallauf statt. Der Wettkampf ist Bestandteil des Seelower Maifestes. Wir erwarten wieder \u00fcber 40 Mannschaften (aus den benachbarten Landkreisen, aus McPom und dem benachbarten Polen) und \u00fcber 1000 Zuschauer!!!  W\u00e4hrend der Veranstaltung ist Party oberhalb des Stadions und zur Siegerehrung auf der Hauptb\u00fchne gibt es eine \u00dcberraschung. N\u00e4here Informationen und das Anmeldeformular findet Ihr unter feuerwehrseelow.de.<\/p>\n<p>Leitet die Information bitte an die Feuerwehr-Wettkampfmannschaften weiter.<\/p>\n<p>Einladung und Ausschreibung:<br \/>\n<a href='https:\/\/kfv-mol.de\/Wordpress\/wp-content\/uploads\/2011\/03\/Einladung-NP-2011.pdf'>Einladung NP 2011<\/a><br \/>\n<a href='https:\/\/kfv-mol.de\/Wordpress\/wp-content\/uploads\/2011\/03\/Wettkampfordnung.pdf'>Wettkampfordnung<\/a><\/p>\n<p>Wir freuen uns auf Eure Teilnahme.<\/p>\n<p>Also- auf zum 8. Nachtpokallauf ins Seelower Oderbuchstadion.<\/p>\n","protected":false},"excerpt":{"rendered":"<p>Endlich ist es wieder soweit. Am 29.04.2011 (Freitag !) findet der 8. Seelower Nachtpokallauf statt. Der Wettkampf ist Bestandteil des Seelower Maifestes. Wir erwarten wieder \u00fcber 40 Mannschaften (aus den benachbarten Landkreisen, aus McPom und dem benachbarten Polen) und \u00fcber 1000 Zuschauer!!! W\u00e4hrend der Veranstaltung ist Party oberhalb des Stadions und zur Siegerehrung auf der [&hellip;]<\/p>\n","protected":false},"author":1,"featured_media":0,"comment_status":"closed","ping_status":"closed","sticky":false,"template":"","format":"standard","meta":{"footnotes":""},"categories":[4,5],"tags":[],"class_list":["post-135","post","type-post","status-publish","format-standard","hentry","category-kreisfeuerwehrverband","category-kreisjugendfeuerwehr"],"_links":{"self":[{"href":"https:\/\/kfv-mol.de\/Wordpress\/wp-json\/wp\/v2\/posts\/135","targetHints":{"allow":["GET"]}}],"collection":[{"href":"https:\/\/kfv-mol.de\/Wordpress\/wp-json\/wp\/v2\/posts"}],"about":[{"href":"https:\/\/kfv-mol.de\/Wordpress\/wp-json\/wp\/v2\/types\/post"}],"author":[{"embeddable":true,"href":"https:\/\/kfv-mol.de\/Wordpress\/wp-json\/wp\/v2\/users\/1"}],"replies":[{"embeddable":true,"href":"https:\/\/kfv-mol.de\/Wordpress\/wp-json\/wp\/v2\/comments?post=135"}],"version-history":[{"count":0,"href":"https:\/\/kfv-mol.de\/Wordpress\/wp-json\/wp\/v2\/posts\/135\/revisions"}],"wp:attachment":[{"href":"https:\/\/kfv-mol.de\/Wordpress\/wp-json\/wp\/v2\/media?parent=135"}],"wp:term":[{"taxonomy":"category","embeddable":true,"href":"https:\/\/kfv-mol.de\/Wordpress\/wp-json\/wp\/v2\/categories?post=135"},{"taxonomy":"post_tag","embeddable":true,"href":"https:\/\/kfv-mol.de\/Wordpress\/wp-json\/wp\/v2\/tags?post=135"}],"curies":[{"name":"wp","href":"https:\/\/api.w.org\/{rel}","templated":true}]}}