{"id":1327,"date":"2014-03-19T12:14:12","date_gmt":"2014-03-19T11:14:12","guid":{"rendered":"http:\/\/www.kfv-mol.de\/Wordpress\/?p=1327"},"modified":"2014-03-19T12:14:12","modified_gmt":"2014-03-19T11:14:12","slug":"delegiertenversammlung-am-12-04-2014-mit-vorstandswahl","status":"publish","type":"post","link":"https:\/\/kfv-mol.de\/Wordpress\/Artikel\/delegiertenversammlung-am-12-04-2014-mit-vorstandswahl\/","title":{"rendered":"Delegiertenversammlung am 12.04.2014 mit Vorstandswahl"},"content":{"rendered":"<p>Am Sonnabend, dem 12.04.2014 findet ab 10.00 Uhr im Ger\u00e4tehaus der FF Strausberg die n\u00e4chste Delegiertenversammlung des KFV M\u00e4rkisch-Oderland statt. Neben der Rechenschaftslegung des alten Vorstandes wird u.a. der Haushaltsplan 2014 beschlossen und der Vorstand f\u00fcr die n\u00e4chsten 4 Jahre neu gew\u00e4hlt.<\/p>\n<p>Bis jetzt kandidieren daf\u00fcr:<\/p>\n<p>&nbsp;<\/p>\n<ul>\n<li>J\u00fcrgen Feist, FF Neuenhagen<\/li>\n<li>Frank G\u00fcnzler, FF Petershagen\/Eggersdorf<\/li>\n<li>Hans-Dieter Kandzia, FF Petershagen\/Eggersdorf<\/li>\n<li>Eberhard Patschke, FF Vogelsdorf<\/li>\n<li>Gudrun P\u00fcschel, FF Rehfelde<\/li>\n<li>Andreas Zwick, FF Genschmar<\/li>\n<\/ul>\n<p><strong>Zur besseren Vertretung aller Regionen wird noch ein Vorstandsmitglied aus dem Altkreis Bad Freienwalde gesucht!!!<\/strong><\/p>\n<p>Eingeladen sind alle bisherigen Vorstandsmitglieder, Fachausschussleiter, benannte Hauptausschussmitglieder und von den Feuerwehren zu benennende Delegierte. Die Stadt-, Gemeinde- und Amtswehrf\u00fchrer haben die entsprechenden Einladungen erhalten. Bitte fragt bei Bedarf dazu bei ihnen nach, wenn ihr teilnehmen wollt.<\/p>\n","protected":false},"excerpt":{"rendered":"<p>Am Sonnabend, dem 12.04.2014 findet ab 10.00 Uhr im Ger\u00e4tehaus der FF Strausberg die n\u00e4chste Delegiertenversammlung des KFV M\u00e4rkisch-Oderland statt. Neben der Rechenschaftslegung des alten Vorstandes wird u.a. der Haushaltsplan 2014 beschlossen und der Vorstand f\u00fcr die n\u00e4chsten 4 Jahre neu gew\u00e4hlt. Bis jetzt kandidieren daf\u00fcr: &nbsp; J\u00fcrgen Feist, FF Neuenhagen Frank G\u00fcnzler, FF Petershagen\/Eggersdorf [&hellip;]<\/p>\n","protected":false},"author":3,"featured_media":1328,"comment_status":"closed","ping_status":"closed","sticky":false,"template":"","format":"standard","meta":{"footnotes":""},"categories":[1],"tags":[],"class_list":["post-1327","post","type-post","status-publish","format-standard","has-post-thumbnail","hentry","category-sonstige"],"_links":{"self":[{"href":"https:\/\/kfv-mol.de\/Wordpress\/wp-json\/wp\/v2\/posts\/1327","targetHints":{"allow":["GET"]}}],"collection":[{"href":"https:\/\/kfv-mol.de\/Wordpress\/wp-json\/wp\/v2\/posts"}],"about":[{"href":"https:\/\/kfv-mol.de\/Wordpress\/wp-json\/wp\/v2\/types\/post"}],"author":[{"embeddable":true,"href":"https:\/\/kfv-mol.de\/Wordpress\/wp-json\/wp\/v2\/users\/3"}],"replies":[{"embeddable":true,"href":"https:\/\/kfv-mol.de\/Wordpress\/wp-json\/wp\/v2\/comments?post=1327"}],"version-history":[{"count":0,"href":"https:\/\/kfv-mol.de\/Wordpress\/wp-json\/wp\/v2\/posts\/1327\/revisions"}],"wp:featuredmedia":[{"embeddable":true,"href":"https:\/\/kfv-mol.de\/Wordpress\/wp-json\/wp\/v2\/media\/1328"}],"wp:attachment":[{"href":"https:\/\/kfv-mol.de\/Wordpress\/wp-json\/wp\/v2\/media?parent=1327"}],"wp:term":[{"taxonomy":"category","embeddable":true,"href":"https:\/\/kfv-mol.de\/Wordpress\/wp-json\/wp\/v2\/categories?post=1327"},{"taxonomy":"post_tag","embeddable":true,"href":"https:\/\/kfv-mol.de\/Wordpress\/wp-json\/wp\/v2\/tags?post=1327"}],"curies":[{"name":"wp","href":"https:\/\/api.w.org\/{rel}","templated":true}]}}