{"id":1324,"date":"2014-03-10T11:13:35","date_gmt":"2014-03-10T10:13:35","guid":{"rendered":"http:\/\/www.kfv-mol.de\/Wordpress\/?p=1324"},"modified":"2014-03-10T11:13:35","modified_gmt":"2014-03-10T10:13:35","slug":"nachtraegliche-aber-sehr-herzliche-glueckwuensche-zum-frauentag","status":"publish","type":"post","link":"https:\/\/kfv-mol.de\/Wordpress\/Artikel\/nachtraegliche-aber-sehr-herzliche-glueckwuensche-zum-frauentag\/","title":{"rendered":"Nachtr\u00e4gliche aber sehr herzliche Gl\u00fcckw\u00fcnsche zum Frauentag"},"content":{"rendered":"<p><a href=\"https:\/\/kfv-mol.de\/Wordpress\/wp-content\/uploads\/2014\/03\/frauentagfeuerwehr2014.jpg\"><img decoding=\"async\" class=\"aligncenter size-full wp-image-1322 lazyload\" alt=\"frauentagfeuerwehr2014\" data-src=\"https:\/\/kfv-mol.de\/Wordpress\/wp-content\/uploads\/2014\/03\/frauentagfeuerwehr2014.jpg\" width=\"2480\" height=\"2169\" data-srcset=\"https:\/\/kfv-mol.de\/Wordpress\/wp-content\/uploads\/2014\/03\/frauentagfeuerwehr2014.jpg 2480w, https:\/\/kfv-mol.de\/Wordpress\/wp-content\/uploads\/2014\/03\/frauentagfeuerwehr2014-300x262.jpg 300w, https:\/\/kfv-mol.de\/Wordpress\/wp-content\/uploads\/2014\/03\/frauentagfeuerwehr2014-1024x895.jpg 1024w\" data-sizes=\"(max-width: 2480px) 100vw, 2480px\" src=\"data:image\/svg+xml;base64,PHN2ZyB3aWR0aD0iMSIgaGVpZ2h0PSIxIiB4bWxucz0iaHR0cDovL3d3dy53My5vcmcvMjAwMC9zdmciPjwvc3ZnPg==\" style=\"--smush-placeholder-width: 2480px; --smush-placeholder-aspect-ratio: 2480\/2169;\" \/><\/a><\/p>\n","protected":false},"excerpt":{"rendered":"","protected":false},"author":3,"featured_media":0,"comment_status":"closed","ping_status":"closed","sticky":false,"template":"","format":"standard","meta":{"footnotes":""},"categories":[1],"tags":[],"class_list":["post-1324","post","type-post","status-publish","format-standard","hentry","category-sonstige"],"_links":{"self":[{"href":"https:\/\/kfv-mol.de\/Wordpress\/wp-json\/wp\/v2\/posts\/1324","targetHints":{"allow":["GET"]}}],"collection":[{"href":"https:\/\/kfv-mol.de\/Wordpress\/wp-json\/wp\/v2\/posts"}],"about":[{"href":"https:\/\/kfv-mol.de\/Wordpress\/wp-json\/wp\/v2\/types\/post"}],"author":[{"embeddable":true,"href":"https:\/\/kfv-mol.de\/Wordpress\/wp-json\/wp\/v2\/users\/3"}],"replies":[{"embeddable":true,"href":"https:\/\/kfv-mol.de\/Wordpress\/wp-json\/wp\/v2\/comments?post=1324"}],"version-history":[{"count":0,"href":"https:\/\/kfv-mol.de\/Wordpress\/wp-json\/wp\/v2\/posts\/1324\/revisions"}],"wp:attachment":[{"href":"https:\/\/kfv-mol.de\/Wordpress\/wp-json\/wp\/v2\/media?parent=1324"}],"wp:term":[{"taxonomy":"category","embeddable":true,"href":"https:\/\/kfv-mol.de\/Wordpress\/wp-json\/wp\/v2\/categories?post=1324"},{"taxonomy":"post_tag","embeddable":true,"href":"https:\/\/kfv-mol.de\/Wordpress\/wp-json\/wp\/v2\/tags?post=1324"}],"curies":[{"name":"wp","href":"https:\/\/api.w.org\/{rel}","templated":true}]}}