{"id":1315,"date":"2014-03-06T12:53:47","date_gmt":"2014-03-06T11:53:47","guid":{"rendered":"http:\/\/www.kfv-mol.de\/Wordpress\/?p=1315"},"modified":"2014-03-06T12:53:47","modified_gmt":"2014-03-06T11:53:47","slug":"ausschreibung-der-kreismeisterschaften-2014-im-f-sport-ist-da","status":"publish","type":"post","link":"https:\/\/kfv-mol.de\/Wordpress\/Artikel\/ausschreibung-der-kreismeisterschaften-2014-im-f-sport-ist-da\/","title":{"rendered":"Ausschreibung der Kreismeisterschaften 2014 im F-Sport ist da"},"content":{"rendered":"<p>Liebe Feuerwehrsportlerinnen und -sportler, liebe Feuerwehrsportbegeisterte,<\/p>\n<p>endlich k\u00f6nnen wir die Ausschreibung f\u00fcr den kreislichen H\u00f6hepunkt im F-Sport ver\u00f6ffentlichen. Die Kreismeisterschaften finden am 19. Juli 2014 wieder in Bad Freienwalde statt. Das Hakenleitersteigen ist am 05.07. in Buckow.<\/p>\n<p>Herzlichen Dank an alle Beteiligte und viel Erfolg f\u00fcr die Teilnahme.<\/p>\n<p>Hans-Dieter Kandzia, Vorsitzender<\/p>\n<p><a href=\"https:\/\/kfv-mol.de\/Wordpress\/wp-content\/uploads\/2014\/03\/Ausschreibung_KM-2014.doc\">Ausschreibung_KM 2014<\/a><\/p>\n<p>&nbsp;<\/p>\n","protected":false},"excerpt":{"rendered":"<p>Liebe Feuerwehrsportlerinnen und -sportler, liebe Feuerwehrsportbegeisterte, endlich k\u00f6nnen wir die Ausschreibung f\u00fcr den kreislichen H\u00f6hepunkt im F-Sport ver\u00f6ffentlichen. Die Kreismeisterschaften finden am 19. Juli 2014 wieder in Bad Freienwalde statt. Das Hakenleitersteigen ist am 05.07. in Buckow. Herzlichen Dank an alle Beteiligte und viel Erfolg f\u00fcr die Teilnahme. Hans-Dieter Kandzia, Vorsitzender Ausschreibung_KM 2014 &nbsp;<\/p>\n","protected":false},"author":3,"featured_media":1162,"comment_status":"closed","ping_status":"closed","sticky":false,"template":"","format":"standard","meta":{"footnotes":""},"categories":[1],"tags":[],"class_list":["post-1315","post","type-post","status-publish","format-standard","has-post-thumbnail","hentry","category-sonstige"],"_links":{"self":[{"href":"https:\/\/kfv-mol.de\/Wordpress\/wp-json\/wp\/v2\/posts\/1315","targetHints":{"allow":["GET"]}}],"collection":[{"href":"https:\/\/kfv-mol.de\/Wordpress\/wp-json\/wp\/v2\/posts"}],"about":[{"href":"https:\/\/kfv-mol.de\/Wordpress\/wp-json\/wp\/v2\/types\/post"}],"author":[{"embeddable":true,"href":"https:\/\/kfv-mol.de\/Wordpress\/wp-json\/wp\/v2\/users\/3"}],"replies":[{"embeddable":true,"href":"https:\/\/kfv-mol.de\/Wordpress\/wp-json\/wp\/v2\/comments?post=1315"}],"version-history":[{"count":0,"href":"https:\/\/kfv-mol.de\/Wordpress\/wp-json\/wp\/v2\/posts\/1315\/revisions"}],"wp:featuredmedia":[{"embeddable":true,"href":"https:\/\/kfv-mol.de\/Wordpress\/wp-json\/wp\/v2\/media\/1162"}],"wp:attachment":[{"href":"https:\/\/kfv-mol.de\/Wordpress\/wp-json\/wp\/v2\/media?parent=1315"}],"wp:term":[{"taxonomy":"category","embeddable":true,"href":"https:\/\/kfv-mol.de\/Wordpress\/wp-json\/wp\/v2\/categories?post=1315"},{"taxonomy":"post_tag","embeddable":true,"href":"https:\/\/kfv-mol.de\/Wordpress\/wp-json\/wp\/v2\/tags?post=1315"}],"curies":[{"name":"wp","href":"https:\/\/api.w.org\/{rel}","templated":true}]}}