{"id":1306,"date":"2014-01-28T10:28:49","date_gmt":"2014-01-28T09:28:49","guid":{"rendered":"http:\/\/www.kfv-mol.de\/Wordpress\/?p=1306"},"modified":"2014-01-28T10:28:49","modified_gmt":"2014-01-28T09:28:49","slug":"feuerwehr-ehrenkreuze-an-verdiente-kameraden-ueberreicht","status":"publish","type":"post","link":"https:\/\/kfv-mol.de\/Wordpress\/Artikel\/feuerwehr-ehrenkreuze-an-verdiente-kameraden-ueberreicht\/","title":{"rendered":"Feuerwehr &#8211; Ehrenkreuze an verdiente Kameraden \u00fcberreicht"},"content":{"rendered":"<div><span style=\"font-family: Arial;font-size: small\">Die erste Ortswehrf\u00fchrertagung des Amtes Seelow-Land nutzte der Vorsitzende des Kreisfeuerwehrverbandes M\u00e4rkisch-Oderland Hans-Dieter Kandzia, um den bisherigen Amtswehrf\u00fchrer Uwe Sch\u00fcler das Feuerwehr-Ehrenkreuz des Landesfeuerwehrverbandes Brandenburg zu \u00fcberreichen.<\/span><\/div>\n<div><span style=\"font-family: Arial;font-size: small\">Kamerad Uwe Sch\u00fcler musste nach 10 Jahren aus beruflichen Ver\u00e4nderungsgr\u00fcnden seine Funktion niederlegen, die er zum Nutzen des Brand- und Katastrophenschutzes im Amt vorbildlich ausf\u00fcllte. Als Ortswehrf\u00fchrer in Sachsendorf wird er den neuen Amtswehrf\u00fchrer Sven M\u00fcller mit seinen Erfahrungen unterst\u00fctzen.<\/span><\/div>\n<div><\/div>\n<div><span style=\"font-family: Arial;font-size: small\">Punktgenau nach 60 Dienstjahren in der Freiwilligen Feuerwehr konnte der Kreisfeuerwehrverbandsvorsitzende zum Neujahrsempfang der Gemeinde Letschin dem Ehrengemeindewehrf\u00fchrer Helmut Schraube ebenfalls das Feuerwehr-Ehrenkreuz des Landesfeuerwehrverbandes \u00fcberreichen.<\/span><\/div>\n<div><span style=\"font-family: Arial;font-size: small\">Kam. Helmut Schraube war langj\u00e4hriger Wirkungsbereichsleiter, Amts- und Gemeindewehrf\u00fchrer und ist noch heute als Organisator der Alters- und Ehrenabteilung aktiv.<\/span><\/div>\n<div><a href=\"https:\/\/kfv-mol.de\/Wordpress\/wp-content\/uploads\/2014\/01\/Kam.-Uwe-Sch\u00fcler.jpg\"><img decoding=\"async\" class=\"aligncenter size-medium wp-image-1308 lazyload\" alt=\"Kam. Uwe Sch\u00fcler\" data-src=\"https:\/\/kfv-mol.de\/Wordpress\/wp-content\/uploads\/2014\/01\/Kam.-Uwe-Sch\u00fcler-300x223.jpg\" width=\"300\" height=\"223\" data-srcset=\"https:\/\/kfv-mol.de\/Wordpress\/wp-content\/uploads\/2014\/01\/Kam.-Uwe-Sch\u00fcler-300x223.jpg 300w, https:\/\/kfv-mol.de\/Wordpress\/wp-content\/uploads\/2014\/01\/Kam.-Uwe-Sch\u00fcler.jpg 714w\" data-sizes=\"(max-width: 300px) 100vw, 300px\" src=\"data:image\/svg+xml;base64,PHN2ZyB3aWR0aD0iMSIgaGVpZ2h0PSIxIiB4bWxucz0iaHR0cDovL3d3dy53My5vcmcvMjAwMC9zdmciPjwvc3ZnPg==\" style=\"--smush-placeholder-width: 300px; --smush-placeholder-aspect-ratio: 300\/223;\" \/><\/a><\/div>\n<div><\/div>\n<div><\/div>\n","protected":false},"excerpt":{"rendered":"<p>Die erste Ortswehrf\u00fchrertagung des Amtes Seelow-Land nutzte der Vorsitzende des Kreisfeuerwehrverbandes M\u00e4rkisch-Oderland Hans-Dieter Kandzia, um den bisherigen Amtswehrf\u00fchrer Uwe Sch\u00fcler das Feuerwehr-Ehrenkreuz des Landesfeuerwehrverbandes Brandenburg zu \u00fcberreichen. Kamerad Uwe Sch\u00fcler musste nach 10 Jahren aus beruflichen Ver\u00e4nderungsgr\u00fcnden seine Funktion niederlegen, die er zum Nutzen des Brand- und Katastrophenschutzes im Amt vorbildlich ausf\u00fcllte. Als Ortswehrf\u00fchrer in [&hellip;]<\/p>\n","protected":false},"author":3,"featured_media":1307,"comment_status":"closed","ping_status":"closed","sticky":false,"template":"","format":"standard","meta":{"footnotes":""},"categories":[1],"tags":[],"class_list":["post-1306","post","type-post","status-publish","format-standard","has-post-thumbnail","hentry","category-sonstige"],"_links":{"self":[{"href":"https:\/\/kfv-mol.de\/Wordpress\/wp-json\/wp\/v2\/posts\/1306","targetHints":{"allow":["GET"]}}],"collection":[{"href":"https:\/\/kfv-mol.de\/Wordpress\/wp-json\/wp\/v2\/posts"}],"about":[{"href":"https:\/\/kfv-mol.de\/Wordpress\/wp-json\/wp\/v2\/types\/post"}],"author":[{"embeddable":true,"href":"https:\/\/kfv-mol.de\/Wordpress\/wp-json\/wp\/v2\/users\/3"}],"replies":[{"embeddable":true,"href":"https:\/\/kfv-mol.de\/Wordpress\/wp-json\/wp\/v2\/comments?post=1306"}],"version-history":[{"count":0,"href":"https:\/\/kfv-mol.de\/Wordpress\/wp-json\/wp\/v2\/posts\/1306\/revisions"}],"wp:featuredmedia":[{"embeddable":true,"href":"https:\/\/kfv-mol.de\/Wordpress\/wp-json\/wp\/v2\/media\/1307"}],"wp:attachment":[{"href":"https:\/\/kfv-mol.de\/Wordpress\/wp-json\/wp\/v2\/media?parent=1306"}],"wp:term":[{"taxonomy":"category","embeddable":true,"href":"https:\/\/kfv-mol.de\/Wordpress\/wp-json\/wp\/v2\/categories?post=1306"},{"taxonomy":"post_tag","embeddable":true,"href":"https:\/\/kfv-mol.de\/Wordpress\/wp-json\/wp\/v2\/tags?post=1306"}],"curies":[{"name":"wp","href":"https:\/\/api.w.org\/{rel}","templated":true}]}}