{"id":1294,"date":"2013-12-26T19:43:27","date_gmt":"2013-12-26T18:43:27","guid":{"rendered":"http:\/\/www.kfv-mol.de\/Wordpress\/?p=1294"},"modified":"2013-12-26T19:43:27","modified_gmt":"2013-12-26T18:43:27","slug":"schluesseluebergabe-fuer-das-neue-einsatzfahrzeug-tsf-w-an-die-ff-libbenichen-am-20-12-2013-durch-die-amtsdirektorin-roswitha-thiede","status":"publish","type":"post","link":"https:\/\/kfv-mol.de\/Wordpress\/Artikel\/schluesseluebergabe-fuer-das-neue-einsatzfahrzeug-tsf-w-an-die-ff-libbenichen-am-20-12-2013-durch-die-amtsdirektorin-roswitha-thiede\/","title":{"rendered":"SCHL\u00dcSSEL\u00dcBERGABE F\u00dcR DAS NEUE EINSATZFAHRZEUG TSF-W AN DIE FF LIBBENICHEN AM 20.12.2013 DURCH DIE AMTSDIREKTORIN ROSWITHA THIEDE"},"content":{"rendered":"<p>Die Kameraden der FF Libbenichen bekam am 20.12.2013 ein vorzeitiges Weihnachtsgeschenk in Form eines neuen Einsatzfahrzeuges TSF-W der Firma Ziegler. Die \u00dcbergabe des bestellten Fahrzeuges erfolgte beim Hersteller Ziegler im s\u00e4chsischen M\u00fchlau am Donnerstag, dem 19.12.2013 an den Brandschutztr\u00e4ger, das Amt Seelow-Land, vertreten durch eine f\u00fcnfk\u00f6pfige Delegation der FF Libbenichen und der Verwaltung. Die Firma Ziegler baute das TSF-W auf ein bew\u00e4hrtes MAN Fahrgestell. Es hat eine Nutzlast von 7,49 Tonnen und h\u00e4lt 700 Liter L\u00f6schwasser vor. Dieses Fahrzeug l\u00f6st das bisherige Einsatzfahrzeug TLF-16 W50 des Baujahres 1984 ab.\n\t\t<style type=\"text\/css\">\n\t\t\t#gallery-1 {\n\t\t\t\tmargin: auto;\n\t\t\t}\n\t\t\t#gallery-1 .gallery-item {\n\t\t\t\tfloat: left;\n\t\t\t\tmargin-top: 10px;\n\t\t\t\ttext-align: center;\n\t\t\t\twidth: 33%;\n\t\t\t}\n\t\t\t#gallery-1 img {\n\t\t\t\tborder: 2px solid #cfcfcf;\n\t\t\t}\n\t\t\t#gallery-1 .gallery-caption {\n\t\t\t\tmargin-left: 0;\n\t\t\t}\n\t\t\t\/* see gallery_shortcode() in wp-includes\/media.php *\/\n\t\t<\/style>\n\t\t<div id='gallery-1' class='gallery galleryid-1294 gallery-columns-3 gallery-size-thumbnail'><dl class='gallery-item'>\n\t\t\t<dt class='gallery-icon landscape'>\n\t\t\t\t<a href='https:\/\/kfv-mol.de\/Wordpress\/Artikel\/schluesseluebergabe-fuer-das-neue-einsatzfahrzeug-tsf-w-an-die-ff-libbenichen-am-20-12-2013-durch-die-amtsdirektorin-roswitha-thiede\/olympus-digital-camera-3\/'><img decoding=\"async\" width=\"150\" height=\"150\" data-src=\"https:\/\/kfv-mol.de\/Wordpress\/wp-content\/uploads\/2013\/12\/PC200032-150x150.jpg\" class=\"attachment-thumbnail size-thumbnail lazyload\" alt=\"\" data-srcset=\"https:\/\/kfv-mol.de\/Wordpress\/wp-content\/uploads\/2013\/12\/PC200032-150x150.jpg 150w, https:\/\/kfv-mol.de\/Wordpress\/wp-content\/uploads\/2013\/12\/PC200032-96x96.jpg 96w, https:\/\/kfv-mol.de\/Wordpress\/wp-content\/uploads\/2013\/12\/PC200032-24x24.jpg 24w, https:\/\/kfv-mol.de\/Wordpress\/wp-content\/uploads\/2013\/12\/PC200032-36x36.jpg 36w, https:\/\/kfv-mol.de\/Wordpress\/wp-content\/uploads\/2013\/12\/PC200032-48x48.jpg 48w, https:\/\/kfv-mol.de\/Wordpress\/wp-content\/uploads\/2013\/12\/PC200032-64x64.jpg 64w\" data-sizes=\"(max-width: 150px) 100vw, 150px\" src=\"data:image\/svg+xml;base64,PHN2ZyB3aWR0aD0iMSIgaGVpZ2h0PSIxIiB4bWxucz0iaHR0cDovL3d3dy53My5vcmcvMjAwMC9zdmciPjwvc3ZnPg==\" style=\"--smush-placeholder-width: 150px; --smush-placeholder-aspect-ratio: 150\/150;\" \/><\/a>\n\t\t\t<\/dt><\/dl><dl class='gallery-item'>\n\t\t\t<dt class='gallery-icon landscape'>\n\t\t\t\t<a href='https:\/\/kfv-mol.de\/Wordpress\/Artikel\/schluesseluebergabe-fuer-das-neue-einsatzfahrzeug-tsf-w-an-die-ff-libbenichen-am-20-12-2013-durch-die-amtsdirektorin-roswitha-thiede\/olympus-digital-camera-2\/'><img decoding=\"async\" width=\"150\" height=\"150\" data-src=\"https:\/\/kfv-mol.de\/Wordpress\/wp-content\/uploads\/2013\/12\/PC200028-150x150.jpg\" class=\"attachment-thumbnail size-thumbnail lazyload\" alt=\"\" data-srcset=\"https:\/\/kfv-mol.de\/Wordpress\/wp-content\/uploads\/2013\/12\/PC200028-150x150.jpg 150w, https:\/\/kfv-mol.de\/Wordpress\/wp-content\/uploads\/2013\/12\/PC200028-96x96.jpg 96w, https:\/\/kfv-mol.de\/Wordpress\/wp-content\/uploads\/2013\/12\/PC200028-24x24.jpg 24w, https:\/\/kfv-mol.de\/Wordpress\/wp-content\/uploads\/2013\/12\/PC200028-36x36.jpg 36w, https:\/\/kfv-mol.de\/Wordpress\/wp-content\/uploads\/2013\/12\/PC200028-48x48.jpg 48w, https:\/\/kfv-mol.de\/Wordpress\/wp-content\/uploads\/2013\/12\/PC200028-64x64.jpg 64w\" data-sizes=\"(max-width: 150px) 100vw, 150px\" src=\"data:image\/svg+xml;base64,PHN2ZyB3aWR0aD0iMSIgaGVpZ2h0PSIxIiB4bWxucz0iaHR0cDovL3d3dy53My5vcmcvMjAwMC9zdmciPjwvc3ZnPg==\" style=\"--smush-placeholder-width: 150px; --smush-placeholder-aspect-ratio: 150\/150;\" \/><\/a>\n\t\t\t<\/dt><\/dl><dl class='gallery-item'>\n\t\t\t<dt class='gallery-icon landscape'>\n\t\t\t\t<a href='https:\/\/kfv-mol.de\/Wordpress\/Artikel\/schluesseluebergabe-fuer-das-neue-einsatzfahrzeug-tsf-w-an-die-ff-libbenichen-am-20-12-2013-durch-die-amtsdirektorin-roswitha-thiede\/olympus-digital-camera\/'><img decoding=\"async\" width=\"150\" height=\"150\" data-src=\"https:\/\/kfv-mol.de\/Wordpress\/wp-content\/uploads\/2013\/12\/PC200037-150x150.jpg\" class=\"attachment-thumbnail size-thumbnail lazyload\" alt=\"\" data-srcset=\"https:\/\/kfv-mol.de\/Wordpress\/wp-content\/uploads\/2013\/12\/PC200037-150x150.jpg 150w, https:\/\/kfv-mol.de\/Wordpress\/wp-content\/uploads\/2013\/12\/PC200037-96x96.jpg 96w, https:\/\/kfv-mol.de\/Wordpress\/wp-content\/uploads\/2013\/12\/PC200037-24x24.jpg 24w, https:\/\/kfv-mol.de\/Wordpress\/wp-content\/uploads\/2013\/12\/PC200037-36x36.jpg 36w, https:\/\/kfv-mol.de\/Wordpress\/wp-content\/uploads\/2013\/12\/PC200037-48x48.jpg 48w, https:\/\/kfv-mol.de\/Wordpress\/wp-content\/uploads\/2013\/12\/PC200037-64x64.jpg 64w\" data-sizes=\"(max-width: 150px) 100vw, 150px\" src=\"data:image\/svg+xml;base64,PHN2ZyB3aWR0aD0iMSIgaGVpZ2h0PSIxIiB4bWxucz0iaHR0cDovL3d3dy53My5vcmcvMjAwMC9zdmciPjwvc3ZnPg==\" style=\"--smush-placeholder-width: 150px; --smush-placeholder-aspect-ratio: 150\/150;\" \/><\/a>\n\t\t\t<\/dt><\/dl><br style=\"clear: both\" \/>\n\t\t<\/div>\n<br \/>\nAlle Kameraden der Wehr Libbenichen werden durch die Ortswehrf\u00fchrung schnellstens in die neue Technik eingewiesen, ebenso die Kameraden der benachbarten Wehren des Amtes. Da das Fahrzeug mit 7,49 Tonnen leichter als der TLF-16 W50 Vorg\u00e4nger ist, k\u00f6nnen in Zukunft sieben der 16 Kameraden der Einsatzabteilung bei Bedarf das L\u00f6schfahrzeug zum Einsatz fahren. Vor der Schl\u00fcssel\u00fcbergabe konnte der Weihnachtsmann, in Form von Amtsdirektorin Roswitha Thiede einige \u00dcberraschungsgeschenke aus ihrem Gabensack an mehrere Libbenicher Kameraden \u00fcbergeben. Nat\u00fcrlich nur nach Vortragung eines z\u00fcnftigen Weihnachtsgedichtes oder Liedes. Die zahlreich anwesenden Mitglieder der Jugendfeuerwehr Libbenichen durften dann zu ihrer Freude eine Runde im neuen Fahrzeug durchs Dorf erleben. Wir w\u00fcnschen der FF Libbenichen mit dem Fahrzeug zu den anfallenden zuk\u00fcnftigen Eins\u00e4tzen immer viel Energie und eine unfallfreie R\u00fcckkehr ins Ger\u00e4tehaus.<br \/>\niA. Bm Lutz Bergmann<br \/>\nVerantwortlich f\u00fcr \u00d6ffentlichkeitsarbeit der FF des Amtes Seelow-Land<br \/>\nText, Video\u00a0und Fotos: Bm Lutz Bergmann<\/p>\n<p>Video vom Weihnachtsmann:\u00a0<a href=\"http:\/\/youtu.be\/uNAoZ75UYrc\">Festansprache<\/a><\/p>\n","protected":false},"excerpt":{"rendered":"<p>Die Kameraden der FF Libbenichen bekam am 20.12.2013 ein vorzeitiges Weihnachtsgeschenk in Form eines neuen Einsatzfahrzeuges TSF-W der Firma Ziegler. Die \u00dcbergabe des bestellten Fahrzeuges erfolgte beim Hersteller Ziegler im s\u00e4chsischen M\u00fchlau am Donnerstag, dem 19.12.2013 an den Brandschutztr\u00e4ger, das Amt Seelow-Land, vertreten durch eine f\u00fcnfk\u00f6pfige Delegation der FF Libbenichen und der Verwaltung. Die Firma [&hellip;]<\/p>\n","protected":false},"author":1,"featured_media":0,"comment_status":"closed","ping_status":"closed","sticky":false,"template":"","format":"standard","meta":{"footnotes":""},"categories":[4],"tags":[],"class_list":["post-1294","post","type-post","status-publish","format-standard","hentry","category-kreisfeuerwehrverband"],"_links":{"self":[{"href":"https:\/\/kfv-mol.de\/Wordpress\/wp-json\/wp\/v2\/posts\/1294","targetHints":{"allow":["GET"]}}],"collection":[{"href":"https:\/\/kfv-mol.de\/Wordpress\/wp-json\/wp\/v2\/posts"}],"about":[{"href":"https:\/\/kfv-mol.de\/Wordpress\/wp-json\/wp\/v2\/types\/post"}],"author":[{"embeddable":true,"href":"https:\/\/kfv-mol.de\/Wordpress\/wp-json\/wp\/v2\/users\/1"}],"replies":[{"embeddable":true,"href":"https:\/\/kfv-mol.de\/Wordpress\/wp-json\/wp\/v2\/comments?post=1294"}],"version-history":[{"count":0,"href":"https:\/\/kfv-mol.de\/Wordpress\/wp-json\/wp\/v2\/posts\/1294\/revisions"}],"wp:attachment":[{"href":"https:\/\/kfv-mol.de\/Wordpress\/wp-json\/wp\/v2\/media?parent=1294"}],"wp:term":[{"taxonomy":"category","embeddable":true,"href":"https:\/\/kfv-mol.de\/Wordpress\/wp-json\/wp\/v2\/categories?post=1294"},{"taxonomy":"post_tag","embeddable":true,"href":"https:\/\/kfv-mol.de\/Wordpress\/wp-json\/wp\/v2\/tags?post=1294"}],"curies":[{"name":"wp","href":"https:\/\/api.w.org\/{rel}","templated":true}]}}