{"id":1291,"date":"2013-12-24T11:57:16","date_gmt":"2013-12-24T10:57:16","guid":{"rendered":"http:\/\/www.kfv-mol.de\/Wordpress\/?p=1291"},"modified":"2013-12-24T11:57:16","modified_gmt":"2013-12-24T10:57:16","slug":"frohe-festtage-und-ein-gesundes-neues-jahr","status":"publish","type":"post","link":"https:\/\/kfv-mol.de\/Wordpress\/Artikel\/frohe-festtage-und-ein-gesundes-neues-jahr\/","title":{"rendered":"Frohe Festtage und ein gesundes neues Jahr"},"content":{"rendered":"<p>Der Vorstand des Kreisfeuerwehrverbandes M\u00e4rkisch-Oderland w\u00fcnscht allen Kameradinnen und Kameraden sowie allen Freunden und Unterst\u00fctzern geruhsame Feiertage und f\u00fcr das Jahr 2014 viel Gesundheit und Erfolg.<\/p>\n<p>F\u00fcr die erbrachten Leistungen im Einsatzdienst, im Feuerwehrsport, in der Jugendfeuerwehr und in den Alters- und Ehrenabteilungen bedanken wir uns herzlich und bauen auch 2014 darauf.<\/p>\n<p>Hans-Dieter Kandzia, Vorsitzender<\/p>\n","protected":false},"excerpt":{"rendered":"<p>Der Vorstand des Kreisfeuerwehrverbandes M\u00e4rkisch-Oderland w\u00fcnscht allen Kameradinnen und Kameraden sowie allen Freunden und Unterst\u00fctzern geruhsame Feiertage und f\u00fcr das Jahr 2014 viel Gesundheit und Erfolg. F\u00fcr die erbrachten Leistungen im Einsatzdienst, im Feuerwehrsport, in der Jugendfeuerwehr und in den Alters- und Ehrenabteilungen bedanken wir uns herzlich und bauen auch 2014 darauf. Hans-Dieter Kandzia, Vorsitzender<\/p>\n","protected":false},"author":3,"featured_media":1292,"comment_status":"closed","ping_status":"closed","sticky":false,"template":"","format":"standard","meta":{"footnotes":""},"categories":[1],"tags":[],"class_list":["post-1291","post","type-post","status-publish","format-standard","has-post-thumbnail","hentry","category-sonstige"],"_links":{"self":[{"href":"https:\/\/kfv-mol.de\/Wordpress\/wp-json\/wp\/v2\/posts\/1291","targetHints":{"allow":["GET"]}}],"collection":[{"href":"https:\/\/kfv-mol.de\/Wordpress\/wp-json\/wp\/v2\/posts"}],"about":[{"href":"https:\/\/kfv-mol.de\/Wordpress\/wp-json\/wp\/v2\/types\/post"}],"author":[{"embeddable":true,"href":"https:\/\/kfv-mol.de\/Wordpress\/wp-json\/wp\/v2\/users\/3"}],"replies":[{"embeddable":true,"href":"https:\/\/kfv-mol.de\/Wordpress\/wp-json\/wp\/v2\/comments?post=1291"}],"version-history":[{"count":0,"href":"https:\/\/kfv-mol.de\/Wordpress\/wp-json\/wp\/v2\/posts\/1291\/revisions"}],"wp:featuredmedia":[{"embeddable":true,"href":"https:\/\/kfv-mol.de\/Wordpress\/wp-json\/wp\/v2\/media\/1292"}],"wp:attachment":[{"href":"https:\/\/kfv-mol.de\/Wordpress\/wp-json\/wp\/v2\/media?parent=1291"}],"wp:term":[{"taxonomy":"category","embeddable":true,"href":"https:\/\/kfv-mol.de\/Wordpress\/wp-json\/wp\/v2\/categories?post=1291"},{"taxonomy":"post_tag","embeddable":true,"href":"https:\/\/kfv-mol.de\/Wordpress\/wp-json\/wp\/v2\/tags?post=1291"}],"curies":[{"name":"wp","href":"https:\/\/api.w.org\/{rel}","templated":true}]}}