{"id":1287,"date":"2013-12-21T19:22:44","date_gmt":"2013-12-21T18:22:44","guid":{"rendered":"http:\/\/www.kfv-mol.de\/Wordpress\/?p=1287"},"modified":"2013-12-26T19:42:28","modified_gmt":"2013-12-26T18:42:28","slug":"19-gemeinsamer-kameradschaftsabend-der-alters-und-ehrenabteilung-der-feuerwehren-des-amtes-und-der-stadt","status":"publish","type":"post","link":"https:\/\/kfv-mol.de\/Wordpress\/Artikel\/19-gemeinsamer-kameradschaftsabend-der-alters-und-ehrenabteilung-der-feuerwehren-des-amtes-und-der-stadt\/","title":{"rendered":"19. Gemeinsamer Kameradschaftsabend der Alters- und Ehrenabteilung der Feuerwehren des Amtes und der Stadt"},"content":{"rendered":"<p>Der traditionell seit nun mehr 19 Jahren im Herbst durchgef\u00fchrte Kameradschaftsabend der zehn Ortswehren des Amtes Seelow-Land und der Freiwilligen Feuerwehr der Stadt Seelow fand dieses Jahr am Samstag, dem 12.Oktober 2013 im festlich geschm\u00fcckten Saal des B\u00fcrgerhauses Sachsendorf \u00a0von 14.00 Uhr bis 18.00 Uhr statt. Die zahlreichen Kameraden wurden herzlich am Saaleingang begr\u00fc\u00dft.\u00a0 Schnell fanden alle Kameraden einen gew\u00fcnschten Platz an den liebevoll eingedeckten Kaffeetischen um den aufgeregten Rednern zu lauschen.<\/p>\n<p>Amtswehrf\u00fchrer Uwe Sch\u00fcler er\u00f6ffnete die Veranstaltung und zog eine positive Bilanz des bisherigen Dienstjahres 2013, erl\u00e4uterte die noch im Jahr 2013 anstehenden Anschaffungen eines nagelneuen TSF-W f\u00fcr die FF Libbenichen und eines gebrauchten TSF f\u00fcr die FF Neuentempel als Ersatz f\u00fcr das nicht mehr durch den T\u00dcV gekommene Kleinl\u00f6schfahrzeug B1000. \u00a0Er informierte auch \u00fcber seinen aus beruflichen Gr\u00fcnden notwendigen R\u00fccktritt von der verantwortungsvollen Funktion als Amtswehrf\u00fchrer der FF zum 31.12.2013. Es ist seit der Ortswehrf\u00fchrerberatung am 21.08.2013 bekannt, dass das Team der Ortswehrf\u00fchrer aus den eigenen Reihen einen geeigneten und qualifizierten Kameraden nominieren muss. Nach der vorgeschriebenen Anh\u00f6rung durch den Kreisbrandmeister vom Landkreis MOL, Kamerad Willi Rossow, wird der Bewerber dem Amtsausschuss von Seelow-Land zur Berufung vorschlagen. Auch die Amtsdirektorin Roswitha Thiede hielt im Gegensatz zum Vorjahr eine erfreulich kurze Festrede mit dem Tenor, dass die Kameraden der Freiwilligen Feuerwehren bereits jetzt einen gro\u00dfen Beitrag zur kommunalen Zusammenarbeit zwischen dem Amt Seelow-Land und der Stadt Seelow leisten.<a href=\"https:\/\/kfv-mol.de\/Wordpress\/wp-content\/uploads\/2013\/12\/k-PA120021.jpg\"><img decoding=\"async\" class=\"aligncenter  wp-image-1288 lazyload\" alt=\"k-PA120021\" data-src=\"https:\/\/kfv-mol.de\/Wordpress\/wp-content\/uploads\/2013\/12\/k-PA120021-300x225.jpg\" width=\"300\" height=\"225\" data-srcset=\"https:\/\/kfv-mol.de\/Wordpress\/wp-content\/uploads\/2013\/12\/k-PA120021-300x225.jpg 300w, https:\/\/kfv-mol.de\/Wordpress\/wp-content\/uploads\/2013\/12\/k-PA120021.jpg 1024w\" data-sizes=\"(max-width: 300px) 100vw, 300px\" src=\"data:image\/svg+xml;base64,PHN2ZyB3aWR0aD0iMSIgaGVpZ2h0PSIxIiB4bWxucz0iaHR0cDovL3d3dy53My5vcmcvMjAwMC9zdmciPjwvc3ZnPg==\" style=\"--smush-placeholder-width: 300px; --smush-placeholder-aspect-ratio: 300\/225;\" \/><\/a><\/p>\n<p>Stadtbrandmeister Candy Schmiedecke zog eine ausf\u00fchrliche Bilanz des zu Ende gehenden Dienstjahres mit zum Teil erheblichen psychischen Belastungen f\u00fcr seine Kameraden und betonte die seit Jahren bew\u00e4hrte, praktische Zusammenarbeit beider Wehren bei Eins\u00e4tzen und der fachlichen Aus- und Weiterbildung der Teams. In Vertretung des leider dienstlich verhinderten B\u00fcrgermeisters J\u00f6rg Schr\u00f6der, nutzte der neue Hauptamtsleiter, Andreas Scharf, die Gelegenheit sich den Kameraden vorzustellen und Gr\u00fc\u00dfe seines Chefs zu \u00fcbermitteln. Das Team des B\u00fcrgerhauses Sachsendorf unter Leitung von Frau Zerbin betreute vorbildlich die gemeinsame Kaffee &#8211; und Abendbrotzeit, stets mit frischem Kaffee, Mineralwasser, Bier, und verschiedene Spirituosen. Zum Abendbrot konnte das reichliche und leckere Buffet von der bew\u00e4hrten Landfleischerei Dolgelin genutzt werden.<\/p>\n<p>Als \u00dcberraschung suchte Frau Thiede je zwei Kameraden beider Wehren f\u00fcr ein vorbereitetes Feuerwehrquiz aus. In schneller Folge mussten sich die Vier f\u00fcr die richtige L\u00f6sung entscheiden. Auf Tischtenniskellen waren eine Seite mit A und die andere Seite mit B gekennzeichnet. Zum Spa\u00df der aufmerksamen Zuschauer wurden nicht immer alle Fragen richtig entschieden, aber zum Schluss bekamen alle vier einen obligatorischen Orden am Bande mit einem hochprozentigen Sachpreis. Die Kameraden nutzten auch diese Zusammenkunft zu ausf\u00fchrlichen Gespr\u00e4chen, lebhaften Erinnerungen an ihre lange zur\u00fcckliegende aktive Feuerwehrarbeit und ehemalige Eins\u00e4tze sowie zum Erfahrungsaustausch. Mehr im Hintergrund war die Gelegenheit\u00a0 sich jeweils eine erarbeitet Power-Point Pr\u00e4sentation des Amtes und der Stadt mit vielen Fotos vom Dienstjahr 2013 bzw. einem R\u00fcckblick auf die in den vergangenen Jahren abgelaufenen Kameradschaftstreffen anzuschauen. Das \u00fcbereinstimmende Fazit der Veranstaltung war sehr positiv &#8211; alle freuen sich schon jetzt auf den Kameradschaftsabend 2014 in Seelow.<\/p>\n<p>i.A. Bm Lutz Bergmann<\/p>\n<p>Verantwortlich f\u00fcr \u00d6ffentlichkeitsarbeit der FF des Amtes Seelow-Land<\/p>\n<p>Fotos und Video Bm Lutz Bergmann<\/p>\n<p>Video Er\u00f6ffnung des Kameradschaftsabends:\u00a0 <a href=\"http:\/\/youtu.be\/jtX4WBu6d8g\">http:\/\/youtu.be\/jtX4WBu6d8g<\/a><\/p>\n<p>Video R\u00fcckblick auf alle Kameradschaftsabende :\u00a0\u00a0 <a href=\"http:\/\/youtu.be\/XyeJ8OHrkZk\" target=\"_blank\">http:\/\/youtu.be\/XyeJ8OHrkZk<\/a><\/p>\n","protected":false},"excerpt":{"rendered":"<p>Der traditionell seit nun mehr 19 Jahren im Herbst durchgef\u00fchrte Kameradschaftsabend der zehn Ortswehren des Amtes Seelow-Land und der Freiwilligen Feuerwehr der Stadt Seelow fand dieses Jahr am Samstag, dem 12.Oktober 2013 im festlich geschm\u00fcckten Saal des B\u00fcrgerhauses Sachsendorf \u00a0von 14.00 Uhr bis 18.00 Uhr statt. Die zahlreichen Kameraden wurden herzlich am Saaleingang begr\u00fc\u00dft.\u00a0 Schnell [&hellip;]<\/p>\n","protected":false},"author":1,"featured_media":0,"comment_status":"closed","ping_status":"closed","sticky":false,"template":"","format":"standard","meta":{"footnotes":""},"categories":[4],"tags":[],"class_list":["post-1287","post","type-post","status-publish","format-standard","hentry","category-kreisfeuerwehrverband"],"_links":{"self":[{"href":"https:\/\/kfv-mol.de\/Wordpress\/wp-json\/wp\/v2\/posts\/1287","targetHints":{"allow":["GET"]}}],"collection":[{"href":"https:\/\/kfv-mol.de\/Wordpress\/wp-json\/wp\/v2\/posts"}],"about":[{"href":"https:\/\/kfv-mol.de\/Wordpress\/wp-json\/wp\/v2\/types\/post"}],"author":[{"embeddable":true,"href":"https:\/\/kfv-mol.de\/Wordpress\/wp-json\/wp\/v2\/users\/1"}],"replies":[{"embeddable":true,"href":"https:\/\/kfv-mol.de\/Wordpress\/wp-json\/wp\/v2\/comments?post=1287"}],"version-history":[{"count":0,"href":"https:\/\/kfv-mol.de\/Wordpress\/wp-json\/wp\/v2\/posts\/1287\/revisions"}],"wp:attachment":[{"href":"https:\/\/kfv-mol.de\/Wordpress\/wp-json\/wp\/v2\/media?parent=1287"}],"wp:term":[{"taxonomy":"category","embeddable":true,"href":"https:\/\/kfv-mol.de\/Wordpress\/wp-json\/wp\/v2\/categories?post=1287"},{"taxonomy":"post_tag","embeddable":true,"href":"https:\/\/kfv-mol.de\/Wordpress\/wp-json\/wp\/v2\/tags?post=1287"}],"curies":[{"name":"wp","href":"https:\/\/api.w.org\/{rel}","templated":true}]}}