{"id":1279,"date":"2013-11-28T14:09:50","date_gmt":"2013-11-28T13:09:50","guid":{"rendered":"http:\/\/www.kfv-mol.de\/Wordpress\/?p=1279"},"modified":"2013-11-28T14:09:50","modified_gmt":"2013-11-28T13:09:50","slug":"mobile-rauchverschluesse-an-feuerwehren-uebergeben","status":"publish","type":"post","link":"https:\/\/kfv-mol.de\/Wordpress\/Artikel\/mobile-rauchverschluesse-an-feuerwehren-uebergeben\/","title":{"rendered":"Mobile Rauchverschl\u00fcsse an Feuerwehren \u00fcbergeben"},"content":{"rendered":"<div><span style=\"font-family: Arial;font-size: small\">Auf der letzten Dienstbesprechung des Kreisbrandmeisters hat der Vorsitzende des Kreisfeuerwehrverbandes MOL Hans-Dieter Kandzia an die Wehrf\u00fchrer der 7 St\u00fctzpunktfeuerwehren des Landkreises ( Fredersdorf-Vogelsdorf, R\u00fcdersdorf, Strausberg, M\u00fcncheberg, Bad Freienwalde, Seelow und Wriezen) je einen mobilen Rauchverschluss mit Ausbildungsunterlagen \u00fcbergeben k\u00f6nnen. <\/span><\/div>\n<div><\/div>\n<div><span style=\"font-family: Arial;font-size: small\">Diese Rauchverschl\u00fcsse im Wert von je ca. 500 Euro hat die Feuersoziet\u00e4t Berlin-Brandenburg unentgeltlich landesweit zur Verf\u00fcgung gestellt. <\/span><\/div>\n<div><\/div>\n<div><span style=\"font-family: Arial;font-size: small\">Damit k\u00f6nnen bei einem Geb\u00e4udebrand zu \u00f6ffnende T\u00fcren so verschlossen werden, dass der Angriffstrupp den Raum mit Ausr\u00fcstungen betreten kann, ohne das gr\u00f6\u00dfere Mengen an giftigen Rauchgasen entweichen. Eine Evakuierung der Bewohner aus nicht betroffenen R\u00e4umen oder Treppenh\u00e4usern ist somit noch m\u00f6glich, Sch\u00e4den durch Rauch- und Ru\u00dfpartikel werden minimiert und die vorgehenden Feuerwehrleute werden bei der T\u00fcr\u00f6ffnung vor der Gefahr einer pl\u00f6tzlichen Durchz\u00fcndung ( flash-over ) gesch\u00fctzt.<\/span><\/div>\n<div><\/div>\n<div><span style=\"font-family: Arial;font-size: small\">Diese gemeinsame Aktion des Landes- und der Kreisfeuerwehrverb\u00e4nde mit der Feuersoziet\u00e4t soll wegen der nachgewiesenen Schutzwirkung und Schadensminimierung dazu anregen, diese Technologie bekannt zu machen damit auch weitere Feuerwehren diese Rauchverschl\u00fcsse in ihre Ausr\u00fcstung integrieren.<\/span><\/div>\n<div>\n<\/div>\n<div><\/div>\n","protected":false},"excerpt":{"rendered":"<p>Auf der letzten Dienstbesprechung des Kreisbrandmeisters hat der Vorsitzende des Kreisfeuerwehrverbandes MOL Hans-Dieter Kandzia an die Wehrf\u00fchrer der 7 St\u00fctzpunktfeuerwehren des Landkreises ( Fredersdorf-Vogelsdorf, R\u00fcdersdorf, Strausberg, M\u00fcncheberg, Bad Freienwalde, Seelow und Wriezen) je einen mobilen Rauchverschluss mit Ausbildungsunterlagen \u00fcbergeben k\u00f6nnen. Diese Rauchverschl\u00fcsse im Wert von je ca. 500 Euro hat die Feuersoziet\u00e4t Berlin-Brandenburg unentgeltlich landesweit [&hellip;]<\/p>\n","protected":false},"author":3,"featured_media":1280,"comment_status":"closed","ping_status":"closed","sticky":false,"template":"","format":"standard","meta":{"footnotes":""},"categories":[1],"tags":[],"class_list":["post-1279","post","type-post","status-publish","format-standard","has-post-thumbnail","hentry","category-sonstige"],"_links":{"self":[{"href":"https:\/\/kfv-mol.de\/Wordpress\/wp-json\/wp\/v2\/posts\/1279","targetHints":{"allow":["GET"]}}],"collection":[{"href":"https:\/\/kfv-mol.de\/Wordpress\/wp-json\/wp\/v2\/posts"}],"about":[{"href":"https:\/\/kfv-mol.de\/Wordpress\/wp-json\/wp\/v2\/types\/post"}],"author":[{"embeddable":true,"href":"https:\/\/kfv-mol.de\/Wordpress\/wp-json\/wp\/v2\/users\/3"}],"replies":[{"embeddable":true,"href":"https:\/\/kfv-mol.de\/Wordpress\/wp-json\/wp\/v2\/comments?post=1279"}],"version-history":[{"count":0,"href":"https:\/\/kfv-mol.de\/Wordpress\/wp-json\/wp\/v2\/posts\/1279\/revisions"}],"wp:featuredmedia":[{"embeddable":true,"href":"https:\/\/kfv-mol.de\/Wordpress\/wp-json\/wp\/v2\/media\/1280"}],"wp:attachment":[{"href":"https:\/\/kfv-mol.de\/Wordpress\/wp-json\/wp\/v2\/media?parent=1279"}],"wp:term":[{"taxonomy":"category","embeddable":true,"href":"https:\/\/kfv-mol.de\/Wordpress\/wp-json\/wp\/v2\/categories?post=1279"},{"taxonomy":"post_tag","embeddable":true,"href":"https:\/\/kfv-mol.de\/Wordpress\/wp-json\/wp\/v2\/tags?post=1279"}],"curies":[{"name":"wp","href":"https:\/\/api.w.org\/{rel}","templated":true}]}}