{"id":1274,"date":"2013-11-20T12:40:51","date_gmt":"2013-11-20T11:40:51","guid":{"rendered":"http:\/\/www.kfv-mol.de\/Wordpress\/?p=1274"},"modified":"2013-11-20T12:40:51","modified_gmt":"2013-11-20T11:40:51","slug":"2-abnahme-des-leistungsabzeichen-nach-fwdv-3","status":"publish","type":"post","link":"https:\/\/kfv-mol.de\/Wordpress\/Artikel\/2-abnahme-des-leistungsabzeichen-nach-fwdv-3\/","title":{"rendered":"2. Abnahme des Leistungsabzeichen nach FwDV 3"},"content":{"rendered":"<p>Die Freiwillige Feuerwehr Petershagen hat bereits 2012 mit Teilnahme eines Kameraden aus der FF\u00a0Zinndorf erfolgreich die Abnahme des Leistungsabzeichen des Landesfeuerwehrverbandes nach FwDV 3 abgelegt.<\/p>\n<p>Im Oktober erfolgte nun die 2. Abnahme. Hier beteiligten sich 3 Kameraden aus der FF Neuenhagen. Vorbreitet wurde die Abnahme, die einen feuerwehrtechnischen Teil, Knoten und Stiche, einen theoretischen Teil und einen sportlichen Teil umfasst, von dem Petershagener Kameraden Tim Harder. Die wiederum erfolgreiche Abnahme\u00a0f\u00fchrte der Vorsitzende des Kreisfeuerwehrverbandes Hans-Dieter Kandzia durch.<\/p>\n<p>Zu den jeweiligen Jahreshauptversammlungen werden die Kameraden die zum erstenmal teilnahmen, das Leistungsabzeichen in Bronze erhalten. F\u00fcr 4 Kameraden bedeutet das allerdings, noch alle Lehrg\u00e4nge f\u00fcr den Truppmann Teil 2 ( Sprechfunker und Atemschutzger\u00e4tetr\u00e4ger ) zu absolvieren. Die Kameraden, die bereits 2 Abnahmen hinter sich haben, brauchen noch 4 Weitere und den Abschluss als Truppf\u00fchrer f\u00fcr das Abzeichen in Silber.<\/p>\n","protected":false},"excerpt":{"rendered":"<p>Die Freiwillige Feuerwehr Petershagen hat bereits 2012 mit Teilnahme eines Kameraden aus der FF\u00a0Zinndorf erfolgreich die Abnahme des Leistungsabzeichen des Landesfeuerwehrverbandes nach FwDV 3 abgelegt. Im Oktober erfolgte nun die 2. Abnahme. Hier beteiligten sich 3 Kameraden aus der FF Neuenhagen. Vorbreitet wurde die Abnahme, die einen feuerwehrtechnischen Teil, Knoten und Stiche, einen theoretischen Teil [&hellip;]<\/p>\n","protected":false},"author":3,"featured_media":1275,"comment_status":"closed","ping_status":"closed","sticky":false,"template":"","format":"standard","meta":{"footnotes":""},"categories":[1],"tags":[],"class_list":["post-1274","post","type-post","status-publish","format-standard","has-post-thumbnail","hentry","category-sonstige"],"_links":{"self":[{"href":"https:\/\/kfv-mol.de\/Wordpress\/wp-json\/wp\/v2\/posts\/1274","targetHints":{"allow":["GET"]}}],"collection":[{"href":"https:\/\/kfv-mol.de\/Wordpress\/wp-json\/wp\/v2\/posts"}],"about":[{"href":"https:\/\/kfv-mol.de\/Wordpress\/wp-json\/wp\/v2\/types\/post"}],"author":[{"embeddable":true,"href":"https:\/\/kfv-mol.de\/Wordpress\/wp-json\/wp\/v2\/users\/3"}],"replies":[{"embeddable":true,"href":"https:\/\/kfv-mol.de\/Wordpress\/wp-json\/wp\/v2\/comments?post=1274"}],"version-history":[{"count":0,"href":"https:\/\/kfv-mol.de\/Wordpress\/wp-json\/wp\/v2\/posts\/1274\/revisions"}],"wp:featuredmedia":[{"embeddable":true,"href":"https:\/\/kfv-mol.de\/Wordpress\/wp-json\/wp\/v2\/media\/1275"}],"wp:attachment":[{"href":"https:\/\/kfv-mol.de\/Wordpress\/wp-json\/wp\/v2\/media?parent=1274"}],"wp:term":[{"taxonomy":"category","embeddable":true,"href":"https:\/\/kfv-mol.de\/Wordpress\/wp-json\/wp\/v2\/categories?post=1274"},{"taxonomy":"post_tag","embeddable":true,"href":"https:\/\/kfv-mol.de\/Wordpress\/wp-json\/wp\/v2\/tags?post=1274"}],"curies":[{"name":"wp","href":"https:\/\/api.w.org\/{rel}","templated":true}]}}