{"id":116,"date":"2011-03-18T18:24:45","date_gmt":"2011-03-18T17:24:45","guid":{"rendered":"http:\/\/www.kfv-mol.de\/Wordpress\/?p=116"},"modified":"2011-04-07T06:15:43","modified_gmt":"2011-04-07T05:15:43","slug":"teamarbeit-fur-die-jugendwehr","status":"publish","type":"post","link":"https:\/\/kfv-mol.de\/Wordpress\/Artikel\/teamarbeit-fur-die-jugendwehr\/","title":{"rendered":"Teamarbeit f\u00fcr die Jugendwehr"},"content":{"rendered":"<p>Artikel von:<\/p>\n<div>\n<div>\n<p><a id=\"autor_alle_artikel\" href=\"http:\/\/www.moz.de\/alle-artikel\/rtype\/1\/dg\/0\/5\/?tx_rsmdailygen_pi1%5Bauthorname%5D=uwo%20spranger&amp;cHash=ccefa3c669e9e054e526da4e1ec21a8b\">uwo spranger<\/a> 25.02.2011 19:03 Uhr<br \/>\nRed. Strausberg, <a href=\"mailto:strausberg-red@moz.de\">strausberg-red@moz.de<\/a><\/p>\n<p>&nbsp;<\/p>\n<p>Strausberg (moz) Die Kreisjugendfeuerwehr M\u00e4rkisch-Oderland muss k\u00fcnftig  Ger\u00e4tschaften nicht mehr mit dem Mannschaftsbus transportieren. Im  Feuerwehrtechnischen Zent\u2028trum Strausberg wurde jetzt ein Kastenanh\u00e4nger  f\u00fcr die Truppe unter Leitung von Andr\u00e9 Strehmann \u00fcbergeben.<a href=\"https:\/\/kfv-mol.de\/Wordpress\/wp-content\/uploads\/2011\/03\/750a9965b9.jpg\"><img decoding=\"async\" class=\"alignnone size-full wp-image-117 lazyload\" title=\"Anh\u00e4nger\" data-src=\"https:\/\/kfv-mol.de\/Wordpress\/wp-content\/uploads\/2011\/03\/750a9965b9.jpg\" alt=\"\" width=\"630\" height=\"426\" data-srcset=\"https:\/\/kfv-mol.de\/Wordpress\/wp-content\/uploads\/2011\/03\/750a9965b9.jpg 630w, https:\/\/kfv-mol.de\/Wordpress\/wp-content\/uploads\/2011\/03\/750a9965b9-300x202.jpg 300w\" data-sizes=\"(max-width: 630px) 100vw, 630px\" src=\"data:image\/svg+xml;base64,PHN2ZyB3aWR0aD0iMSIgaGVpZ2h0PSIxIiB4bWxucz0iaHR0cDovL3d3dy53My5vcmcvMjAwMC9zdmciPjwvc3ZnPg==\" style=\"--smush-placeholder-width: 630px; --smush-placeholder-aspect-ratio: 630\/426;\" \/><\/a><\/p>\n<p>Knapp 3000 Euro hat das Fahrzeug gekostet. 90 Prozent davon hat das Land  zugeschossen, aus Lottomitteln, wie Vize-Landesbranddirektor Rainer  Sachse erkl\u00e4rte. \u201eDie M\u00e4rkisch-Oderl\u00e4nder sind sehr aktiv im  Wettkampfsport, und man muss das Material auch sicher zu den Pl\u00e4tzen  bekommen, denn die Ger\u00e4te sind nicht ganz billig\u201c, sagte Sachse.  Kreisfeuerwehrverbandschef Hand-Dieter Kandzia nannte den Lottofonds  eine \u201egute Quelle f\u00fcr dringend ben\u00f6tigte Dinge\u201c. Und das Geld sei bei  der Jugendfeuerwehr gut angelegt. Schlie\u00dflich sei diese die  Nachwuchsquelle f\u00fcr die Feuerwehren im Landkreis.<\/p>\n<p><a href=\"http:\/\/www.moz.de\/artikel-ansicht\/dg\/0\/1\/284130\/\" target=\"_blank\">weiterlesen<\/a><\/p>\n<\/div>\n<\/div>\n","protected":false},"excerpt":{"rendered":"<p>Artikel von: uwo spranger 25.02.2011 19:03 Uhr Red. Strausberg, strausberg-red@moz.de &nbsp; Strausberg (moz) Die Kreisjugendfeuerwehr M\u00e4rkisch-Oderland muss k\u00fcnftig Ger\u00e4tschaften nicht mehr mit dem Mannschaftsbus transportieren. Im Feuerwehrtechnischen Zent\u2028trum Strausberg wurde jetzt ein Kastenanh\u00e4nger f\u00fcr die Truppe unter Leitung von Andr\u00e9 Strehmann \u00fcbergeben. Knapp 3000 Euro hat das Fahrzeug gekostet. 90 Prozent davon hat das Land [&hellip;]<\/p>\n","protected":false},"author":1,"featured_media":0,"comment_status":"closed","ping_status":"closed","sticky":false,"template":"","format":"standard","meta":{"footnotes":""},"categories":[5],"tags":[],"class_list":["post-116","post","type-post","status-publish","format-standard","hentry","category-kreisjugendfeuerwehr"],"_links":{"self":[{"href":"https:\/\/kfv-mol.de\/Wordpress\/wp-json\/wp\/v2\/posts\/116","targetHints":{"allow":["GET"]}}],"collection":[{"href":"https:\/\/kfv-mol.de\/Wordpress\/wp-json\/wp\/v2\/posts"}],"about":[{"href":"https:\/\/kfv-mol.de\/Wordpress\/wp-json\/wp\/v2\/types\/post"}],"author":[{"embeddable":true,"href":"https:\/\/kfv-mol.de\/Wordpress\/wp-json\/wp\/v2\/users\/1"}],"replies":[{"embeddable":true,"href":"https:\/\/kfv-mol.de\/Wordpress\/wp-json\/wp\/v2\/comments?post=116"}],"version-history":[{"count":0,"href":"https:\/\/kfv-mol.de\/Wordpress\/wp-json\/wp\/v2\/posts\/116\/revisions"}],"wp:attachment":[{"href":"https:\/\/kfv-mol.de\/Wordpress\/wp-json\/wp\/v2\/media?parent=116"}],"wp:term":[{"taxonomy":"category","embeddable":true,"href":"https:\/\/kfv-mol.de\/Wordpress\/wp-json\/wp\/v2\/categories?post=116"},{"taxonomy":"post_tag","embeddable":true,"href":"https:\/\/kfv-mol.de\/Wordpress\/wp-json\/wp\/v2\/tags?post=116"}],"curies":[{"name":"wp","href":"https:\/\/api.w.org\/{rel}","templated":true}]}}