{"id":11454,"date":"2026-03-02T10:01:12","date_gmt":"2026-03-02T09:01:12","guid":{"rendered":"https:\/\/kfv-mol.de\/Wordpress\/?p=11454"},"modified":"2026-03-03T10:14:45","modified_gmt":"2026-03-03T09:14:45","slug":"wir-trauern-6","status":"publish","type":"post","link":"https:\/\/kfv-mol.de\/Wordpress\/Artikel\/wir-trauern-6\/","title":{"rendered":"Wir trauern"},"content":{"rendered":"\n<p>Der Kreisfeuerwehrverband M\u00e4rkisch-Oderland trauert um langj\u00e4hrige und verdiente Kameraden und Weggef\u00e4hrten und w\u00fcnscht deren Angeh\u00f6rigen und Freunden viel Zuversicht und und die Kraft die schwere Zeit des Abschieds zu bestehen.<\/p>\n","protected":false},"excerpt":{"rendered":"<p>Der Kreisfeuerwehrverband M\u00e4rkisch-Oderland trauert um langj\u00e4hrige und verdiente Kameraden und Weggef\u00e4hrten und w\u00fcnscht deren Angeh\u00f6rigen und Freunden viel Zuversicht und und die Kraft die schwere Zeit des Abschieds zu bestehen.<\/p>\n","protected":false},"author":3,"featured_media":11457,"comment_status":"closed","ping_status":"closed","sticky":false,"template":"","format":"standard","meta":{"footnotes":""},"categories":[1],"tags":[],"class_list":["post-11454","post","type-post","status-publish","format-standard","has-post-thumbnail","hentry","category-sonstige"],"_links":{"self":[{"href":"https:\/\/kfv-mol.de\/Wordpress\/wp-json\/wp\/v2\/posts\/11454","targetHints":{"allow":["GET"]}}],"collection":[{"href":"https:\/\/kfv-mol.de\/Wordpress\/wp-json\/wp\/v2\/posts"}],"about":[{"href":"https:\/\/kfv-mol.de\/Wordpress\/wp-json\/wp\/v2\/types\/post"}],"author":[{"embeddable":true,"href":"https:\/\/kfv-mol.de\/Wordpress\/wp-json\/wp\/v2\/users\/3"}],"replies":[{"embeddable":true,"href":"https:\/\/kfv-mol.de\/Wordpress\/wp-json\/wp\/v2\/comments?post=11454"}],"version-history":[{"count":0,"href":"https:\/\/kfv-mol.de\/Wordpress\/wp-json\/wp\/v2\/posts\/11454\/revisions"}],"wp:featuredmedia":[{"embeddable":true,"href":"https:\/\/kfv-mol.de\/Wordpress\/wp-json\/wp\/v2\/media\/11457"}],"wp:attachment":[{"href":"https:\/\/kfv-mol.de\/Wordpress\/wp-json\/wp\/v2\/media?parent=11454"}],"wp:term":[{"taxonomy":"category","embeddable":true,"href":"https:\/\/kfv-mol.de\/Wordpress\/wp-json\/wp\/v2\/categories?post=11454"},{"taxonomy":"post_tag","embeddable":true,"href":"https:\/\/kfv-mol.de\/Wordpress\/wp-json\/wp\/v2\/tags?post=11454"}],"curies":[{"name":"wp","href":"https:\/\/api.w.org\/{rel}","templated":true}]}}