{"id":11439,"date":"2026-02-27T10:21:27","date_gmt":"2026-02-27T09:21:27","guid":{"rendered":"https:\/\/kfv-mol.de\/Wordpress\/?p=11439"},"modified":"2026-02-27T10:21:28","modified_gmt":"2026-02-27T09:21:28","slug":"fuehrungswechsel-bei-der-feuerwehr-petershagen-eggersdorf","status":"publish","type":"post","link":"https:\/\/kfv-mol.de\/Wordpress\/Artikel\/fuehrungswechsel-bei-der-feuerwehr-petershagen-eggersdorf\/","title":{"rendered":"F\u00fchrungswechsel bei der Feuerwehr Petershagen\/Eggersdorf"},"content":{"rendered":"\n<p>Am Donnerstag, den 26. Februar 2026 verabschiedeten die Kameraden der Freiwilligen Feuerwehr Petershagen\/Eggersdorf den nach \u00fcber 7 Amtsjahren infolge Wohnortwechsel scheidenden Gemeindewehrf\u00fchrer Hauptbrandinspektor <strong>Raik Brauner<\/strong> mit einem kleinen Zapfenstreich. Die musikalische Umrahmung \u00fcbernahm die Kapelle der FF Fredersdorf-S\u00fcd. Als G\u00e4ste waren F\u00fchrungskr\u00e4fte aus den FF Strausberg und Altlandsberg sowie Gemeindevertreter anwesend.<\/p>\n\n\n\n<p>Der B\u00fcrgermeister Marco Rutter w\u00fcrdigte die Arbeit des Kameraden Brauner und \u00fcberreichte ihm die Abschiedsgeschenke der Kameradinnen und Kameraden.<\/p>\n\n\n\n<p>Am gleichen Tag wurde Kamerad Hauptbrandmeister <strong>Matthias Ne\u00df<\/strong> von der Gemeindevertretung zum neuen Gemeindewehrf\u00fchrer bestellt.<\/p>\n\n\n\n<figure class=\"wp-block-gallery has-nested-images columns-default is-cropped wp-block-gallery-1 is-layout-flex wp-block-gallery-is-layout-flex\">\n<figure class=\"wp-block-image size-large\"><img decoding=\"async\" width=\"1024\" height=\"576\" data-id=\"11445\" data-src=\"https:\/\/kfv-mol.de\/Wordpress\/wp-content\/uploads\/2026\/02\/0a1855ab-6f13-484a-8f69-70da31d7155e-1024x576.jpg\" alt=\"\" class=\"wp-image-11445 lazyload\" data-srcset=\"https:\/\/kfv-mol.de\/Wordpress\/wp-content\/uploads\/2026\/02\/0a1855ab-6f13-484a-8f69-70da31d7155e-1024x576.jpg 1024w, https:\/\/kfv-mol.de\/Wordpress\/wp-content\/uploads\/2026\/02\/0a1855ab-6f13-484a-8f69-70da31d7155e-300x169.jpg 300w, https:\/\/kfv-mol.de\/Wordpress\/wp-content\/uploads\/2026\/02\/0a1855ab-6f13-484a-8f69-70da31d7155e-768x432.jpg 768w, https:\/\/kfv-mol.de\/Wordpress\/wp-content\/uploads\/2026\/02\/0a1855ab-6f13-484a-8f69-70da31d7155e-1536x864.jpg 1536w, https:\/\/kfv-mol.de\/Wordpress\/wp-content\/uploads\/2026\/02\/0a1855ab-6f13-484a-8f69-70da31d7155e.jpg 1920w\" data-sizes=\"(max-width: 1024px) 100vw, 1024px\" src=\"data:image\/svg+xml;base64,PHN2ZyB3aWR0aD0iMSIgaGVpZ2h0PSIxIiB4bWxucz0iaHR0cDovL3d3dy53My5vcmcvMjAwMC9zdmciPjwvc3ZnPg==\" style=\"--smush-placeholder-width: 1024px; --smush-placeholder-aspect-ratio: 1024\/576;\" \/><\/figure>\n\n\n\n<figure class=\"wp-block-image size-large\"><img decoding=\"async\" width=\"1024\" height=\"576\" data-id=\"11446\" data-src=\"https:\/\/kfv-mol.de\/Wordpress\/wp-content\/uploads\/2026\/02\/5be0fadd-27f0-447b-a3c6-f22dc2dd9b29-1024x576.jpg\" alt=\"\" class=\"wp-image-11446 lazyload\" data-srcset=\"https:\/\/kfv-mol.de\/Wordpress\/wp-content\/uploads\/2026\/02\/5be0fadd-27f0-447b-a3c6-f22dc2dd9b29-1024x576.jpg 1024w, https:\/\/kfv-mol.de\/Wordpress\/wp-content\/uploads\/2026\/02\/5be0fadd-27f0-447b-a3c6-f22dc2dd9b29-300x169.jpg 300w, https:\/\/kfv-mol.de\/Wordpress\/wp-content\/uploads\/2026\/02\/5be0fadd-27f0-447b-a3c6-f22dc2dd9b29-768x432.jpg 768w, https:\/\/kfv-mol.de\/Wordpress\/wp-content\/uploads\/2026\/02\/5be0fadd-27f0-447b-a3c6-f22dc2dd9b29-1536x864.jpg 1536w, https:\/\/kfv-mol.de\/Wordpress\/wp-content\/uploads\/2026\/02\/5be0fadd-27f0-447b-a3c6-f22dc2dd9b29.jpg 1920w\" data-sizes=\"(max-width: 1024px) 100vw, 1024px\" src=\"data:image\/svg+xml;base64,PHN2ZyB3aWR0aD0iMSIgaGVpZ2h0PSIxIiB4bWxucz0iaHR0cDovL3d3dy53My5vcmcvMjAwMC9zdmciPjwvc3ZnPg==\" style=\"--smush-placeholder-width: 1024px; --smush-placeholder-aspect-ratio: 1024\/576;\" \/><\/figure>\n\n\n\n<figure class=\"wp-block-image size-large\"><img decoding=\"async\" width=\"1024\" height=\"576\" data-id=\"11450\" data-src=\"https:\/\/kfv-mol.de\/Wordpress\/wp-content\/uploads\/2026\/02\/20260226_182755-1024x576.jpg\" alt=\"\" class=\"wp-image-11450 lazyload\" data-srcset=\"https:\/\/kfv-mol.de\/Wordpress\/wp-content\/uploads\/2026\/02\/20260226_182755-1024x576.jpg 1024w, https:\/\/kfv-mol.de\/Wordpress\/wp-content\/uploads\/2026\/02\/20260226_182755-300x169.jpg 300w, https:\/\/kfv-mol.de\/Wordpress\/wp-content\/uploads\/2026\/02\/20260226_182755-768x432.jpg 768w, https:\/\/kfv-mol.de\/Wordpress\/wp-content\/uploads\/2026\/02\/20260226_182755-1536x864.jpg 1536w, https:\/\/kfv-mol.de\/Wordpress\/wp-content\/uploads\/2026\/02\/20260226_182755-2048x1152.jpg 2048w\" data-sizes=\"(max-width: 1024px) 100vw, 1024px\" src=\"data:image\/svg+xml;base64,PHN2ZyB3aWR0aD0iMSIgaGVpZ2h0PSIxIiB4bWxucz0iaHR0cDovL3d3dy53My5vcmcvMjAwMC9zdmciPjwvc3ZnPg==\" style=\"--smush-placeholder-width: 1024px; --smush-placeholder-aspect-ratio: 1024\/576;\" \/><\/figure>\n\n\n\n<figure class=\"wp-block-image size-large\"><img decoding=\"async\" width=\"576\" height=\"1024\" data-id=\"11447\" data-src=\"https:\/\/kfv-mol.de\/Wordpress\/wp-content\/uploads\/2026\/02\/bb2bed33-c991-4df5-8dc1-2a7bf30378d6-576x1024.jpg\" alt=\"\" class=\"wp-image-11447 lazyload\" data-srcset=\"https:\/\/kfv-mol.de\/Wordpress\/wp-content\/uploads\/2026\/02\/bb2bed33-c991-4df5-8dc1-2a7bf30378d6-576x1024.jpg 576w, https:\/\/kfv-mol.de\/Wordpress\/wp-content\/uploads\/2026\/02\/bb2bed33-c991-4df5-8dc1-2a7bf30378d6-169x300.jpg 169w, https:\/\/kfv-mol.de\/Wordpress\/wp-content\/uploads\/2026\/02\/bb2bed33-c991-4df5-8dc1-2a7bf30378d6-768x1365.jpg 768w, https:\/\/kfv-mol.de\/Wordpress\/wp-content\/uploads\/2026\/02\/bb2bed33-c991-4df5-8dc1-2a7bf30378d6-864x1536.jpg 864w, https:\/\/kfv-mol.de\/Wordpress\/wp-content\/uploads\/2026\/02\/bb2bed33-c991-4df5-8dc1-2a7bf30378d6.jpg 1080w\" data-sizes=\"(max-width: 576px) 100vw, 576px\" src=\"data:image\/svg+xml;base64,PHN2ZyB3aWR0aD0iMSIgaGVpZ2h0PSIxIiB4bWxucz0iaHR0cDovL3d3dy53My5vcmcvMjAwMC9zdmciPjwvc3ZnPg==\" style=\"--smush-placeholder-width: 576px; --smush-placeholder-aspect-ratio: 576\/1024;\" \/><\/figure>\n\n\n\n<figure class=\"wp-block-image size-large\"><img decoding=\"async\" width=\"1024\" height=\"683\" data-id=\"11448\" data-src=\"https:\/\/kfv-mol.de\/Wordpress\/wp-content\/uploads\/2026\/02\/IMG-20260226-WA0010-1024x683.jpg\" alt=\"\" class=\"wp-image-11448 lazyload\" data-srcset=\"https:\/\/kfv-mol.de\/Wordpress\/wp-content\/uploads\/2026\/02\/IMG-20260226-WA0010-1024x683.jpg 1024w, https:\/\/kfv-mol.de\/Wordpress\/wp-content\/uploads\/2026\/02\/IMG-20260226-WA0010-300x200.jpg 300w, https:\/\/kfv-mol.de\/Wordpress\/wp-content\/uploads\/2026\/02\/IMG-20260226-WA0010-768x512.jpg 768w, https:\/\/kfv-mol.de\/Wordpress\/wp-content\/uploads\/2026\/02\/IMG-20260226-WA0010-1536x1025.jpg 1536w, https:\/\/kfv-mol.de\/Wordpress\/wp-content\/uploads\/2026\/02\/IMG-20260226-WA0010-2048x1366.jpg 2048w\" data-sizes=\"(max-width: 1024px) 100vw, 1024px\" src=\"data:image\/svg+xml;base64,PHN2ZyB3aWR0aD0iMSIgaGVpZ2h0PSIxIiB4bWxucz0iaHR0cDovL3d3dy53My5vcmcvMjAwMC9zdmciPjwvc3ZnPg==\" style=\"--smush-placeholder-width: 1024px; --smush-placeholder-aspect-ratio: 1024\/683;\" \/><\/figure>\n\n\n\n<figure class=\"wp-block-image size-large\"><img decoding=\"async\" width=\"577\" height=\"1024\" data-id=\"11449\" data-src=\"https:\/\/kfv-mol.de\/Wordpress\/wp-content\/uploads\/2026\/02\/IMG-20260227-WA0005-577x1024.jpg\" alt=\"\" class=\"wp-image-11449 lazyload\" data-srcset=\"https:\/\/kfv-mol.de\/Wordpress\/wp-content\/uploads\/2026\/02\/IMG-20260227-WA0005-577x1024.jpg 577w, https:\/\/kfv-mol.de\/Wordpress\/wp-content\/uploads\/2026\/02\/IMG-20260227-WA0005-169x300.jpg 169w, https:\/\/kfv-mol.de\/Wordpress\/wp-content\/uploads\/2026\/02\/IMG-20260227-WA0005-768x1364.jpg 768w, https:\/\/kfv-mol.de\/Wordpress\/wp-content\/uploads\/2026\/02\/IMG-20260227-WA0005-865x1536.jpg 865w, https:\/\/kfv-mol.de\/Wordpress\/wp-content\/uploads\/2026\/02\/IMG-20260227-WA0005-1153x2048.jpg 1153w, https:\/\/kfv-mol.de\/Wordpress\/wp-content\/uploads\/2026\/02\/IMG-20260227-WA0005-scaled.jpg 1441w\" data-sizes=\"(max-width: 577px) 100vw, 577px\" src=\"data:image\/svg+xml;base64,PHN2ZyB3aWR0aD0iMSIgaGVpZ2h0PSIxIiB4bWxucz0iaHR0cDovL3d3dy53My5vcmcvMjAwMC9zdmciPjwvc3ZnPg==\" style=\"--smush-placeholder-width: 577px; --smush-placeholder-aspect-ratio: 577\/1024;\" \/><\/figure>\n\n\n\n<figure class=\"wp-block-image size-large\"><img decoding=\"async\" width=\"1024\" height=\"683\" data-id=\"11444\" data-src=\"https:\/\/kfv-mol.de\/Wordpress\/wp-content\/uploads\/2026\/02\/IMG-20260227-WA0048-1024x683.jpg\" alt=\"\" class=\"wp-image-11444 lazyload\" data-srcset=\"https:\/\/kfv-mol.de\/Wordpress\/wp-content\/uploads\/2026\/02\/IMG-20260227-WA0048-1024x683.jpg 1024w, https:\/\/kfv-mol.de\/Wordpress\/wp-content\/uploads\/2026\/02\/IMG-20260227-WA0048-300x200.jpg 300w, https:\/\/kfv-mol.de\/Wordpress\/wp-content\/uploads\/2026\/02\/IMG-20260227-WA0048-768x512.jpg 768w, https:\/\/kfv-mol.de\/Wordpress\/wp-content\/uploads\/2026\/02\/IMG-20260227-WA0048-1536x1024.jpg 1536w, https:\/\/kfv-mol.de\/Wordpress\/wp-content\/uploads\/2026\/02\/IMG-20260227-WA0048.jpg 1600w\" data-sizes=\"(max-width: 1024px) 100vw, 1024px\" src=\"data:image\/svg+xml;base64,PHN2ZyB3aWR0aD0iMSIgaGVpZ2h0PSIxIiB4bWxucz0iaHR0cDovL3d3dy53My5vcmcvMjAwMC9zdmciPjwvc3ZnPg==\" style=\"--smush-placeholder-width: 1024px; --smush-placeholder-aspect-ratio: 1024\/683;\" \/><\/figure>\n\n\n\n<figure class=\"wp-block-image size-large\"><img decoding=\"async\" width=\"492\" height=\"656\" data-id=\"11443\" data-src=\"https:\/\/kfv-mol.de\/Wordpress\/wp-content\/uploads\/2026\/02\/zzzzzzzzz.jpg\" alt=\"\" class=\"wp-image-11443 lazyload\" data-srcset=\"https:\/\/kfv-mol.de\/Wordpress\/wp-content\/uploads\/2026\/02\/zzzzzzzzz.jpg 492w, https:\/\/kfv-mol.de\/Wordpress\/wp-content\/uploads\/2026\/02\/zzzzzzzzz-225x300.jpg 225w\" data-sizes=\"(max-width: 492px) 100vw, 492px\" src=\"data:image\/svg+xml;base64,PHN2ZyB3aWR0aD0iMSIgaGVpZ2h0PSIxIiB4bWxucz0iaHR0cDovL3d3dy53My5vcmcvMjAwMC9zdmciPjwvc3ZnPg==\" style=\"--smush-placeholder-width: 492px; --smush-placeholder-aspect-ratio: 492\/656;\" \/><figcaption class=\"wp-element-caption\">Der neue Gemeindewehrf\u00fchrer Matthias Ne\u00df<\/figcaption><\/figure>\n<\/figure>\n","protected":false},"excerpt":{"rendered":"<p>Am Donnerstag, den 26. Februar 2026 verabschiedeten die Kameraden der Freiwilligen Feuerwehr Petershagen\/Eggersdorf den nach \u00fcber 7 Amtsjahren infolge Wohnortwechsel scheidenden Gemeindewehrf\u00fchrer Hauptbrandinspektor Raik Brauner mit einem kleinen Zapfenstreich. Die musikalische Umrahmung \u00fcbernahm die Kapelle der FF Fredersdorf-S\u00fcd. Als G\u00e4ste waren F\u00fchrungskr\u00e4fte aus den FF Strausberg und Altlandsberg sowie Gemeindevertreter anwesend. Der B\u00fcrgermeister Marco Rutter [&hellip;]<\/p>\n","protected":false},"author":3,"featured_media":11441,"comment_status":"closed","ping_status":"closed","sticky":false,"template":"","format":"standard","meta":{"footnotes":""},"categories":[1],"tags":[],"class_list":["post-11439","post","type-post","status-publish","format-standard","has-post-thumbnail","hentry","category-sonstige"],"_links":{"self":[{"href":"https:\/\/kfv-mol.de\/Wordpress\/wp-json\/wp\/v2\/posts\/11439","targetHints":{"allow":["GET"]}}],"collection":[{"href":"https:\/\/kfv-mol.de\/Wordpress\/wp-json\/wp\/v2\/posts"}],"about":[{"href":"https:\/\/kfv-mol.de\/Wordpress\/wp-json\/wp\/v2\/types\/post"}],"author":[{"embeddable":true,"href":"https:\/\/kfv-mol.de\/Wordpress\/wp-json\/wp\/v2\/users\/3"}],"replies":[{"embeddable":true,"href":"https:\/\/kfv-mol.de\/Wordpress\/wp-json\/wp\/v2\/comments?post=11439"}],"version-history":[{"count":0,"href":"https:\/\/kfv-mol.de\/Wordpress\/wp-json\/wp\/v2\/posts\/11439\/revisions"}],"wp:featuredmedia":[{"embeddable":true,"href":"https:\/\/kfv-mol.de\/Wordpress\/wp-json\/wp\/v2\/media\/11441"}],"wp:attachment":[{"href":"https:\/\/kfv-mol.de\/Wordpress\/wp-json\/wp\/v2\/media?parent=11439"}],"wp:term":[{"taxonomy":"category","embeddable":true,"href":"https:\/\/kfv-mol.de\/Wordpress\/wp-json\/wp\/v2\/categories?post=11439"},{"taxonomy":"post_tag","embeddable":true,"href":"https:\/\/kfv-mol.de\/Wordpress\/wp-json\/wp\/v2\/tags?post=11439"}],"curies":[{"name":"wp","href":"https:\/\/api.w.org\/{rel}","templated":true}]}}