{"id":11433,"date":"2026-02-23T16:46:54","date_gmt":"2026-02-23T15:46:54","guid":{"rendered":"https:\/\/kfv-mol.de\/Wordpress\/?p=11433"},"modified":"2026-02-23T16:46:55","modified_gmt":"2026-02-23T15:46:55","slug":"ehrenzeichen-fuer-haselberger-kameraden","status":"publish","type":"post","link":"https:\/\/kfv-mol.de\/Wordpress\/Artikel\/ehrenzeichen-fuer-haselberger-kameraden\/","title":{"rendered":"Ehrenzeichen f\u00fcr Haselberger Kameraden"},"content":{"rendered":"\n<p>Am Sonnabend, dem 21. Februar fand in Haselberg die Jahreshauptversammlung der Ortsfeuerwehr im Beisein des B\u00fcrgermeisters Herrn Ilm und des Stadtwehrf\u00fchrers von Wriezen statt. <\/p>\n\n\n\n<p>Nach dem Bericht des Ortswehrf\u00fchrers Robert Masche wurden verdienstvolle Kameraden ausgezeichnet und bef\u00f6rdert.<\/p>\n\n\n\n<p>Der Kreisbrandmeister Sebastian Nestroy verlieh dem scheidenden stellv. Ortswehrf\u00fchrer Guido Konitzer das Ehrenzeichen des Kreisfeuerwehrverbandes MOL.<\/p>\n\n\n\n<figure class=\"wp-block-image size-large\"><img decoding=\"async\" width=\"768\" height=\"1024\" data-src=\"https:\/\/kfv-mol.de\/Wordpress\/wp-content\/uploads\/2026\/02\/637296994_1224440166545259_2238265677051068108_n-768x1024.jpg\" alt=\"\" class=\"wp-image-11434 lazyload\" data-srcset=\"https:\/\/kfv-mol.de\/Wordpress\/wp-content\/uploads\/2026\/02\/637296994_1224440166545259_2238265677051068108_n-768x1024.jpg 768w, https:\/\/kfv-mol.de\/Wordpress\/wp-content\/uploads\/2026\/02\/637296994_1224440166545259_2238265677051068108_n-225x300.jpg 225w, https:\/\/kfv-mol.de\/Wordpress\/wp-content\/uploads\/2026\/02\/637296994_1224440166545259_2238265677051068108_n-1152x1536.jpg 1152w, https:\/\/kfv-mol.de\/Wordpress\/wp-content\/uploads\/2026\/02\/637296994_1224440166545259_2238265677051068108_n.jpg 1200w\" data-sizes=\"(max-width: 768px) 100vw, 768px\" src=\"data:image\/svg+xml;base64,PHN2ZyB3aWR0aD0iMSIgaGVpZ2h0PSIxIiB4bWxucz0iaHR0cDovL3d3dy53My5vcmcvMjAwMC9zdmciPjwvc3ZnPg==\" style=\"--smush-placeholder-width: 768px; --smush-placeholder-aspect-ratio: 768\/1024;\" \/><\/figure>\n","protected":false},"excerpt":{"rendered":"<p>Am Sonnabend, dem 21. Februar fand in Haselberg die Jahreshauptversammlung der Ortsfeuerwehr im Beisein des B\u00fcrgermeisters Herrn Ilm und des Stadtwehrf\u00fchrers von Wriezen statt. Nach dem Bericht des Ortswehrf\u00fchrers Robert Masche wurden verdienstvolle Kameraden ausgezeichnet und bef\u00f6rdert. Der Kreisbrandmeister Sebastian Nestroy verlieh dem scheidenden stellv. Ortswehrf\u00fchrer Guido Konitzer das Ehrenzeichen des Kreisfeuerwehrverbandes MOL.<\/p>\n","protected":false},"author":3,"featured_media":11435,"comment_status":"closed","ping_status":"closed","sticky":false,"template":"","format":"standard","meta":{"footnotes":""},"categories":[1],"tags":[],"class_list":["post-11433","post","type-post","status-publish","format-standard","has-post-thumbnail","hentry","category-sonstige"],"_links":{"self":[{"href":"https:\/\/kfv-mol.de\/Wordpress\/wp-json\/wp\/v2\/posts\/11433","targetHints":{"allow":["GET"]}}],"collection":[{"href":"https:\/\/kfv-mol.de\/Wordpress\/wp-json\/wp\/v2\/posts"}],"about":[{"href":"https:\/\/kfv-mol.de\/Wordpress\/wp-json\/wp\/v2\/types\/post"}],"author":[{"embeddable":true,"href":"https:\/\/kfv-mol.de\/Wordpress\/wp-json\/wp\/v2\/users\/3"}],"replies":[{"embeddable":true,"href":"https:\/\/kfv-mol.de\/Wordpress\/wp-json\/wp\/v2\/comments?post=11433"}],"version-history":[{"count":0,"href":"https:\/\/kfv-mol.de\/Wordpress\/wp-json\/wp\/v2\/posts\/11433\/revisions"}],"wp:featuredmedia":[{"embeddable":true,"href":"https:\/\/kfv-mol.de\/Wordpress\/wp-json\/wp\/v2\/media\/11435"}],"wp:attachment":[{"href":"https:\/\/kfv-mol.de\/Wordpress\/wp-json\/wp\/v2\/media?parent=11433"}],"wp:term":[{"taxonomy":"category","embeddable":true,"href":"https:\/\/kfv-mol.de\/Wordpress\/wp-json\/wp\/v2\/categories?post=11433"},{"taxonomy":"post_tag","embeddable":true,"href":"https:\/\/kfv-mol.de\/Wordpress\/wp-json\/wp\/v2\/tags?post=11433"}],"curies":[{"name":"wp","href":"https:\/\/api.w.org\/{rel}","templated":true}]}}