{"id":11410,"date":"2026-02-22T11:21:21","date_gmt":"2026-02-22T10:21:21","guid":{"rendered":"https:\/\/kfv-mol.de\/Wordpress\/?p=11410"},"modified":"2026-02-22T11:21:22","modified_gmt":"2026-02-22T10:21:22","slug":"ministerpraesident-bei-jahreshauptversammlung","status":"publish","type":"post","link":"https:\/\/kfv-mol.de\/Wordpress\/Artikel\/ministerpraesident-bei-jahreshauptversammlung\/","title":{"rendered":"Ministerpr\u00e4sident bei Jahreshauptversammlung"},"content":{"rendered":"\n<p>Die Jahreshauptversammlung der Freiwilligen Feuerwehr Petershagen\/Eggersdorf fand am 20. Februar in der Giebelseehalle statt. Unter den G\u00e4sten war auch unser Ministerpr\u00e4sident Dr. Dietmar Woidke. Anlass dieses hohen Besuches war die Verleihung der Medaillen f\u00fcr 60 Jahre treue Dienste an den Ehrenwehrf\u00fchrer und ehemaligen Vorsitzenden des Kreisfeuerwehrverbandes Oberbrandinspektor <strong>Hans-Dieter Kandzia <\/strong>und an den ehemaligen stellv. Ortswehrf\u00fchrer Hauptbrandmeister <strong>Mario Eidekorn<\/strong>.<\/p>\n\n\n\n<p>Dr. Woidke nahm die Ehrung pers\u00f6nlich vor und bedankte sich bei beiden Jubilaren und allen Kameradinnen und Kameraden f\u00fcr ihr stetes ehrenamtliche Engagement. Gleichzeitig dankte er auch den Familienangeh\u00f6rigen, die immer Verst\u00e4ndnis f\u00fcr die Feuerwehrarbeit aufbringen.<\/p>\n\n\n\n<p>Als G\u00e4ste waren auch der Landrat Gernot Schmidt, der Kreisbrandmeister Sebastian Nestroy und der stellv. Vorsitzende der Gemeindevertretung Wolfgang Marx zugegen. Der k\u00fcrzlich wiedergew\u00e4hlte B\u00fcrgermeister Marco Rutter ist selbst Angeh\u00f6riger der Freiwilligen Feuerwehr und wurde f\u00fcr 30 Jahre treue Dienste ausgezeichnet. <\/p>\n\n\n\n<p>Der Ministerpr\u00e4sident blieb bis zum Schluss der Veranstaltung und nahm auch an den \u00fcbrigen Ehrungen und Bef\u00f6rderungen teil. <\/p>\n\n\n\n<p>Da der bisherige Gemeindewehrf\u00fchrer Raik Brauner aus der Gemeinde weggezogen ist, \u00fcbernahm die Moderation der Jahreshauptversammlung der k\u00fcnftige Gemeindewehrf\u00fchrer Matthias Ne\u00df. <\/p>\n\n\n\n<p>Neben Bef\u00f6rderungen und staatlichen Auszeichnungen wurden auch Verbandsauszeichnungen (zwei Leistungsabzeichen und eine Medaille Ukrainehilfe)  ausgesprochen.<\/p>\n\n\n\n<figure class=\"wp-block-gallery has-nested-images columns-default is-cropped wp-block-gallery-1 is-layout-flex wp-block-gallery-is-layout-flex\">\n<figure class=\"wp-block-image size-large\"><img decoding=\"async\" width=\"700\" height=\"467\" data-id=\"11419\" data-src=\"https:\/\/kfv-mol.de\/Wordpress\/wp-content\/uploads\/2026\/02\/40g.jpg\" alt=\"\" class=\"wp-image-11419 lazyload\" data-srcset=\"https:\/\/kfv-mol.de\/Wordpress\/wp-content\/uploads\/2026\/02\/40g.jpg 700w, https:\/\/kfv-mol.de\/Wordpress\/wp-content\/uploads\/2026\/02\/40g-300x200.jpg 300w\" data-sizes=\"(max-width: 700px) 100vw, 700px\" src=\"data:image\/svg+xml;base64,PHN2ZyB3aWR0aD0iMSIgaGVpZ2h0PSIxIiB4bWxucz0iaHR0cDovL3d3dy53My5vcmcvMjAwMC9zdmciPjwvc3ZnPg==\" style=\"--smush-placeholder-width: 700px; --smush-placeholder-aspect-ratio: 700\/467;\" \/><\/figure>\n\n\n\n<figure class=\"wp-block-image size-large\"><img decoding=\"async\" width=\"700\" height=\"467\" data-id=\"11421\" data-src=\"https:\/\/kfv-mol.de\/Wordpress\/wp-content\/uploads\/2026\/02\/41g.jpg\" alt=\"\" class=\"wp-image-11421 lazyload\" data-srcset=\"https:\/\/kfv-mol.de\/Wordpress\/wp-content\/uploads\/2026\/02\/41g.jpg 700w, https:\/\/kfv-mol.de\/Wordpress\/wp-content\/uploads\/2026\/02\/41g-300x200.jpg 300w\" data-sizes=\"(max-width: 700px) 100vw, 700px\" src=\"data:image\/svg+xml;base64,PHN2ZyB3aWR0aD0iMSIgaGVpZ2h0PSIxIiB4bWxucz0iaHR0cDovL3d3dy53My5vcmcvMjAwMC9zdmciPjwvc3ZnPg==\" style=\"--smush-placeholder-width: 700px; --smush-placeholder-aspect-ratio: 700\/467;\" \/><\/figure>\n\n\n\n<figure class=\"wp-block-image size-large\"><img decoding=\"async\" width=\"700\" height=\"467\" data-id=\"11431\" data-src=\"https:\/\/kfv-mol.de\/Wordpress\/wp-content\/uploads\/2026\/02\/44g.jpg\" alt=\"\" class=\"wp-image-11431 lazyload\" data-srcset=\"https:\/\/kfv-mol.de\/Wordpress\/wp-content\/uploads\/2026\/02\/44g.jpg 700w, https:\/\/kfv-mol.de\/Wordpress\/wp-content\/uploads\/2026\/02\/44g-300x200.jpg 300w\" data-sizes=\"(max-width: 700px) 100vw, 700px\" src=\"data:image\/svg+xml;base64,PHN2ZyB3aWR0aD0iMSIgaGVpZ2h0PSIxIiB4bWxucz0iaHR0cDovL3d3dy53My5vcmcvMjAwMC9zdmciPjwvc3ZnPg==\" style=\"--smush-placeholder-width: 700px; --smush-placeholder-aspect-ratio: 700\/467;\" \/><\/figure>\n\n\n\n<figure class=\"wp-block-image size-large\"><img decoding=\"async\" width=\"700\" height=\"467\" data-id=\"11423\" data-src=\"https:\/\/kfv-mol.de\/Wordpress\/wp-content\/uploads\/2026\/02\/45g.jpg\" alt=\"\" class=\"wp-image-11423 lazyload\" data-srcset=\"https:\/\/kfv-mol.de\/Wordpress\/wp-content\/uploads\/2026\/02\/45g.jpg 700w, https:\/\/kfv-mol.de\/Wordpress\/wp-content\/uploads\/2026\/02\/45g-300x200.jpg 300w\" data-sizes=\"(max-width: 700px) 100vw, 700px\" src=\"data:image\/svg+xml;base64,PHN2ZyB3aWR0aD0iMSIgaGVpZ2h0PSIxIiB4bWxucz0iaHR0cDovL3d3dy53My5vcmcvMjAwMC9zdmciPjwvc3ZnPg==\" style=\"--smush-placeholder-width: 700px; --smush-placeholder-aspect-ratio: 700\/467;\" \/><\/figure>\n\n\n\n<figure class=\"wp-block-image size-large\"><img decoding=\"async\" width=\"700\" height=\"467\" data-id=\"11430\" data-src=\"https:\/\/kfv-mol.de\/Wordpress\/wp-content\/uploads\/2026\/02\/46g.jpg\" alt=\"\" class=\"wp-image-11430 lazyload\" data-srcset=\"https:\/\/kfv-mol.de\/Wordpress\/wp-content\/uploads\/2026\/02\/46g.jpg 700w, https:\/\/kfv-mol.de\/Wordpress\/wp-content\/uploads\/2026\/02\/46g-300x200.jpg 300w\" data-sizes=\"(max-width: 700px) 100vw, 700px\" src=\"data:image\/svg+xml;base64,PHN2ZyB3aWR0aD0iMSIgaGVpZ2h0PSIxIiB4bWxucz0iaHR0cDovL3d3dy53My5vcmcvMjAwMC9zdmciPjwvc3ZnPg==\" style=\"--smush-placeholder-width: 700px; --smush-placeholder-aspect-ratio: 700\/467;\" \/><\/figure>\n\n\n\n<figure class=\"wp-block-image size-large\"><img decoding=\"async\" width=\"700\" height=\"467\" data-id=\"11429\" data-src=\"https:\/\/kfv-mol.de\/Wordpress\/wp-content\/uploads\/2026\/02\/47g.jpg\" alt=\"\" class=\"wp-image-11429 lazyload\" data-srcset=\"https:\/\/kfv-mol.de\/Wordpress\/wp-content\/uploads\/2026\/02\/47g.jpg 700w, https:\/\/kfv-mol.de\/Wordpress\/wp-content\/uploads\/2026\/02\/47g-300x200.jpg 300w\" data-sizes=\"(max-width: 700px) 100vw, 700px\" src=\"data:image\/svg+xml;base64,PHN2ZyB3aWR0aD0iMSIgaGVpZ2h0PSIxIiB4bWxucz0iaHR0cDovL3d3dy53My5vcmcvMjAwMC9zdmciPjwvc3ZnPg==\" style=\"--smush-placeholder-width: 700px; --smush-placeholder-aspect-ratio: 700\/467;\" \/><\/figure>\n\n\n\n<figure class=\"wp-block-image size-large\"><img decoding=\"async\" width=\"700\" height=\"467\" data-id=\"11420\" data-src=\"https:\/\/kfv-mol.de\/Wordpress\/wp-content\/uploads\/2026\/02\/48g.jpg\" alt=\"\" class=\"wp-image-11420 lazyload\" data-srcset=\"https:\/\/kfv-mol.de\/Wordpress\/wp-content\/uploads\/2026\/02\/48g.jpg 700w, https:\/\/kfv-mol.de\/Wordpress\/wp-content\/uploads\/2026\/02\/48g-300x200.jpg 300w\" data-sizes=\"(max-width: 700px) 100vw, 700px\" src=\"data:image\/svg+xml;base64,PHN2ZyB3aWR0aD0iMSIgaGVpZ2h0PSIxIiB4bWxucz0iaHR0cDovL3d3dy53My5vcmcvMjAwMC9zdmciPjwvc3ZnPg==\" style=\"--smush-placeholder-width: 700px; --smush-placeholder-aspect-ratio: 700\/467;\" \/><\/figure>\n\n\n\n<figure class=\"wp-block-image size-large\"><img decoding=\"async\" width=\"700\" height=\"467\" data-id=\"11424\" data-src=\"https:\/\/kfv-mol.de\/Wordpress\/wp-content\/uploads\/2026\/02\/87g.jpg\" alt=\"\" class=\"wp-image-11424 lazyload\" data-srcset=\"https:\/\/kfv-mol.de\/Wordpress\/wp-content\/uploads\/2026\/02\/87g.jpg 700w, https:\/\/kfv-mol.de\/Wordpress\/wp-content\/uploads\/2026\/02\/87g-300x200.jpg 300w\" data-sizes=\"(max-width: 700px) 100vw, 700px\" src=\"data:image\/svg+xml;base64,PHN2ZyB3aWR0aD0iMSIgaGVpZ2h0PSIxIiB4bWxucz0iaHR0cDovL3d3dy53My5vcmcvMjAwMC9zdmciPjwvc3ZnPg==\" style=\"--smush-placeholder-width: 700px; --smush-placeholder-aspect-ratio: 700\/467;\" \/><\/figure>\n\n\n\n<figure class=\"wp-block-image size-large\"><img decoding=\"async\" width=\"700\" height=\"467\" data-id=\"11425\" data-src=\"https:\/\/kfv-mol.de\/Wordpress\/wp-content\/uploads\/2026\/02\/98g.jpg\" alt=\"\" class=\"wp-image-11425 lazyload\" data-srcset=\"https:\/\/kfv-mol.de\/Wordpress\/wp-content\/uploads\/2026\/02\/98g.jpg 700w, https:\/\/kfv-mol.de\/Wordpress\/wp-content\/uploads\/2026\/02\/98g-300x200.jpg 300w\" data-sizes=\"(max-width: 700px) 100vw, 700px\" src=\"data:image\/svg+xml;base64,PHN2ZyB3aWR0aD0iMSIgaGVpZ2h0PSIxIiB4bWxucz0iaHR0cDovL3d3dy53My5vcmcvMjAwMC9zdmciPjwvc3ZnPg==\" style=\"--smush-placeholder-width: 700px; --smush-placeholder-aspect-ratio: 700\/467;\" \/><\/figure>\n\n\n\n<figure class=\"wp-block-image size-large\"><img decoding=\"async\" width=\"700\" height=\"467\" data-id=\"11422\" data-src=\"https:\/\/kfv-mol.de\/Wordpress\/wp-content\/uploads\/2026\/02\/104g.jpg\" alt=\"\" class=\"wp-image-11422 lazyload\" data-srcset=\"https:\/\/kfv-mol.de\/Wordpress\/wp-content\/uploads\/2026\/02\/104g.jpg 700w, https:\/\/kfv-mol.de\/Wordpress\/wp-content\/uploads\/2026\/02\/104g-300x200.jpg 300w\" data-sizes=\"(max-width: 700px) 100vw, 700px\" src=\"data:image\/svg+xml;base64,PHN2ZyB3aWR0aD0iMSIgaGVpZ2h0PSIxIiB4bWxucz0iaHR0cDovL3d3dy53My5vcmcvMjAwMC9zdmciPjwvc3ZnPg==\" style=\"--smush-placeholder-width: 700px; --smush-placeholder-aspect-ratio: 700\/467;\" \/><\/figure>\n\n\n\n<figure class=\"wp-block-image size-large\"><img decoding=\"async\" width=\"700\" height=\"467\" data-id=\"11426\" data-src=\"https:\/\/kfv-mol.de\/Wordpress\/wp-content\/uploads\/2026\/02\/109g.jpg\" alt=\"\" class=\"wp-image-11426 lazyload\" data-srcset=\"https:\/\/kfv-mol.de\/Wordpress\/wp-content\/uploads\/2026\/02\/109g.jpg 700w, https:\/\/kfv-mol.de\/Wordpress\/wp-content\/uploads\/2026\/02\/109g-300x200.jpg 300w\" data-sizes=\"(max-width: 700px) 100vw, 700px\" src=\"data:image\/svg+xml;base64,PHN2ZyB3aWR0aD0iMSIgaGVpZ2h0PSIxIiB4bWxucz0iaHR0cDovL3d3dy53My5vcmcvMjAwMC9zdmciPjwvc3ZnPg==\" style=\"--smush-placeholder-width: 700px; --smush-placeholder-aspect-ratio: 700\/467;\" \/><\/figure>\n\n\n\n<figure class=\"wp-block-image size-large\"><img decoding=\"async\" width=\"700\" height=\"467\" data-id=\"11428\" data-src=\"https:\/\/kfv-mol.de\/Wordpress\/wp-content\/uploads\/2026\/02\/113g.jpg\" alt=\"\" class=\"wp-image-11428 lazyload\" data-srcset=\"https:\/\/kfv-mol.de\/Wordpress\/wp-content\/uploads\/2026\/02\/113g.jpg 700w, https:\/\/kfv-mol.de\/Wordpress\/wp-content\/uploads\/2026\/02\/113g-300x200.jpg 300w\" data-sizes=\"(max-width: 700px) 100vw, 700px\" src=\"data:image\/svg+xml;base64,PHN2ZyB3aWR0aD0iMSIgaGVpZ2h0PSIxIiB4bWxucz0iaHR0cDovL3d3dy53My5vcmcvMjAwMC9zdmciPjwvc3ZnPg==\" style=\"--smush-placeholder-width: 700px; --smush-placeholder-aspect-ratio: 700\/467;\" \/><\/figure>\n\n\n\n<figure class=\"wp-block-image size-large\"><img decoding=\"async\" width=\"700\" height=\"467\" data-id=\"11427\" data-src=\"https:\/\/kfv-mol.de\/Wordpress\/wp-content\/uploads\/2026\/02\/124g.jpg\" alt=\"\" class=\"wp-image-11427 lazyload\" data-srcset=\"https:\/\/kfv-mol.de\/Wordpress\/wp-content\/uploads\/2026\/02\/124g.jpg 700w, https:\/\/kfv-mol.de\/Wordpress\/wp-content\/uploads\/2026\/02\/124g-300x200.jpg 300w\" data-sizes=\"(max-width: 700px) 100vw, 700px\" src=\"data:image\/svg+xml;base64,PHN2ZyB3aWR0aD0iMSIgaGVpZ2h0PSIxIiB4bWxucz0iaHR0cDovL3d3dy53My5vcmcvMjAwMC9zdmciPjwvc3ZnPg==\" style=\"--smush-placeholder-width: 700px; --smush-placeholder-aspect-ratio: 700\/467;\" \/><\/figure>\n<\/figure>\n\n\n\n<p>mehr Bilder unter <a href=\"https:\/\/www.strausberg-live.de\/fotogalerie.php?id=110237\">Dank f\u00fcr den Einsatz &#8211; 20.02.2026 | Fotogalerie<\/a><\/p>\n\n\n\n<p><\/p>\n","protected":false},"excerpt":{"rendered":"<p>Die Jahreshauptversammlung der Freiwilligen Feuerwehr Petershagen\/Eggersdorf fand am 20. Februar in der Giebelseehalle statt. Unter den G\u00e4sten war auch unser Ministerpr\u00e4sident Dr. Dietmar Woidke. Anlass dieses hohen Besuches war die Verleihung der Medaillen f\u00fcr 60 Jahre treue Dienste an den Ehrenwehrf\u00fchrer und ehemaligen Vorsitzenden des Kreisfeuerwehrverbandes Oberbrandinspektor Hans-Dieter Kandzia und an den ehemaligen stellv. Ortswehrf\u00fchrer [&hellip;]<\/p>\n","protected":false},"author":3,"featured_media":11417,"comment_status":"closed","ping_status":"closed","sticky":false,"template":"","format":"standard","meta":{"footnotes":""},"categories":[20],"tags":[],"class_list":["post-11410","post","type-post","status-publish","format-standard","has-post-thumbnail","hentry","category-jubilaeum"],"_links":{"self":[{"href":"https:\/\/kfv-mol.de\/Wordpress\/wp-json\/wp\/v2\/posts\/11410","targetHints":{"allow":["GET"]}}],"collection":[{"href":"https:\/\/kfv-mol.de\/Wordpress\/wp-json\/wp\/v2\/posts"}],"about":[{"href":"https:\/\/kfv-mol.de\/Wordpress\/wp-json\/wp\/v2\/types\/post"}],"author":[{"embeddable":true,"href":"https:\/\/kfv-mol.de\/Wordpress\/wp-json\/wp\/v2\/users\/3"}],"replies":[{"embeddable":true,"href":"https:\/\/kfv-mol.de\/Wordpress\/wp-json\/wp\/v2\/comments?post=11410"}],"version-history":[{"count":0,"href":"https:\/\/kfv-mol.de\/Wordpress\/wp-json\/wp\/v2\/posts\/11410\/revisions"}],"wp:featuredmedia":[{"embeddable":true,"href":"https:\/\/kfv-mol.de\/Wordpress\/wp-json\/wp\/v2\/media\/11417"}],"wp:attachment":[{"href":"https:\/\/kfv-mol.de\/Wordpress\/wp-json\/wp\/v2\/media?parent=11410"}],"wp:term":[{"taxonomy":"category","embeddable":true,"href":"https:\/\/kfv-mol.de\/Wordpress\/wp-json\/wp\/v2\/categories?post=11410"},{"taxonomy":"post_tag","embeddable":true,"href":"https:\/\/kfv-mol.de\/Wordpress\/wp-json\/wp\/v2\/tags?post=11410"}],"curies":[{"name":"wp","href":"https:\/\/api.w.org\/{rel}","templated":true}]}}