{"id":11397,"date":"2026-02-11T10:57:15","date_gmt":"2026-02-11T09:57:15","guid":{"rendered":"https:\/\/kfv-mol.de\/Wordpress\/?p=11397"},"modified":"2026-02-11T10:58:16","modified_gmt":"2026-02-11T09:58:16","slug":"tag-des-notrufs-und-rauchmeldertag","status":"publish","type":"post","link":"https:\/\/kfv-mol.de\/Wordpress\/Artikel\/tag-des-notrufs-und-rauchmeldertag\/","title":{"rendered":"Tag des Notrufs und Rauchmeldertag"},"content":{"rendered":"\n<p>Zwei Aktionstage, eine Mission: Leben retten. <\/p>\n\n\n\n<p>Am 11. Februar erinnert der Europ\u00e4ische Tag des Notrufs an die lebenswichtige Nummer 112. Sie gilt \u00fcberall in Europa und ist kostenfrei. <\/p>\n\n\n\n<p>Nur zwei Tage sp\u00e4ter, am Freitag, den 13. Februar 2026, folgt der erste Rauchmeldertag des Jahres.<\/p>\n\n\n\n<p>Rauchmelder und richtiges Verhalten im Brandfall retten Leben. \u201eBei Br\u00e4nden ist in der Regel nicht das Feuer die gr\u00f6\u00dfte Gefahr, sondern der Rauch. Bereits drei Atemz\u00fcge giftigen Brandrauchs k\u00f6nnen t\u00f6dlich sein. Wer im Ernstfall falsch reagiert \u2013 etwa durch riskante Rettungsversuche \u2013 bringt sich und andere schnell in Lebensgefahr\u201c. Viele untersch\u00e4tzen, wie schnell der Rauch lebensgef\u00e4hrlich wird. Wenn der Rauchmelder warnt, bleiben einem nur 120 Sekunden. Wer dann wei\u00df, was zu tun ist, erh\u00f6ht die \u00dcberlebenschancen entscheidend.<\/p>\n\n\n\n<figure class=\"wp-block-gallery has-nested-images columns-default is-cropped wp-block-gallery-1 is-layout-flex wp-block-gallery-is-layout-flex\">\n<figure class=\"wp-block-image size-full\"><img decoding=\"async\" width=\"656\" height=\"462\" data-id=\"11401\" data-src=\"https:\/\/kfv-mol.de\/Wordpress\/wp-content\/uploads\/2026\/02\/RMtag2025_Presse_.png\" alt=\"\" class=\"wp-image-11401 lazyload\" data-srcset=\"https:\/\/kfv-mol.de\/Wordpress\/wp-content\/uploads\/2026\/02\/RMtag2025_Presse_.png 656w, https:\/\/kfv-mol.de\/Wordpress\/wp-content\/uploads\/2026\/02\/RMtag2025_Presse_-300x211.png 300w\" data-sizes=\"(max-width: 656px) 100vw, 656px\" src=\"data:image\/svg+xml;base64,PHN2ZyB3aWR0aD0iMSIgaGVpZ2h0PSIxIiB4bWxucz0iaHR0cDovL3d3dy53My5vcmcvMjAwMC9zdmciPjwvc3ZnPg==\" style=\"--smush-placeholder-width: 656px; --smush-placeholder-aspect-ratio: 656\/462;\" \/><\/figure>\n<\/figure>\n","protected":false},"excerpt":{"rendered":"<p>Zwei Aktionstage, eine Mission: Leben retten. Am 11. Februar erinnert der Europ\u00e4ische Tag des Notrufs an die lebenswichtige Nummer 112. Sie gilt \u00fcberall in Europa und ist kostenfrei. Nur zwei Tage sp\u00e4ter, am Freitag, den 13. Februar 2026, folgt der erste Rauchmeldertag des Jahres. Rauchmelder und richtiges Verhalten im Brandfall retten Leben. \u201eBei Br\u00e4nden ist [&hellip;]<\/p>\n","protected":false},"author":3,"featured_media":11398,"comment_status":"closed","ping_status":"closed","sticky":false,"template":"","format":"standard","meta":{"footnotes":""},"categories":[1],"tags":[],"class_list":["post-11397","post","type-post","status-publish","format-standard","has-post-thumbnail","hentry","category-sonstige"],"_links":{"self":[{"href":"https:\/\/kfv-mol.de\/Wordpress\/wp-json\/wp\/v2\/posts\/11397","targetHints":{"allow":["GET"]}}],"collection":[{"href":"https:\/\/kfv-mol.de\/Wordpress\/wp-json\/wp\/v2\/posts"}],"about":[{"href":"https:\/\/kfv-mol.de\/Wordpress\/wp-json\/wp\/v2\/types\/post"}],"author":[{"embeddable":true,"href":"https:\/\/kfv-mol.de\/Wordpress\/wp-json\/wp\/v2\/users\/3"}],"replies":[{"embeddable":true,"href":"https:\/\/kfv-mol.de\/Wordpress\/wp-json\/wp\/v2\/comments?post=11397"}],"version-history":[{"count":0,"href":"https:\/\/kfv-mol.de\/Wordpress\/wp-json\/wp\/v2\/posts\/11397\/revisions"}],"wp:featuredmedia":[{"embeddable":true,"href":"https:\/\/kfv-mol.de\/Wordpress\/wp-json\/wp\/v2\/media\/11398"}],"wp:attachment":[{"href":"https:\/\/kfv-mol.de\/Wordpress\/wp-json\/wp\/v2\/media?parent=11397"}],"wp:term":[{"taxonomy":"category","embeddable":true,"href":"https:\/\/kfv-mol.de\/Wordpress\/wp-json\/wp\/v2\/categories?post=11397"},{"taxonomy":"post_tag","embeddable":true,"href":"https:\/\/kfv-mol.de\/Wordpress\/wp-json\/wp\/v2\/tags?post=11397"}],"curies":[{"name":"wp","href":"https:\/\/api.w.org\/{rel}","templated":true}]}}