{"id":11392,"date":"2026-02-10T10:43:52","date_gmt":"2026-02-10T09:43:52","guid":{"rendered":"https:\/\/kfv-mol.de\/Wordpress\/?p=11392"},"modified":"2026-02-10T10:44:41","modified_gmt":"2026-02-10T09:44:41","slug":"interschutz-2028","status":"publish","type":"post","link":"https:\/\/kfv-mol.de\/Wordpress\/Artikel\/interschutz-2028\/","title":{"rendered":"Interschutz 2026"},"content":{"rendered":"\n<p>In 112 Tagen startet in der nieders\u00e4chsischen Landeshauptstadt Hannover die Interschutz 2026 als Weltleitmesse f\u00fcr Feuerwehr, Rettungswesen und Bev\u00f6lkerungsschutz. <\/p>\n\n\n\n<p>Sie stellt vom 1. bis 6. Juni 2026 das Motto \u201eSafeguarding tomorrow (Die Zukunft sichern)&#8220; in den Mittelpunkt. Der Deutsche Feuerwehrverband (DFV) als Fachverband f\u00fcr mehr als 1,4 Millionen Feuerwehrangeh\u00f6rige in Deutschland und die Vereinigung zur F\u00f6rderung des Deutschen Brandschutzes\u00a0e.\u00a0V. (vfdb) sind ideelle Partner.  Veranstalter ist die\u00a0Deutsche Messe AG\u00a0aus Hannover.<\/p>\n\n\n\n<p>Auf der Messe stellen Produzenten von speziellen Ger\u00e4ten und Zubeh\u00f6r aus den Bereichen\u00a0Feuerwehr\u00a0und Rettungsdienst ihre neuesten Innovationen vor, die teilweise auch direkt vor Ort gekauft werden k\u00f6nnen. Daneben zeichnet sich die Veranstaltung durch eine Vielzahl von Vorf\u00fchrungen und Vortr\u00e4gen zu den genannten Themenbereichen aus.<\/p>\n\n\n\n<p>Inmitten von globalen Playern und spezialisierten Anbietern pr\u00e4sentiert der Deutsche Feuerwehrverband in Halle 27 auf Stand D 46 die Vielfalt der Akteure in den Feuerwehrverb\u00e4nden. <\/p>\n\n\n\n<p>Die Landesfeuerwehrverb\u00e4nde, die Deutsche Jugendfeuerwehr, der Weltfeuerwehrverband CTIF, der neue Verband der Feuerwehren der Europ\u00e4ischen Union, die Deutsche Gesetzliche Unfallversicherung, das Versandhaus des DFV, die Ferien- und G\u00e4steh\u00e4user der Feuerwehren und das Deutsche Feuerwehr-Museum zeigen das gro\u00dfe Spektrum, um das der DFV nach innen wie au\u00dfen eine Klammer des Zusammenhalts bildet.<\/p>\n\n\n\n<p>Eintrittskarten f\u00fcr die INTERSCHUTZ gibt es unter <a href=\"https:\/\/l.facebook.com\/l.php?u=https%3A%2F%2Fwww.interschutz.de%2F%3Ffbclid%3DIwZXh0bgNhZW0CMTAAYnJpZBEwd0lBMzdjbHpVcjlJaUYwTHNydGMGYXBwX2lkEDIyMjAzOTE3ODgyMDA4OTIAAR752WFVsc8F9yzm2PbsbrHHZCSCEhJfvZkodMKa-gAnuceRo3Q5AT7Iq7E4mQ_aem_kMIVTyG4a9YINrb_FBC8OQ&amp;h=AT08pXOu72yO1F6O6EIj03xl6V8DIhypU9PaQ6DjgLHS6v1ld5qaNXrcpyG1dsIiShTjPDiCyBdiz0ycD9rQKYOYthIM0Ujs4B9-_Q2GW0X9mUiGORJMu3ku7Oyea_5vqC-hXU03c_WA7YQACE2eoo_5tNm4xkvx&amp;__tn__=-UK-R&amp;c%5b0%5d=AT0d_0zSkh1EwjaqlpZkk-yQQQDyHDuxBFjJo1X93inRO6lT5h_R-CkfXtRCxTmG7n1vCadwbGxNK8QXEEVcyFwmn585l78YJPITlBkIJDRRiwOt6oagWsSjUXVoGkXilQC03eNR4Rfdf8SqdIenflWtrRQxylXLLZLOeRvQ1LSHasbed-1nI_K-ohwFZw8TszSTDRSQa7tFNConKr8p562WMA\" target=\"_blank\" rel=\"noreferrer noopener\"><strong>https:\/\/www.interschutz.de\/<\/strong><\/a><\/p>\n\n\n\n<figure class=\"wp-block-image size-large\"><img decoding=\"async\" width=\"1024\" height=\"798\" data-src=\"https:\/\/kfv-mol.de\/Wordpress\/wp-content\/uploads\/2026\/02\/Freigelaende-Interschutz-1024x798.jpg\" alt=\"\" class=\"wp-image-11393 lazyload\" data-srcset=\"https:\/\/kfv-mol.de\/Wordpress\/wp-content\/uploads\/2026\/02\/Freigelaende-Interschutz-1024x798.jpg 1024w, https:\/\/kfv-mol.de\/Wordpress\/wp-content\/uploads\/2026\/02\/Freigelaende-Interschutz-300x234.jpg 300w, https:\/\/kfv-mol.de\/Wordpress\/wp-content\/uploads\/2026\/02\/Freigelaende-Interschutz-768x598.jpg 768w, https:\/\/kfv-mol.de\/Wordpress\/wp-content\/uploads\/2026\/02\/Freigelaende-Interschutz.jpg 1280w\" data-sizes=\"(max-width: 1024px) 100vw, 1024px\" src=\"data:image\/svg+xml;base64,PHN2ZyB3aWR0aD0iMSIgaGVpZ2h0PSIxIiB4bWxucz0iaHR0cDovL3d3dy53My5vcmcvMjAwMC9zdmciPjwvc3ZnPg==\" style=\"--smush-placeholder-width: 1024px; --smush-placeholder-aspect-ratio: 1024\/798;\" \/><\/figure>\n","protected":false},"excerpt":{"rendered":"<p>In 112 Tagen startet in der nieders\u00e4chsischen Landeshauptstadt Hannover die Interschutz 2026 als Weltleitmesse f\u00fcr Feuerwehr, Rettungswesen und Bev\u00f6lkerungsschutz. Sie stellt vom 1. bis 6. Juni 2026 das Motto \u201eSafeguarding tomorrow (Die Zukunft sichern)&#8220; in den Mittelpunkt. Der Deutsche Feuerwehrverband (DFV) als Fachverband f\u00fcr mehr als 1,4 Millionen Feuerwehrangeh\u00f6rige in Deutschland und die Vereinigung zur [&hellip;]<\/p>\n","protected":false},"author":3,"featured_media":11394,"comment_status":"closed","ping_status":"closed","sticky":false,"template":"","format":"standard","meta":{"footnotes":""},"categories":[1],"tags":[],"class_list":["post-11392","post","type-post","status-publish","format-standard","has-post-thumbnail","hentry","category-sonstige"],"_links":{"self":[{"href":"https:\/\/kfv-mol.de\/Wordpress\/wp-json\/wp\/v2\/posts\/11392","targetHints":{"allow":["GET"]}}],"collection":[{"href":"https:\/\/kfv-mol.de\/Wordpress\/wp-json\/wp\/v2\/posts"}],"about":[{"href":"https:\/\/kfv-mol.de\/Wordpress\/wp-json\/wp\/v2\/types\/post"}],"author":[{"embeddable":true,"href":"https:\/\/kfv-mol.de\/Wordpress\/wp-json\/wp\/v2\/users\/3"}],"replies":[{"embeddable":true,"href":"https:\/\/kfv-mol.de\/Wordpress\/wp-json\/wp\/v2\/comments?post=11392"}],"version-history":[{"count":0,"href":"https:\/\/kfv-mol.de\/Wordpress\/wp-json\/wp\/v2\/posts\/11392\/revisions"}],"wp:featuredmedia":[{"embeddable":true,"href":"https:\/\/kfv-mol.de\/Wordpress\/wp-json\/wp\/v2\/media\/11394"}],"wp:attachment":[{"href":"https:\/\/kfv-mol.de\/Wordpress\/wp-json\/wp\/v2\/media?parent=11392"}],"wp:term":[{"taxonomy":"category","embeddable":true,"href":"https:\/\/kfv-mol.de\/Wordpress\/wp-json\/wp\/v2\/categories?post=11392"},{"taxonomy":"post_tag","embeddable":true,"href":"https:\/\/kfv-mol.de\/Wordpress\/wp-json\/wp\/v2\/tags?post=11392"}],"curies":[{"name":"wp","href":"https:\/\/api.w.org\/{rel}","templated":true}]}}