{"id":11373,"date":"2026-02-07T15:57:52","date_gmt":"2026-02-07T14:57:52","guid":{"rendered":"https:\/\/kfv-mol.de\/Wordpress\/?p=11373"},"modified":"2026-02-07T18:19:02","modified_gmt":"2026-02-07T17:19:02","slug":"eisrettung-mit-der-wasserwacht-des-drk","status":"publish","type":"post","link":"https:\/\/kfv-mol.de\/Wordpress\/Artikel\/eisrettung-mit-der-wasserwacht-des-drk\/","title":{"rendered":"Eisrettung mit der Wasserwacht des DRK"},"content":{"rendered":"\n<p>Die Feuerwehren unserer Region werden auch bei Einbr\u00fcchen von Personen im Eis unserer zugefrorenen Seen, Teiche und Fl\u00fcsse gerufen. Um hier auch professionell helfen zu k\u00f6nnen und nicht selber in Gefahr zu raten, haben einige Feuerwehren die Unterst\u00fctzung und fachliche Anleitung von befreundeten Hilfsorganisationen wie der Wasserwacht des DRK und der DLRG in Anspruch genommen.<\/p>\n\n\n\n<p>So wurde am 04. Februar abends die Eisrettung im L\u00fcdersdorfer Dorfteich mit den Wriezener Ortsfeuerwehren aus Biesdorf, L\u00fcdersdorf, Haselberg, Frankenfelde und Wriezen ge\u00fcbt. Die Feuerwehr Wriezen stellte das Boot f\u00fcr die \u00dcbung, die von der Wasserwacht Strausberg unterst\u00fctzt wurde. Ein Mitglied der Wasserwacht im Neoprenanzug in den vereisten Teich und mimte die hilflose Person, die gerettet werden musste.<\/p>\n\n\n\n<figure class=\"wp-block-gallery has-nested-images columns-default is-cropped wp-block-gallery-1 is-layout-flex wp-block-gallery-is-layout-flex\">\n<figure class=\"wp-block-image size-large\"><img decoding=\"async\" width=\"987\" height=\"821\" data-id=\"11374\" data-src=\"https:\/\/kfv-mol.de\/Wordpress\/wp-content\/uploads\/2026\/02\/Wri.jpg\" alt=\"\" class=\"wp-image-11374 lazyload\" data-srcset=\"https:\/\/kfv-mol.de\/Wordpress\/wp-content\/uploads\/2026\/02\/Wri.jpg 987w, https:\/\/kfv-mol.de\/Wordpress\/wp-content\/uploads\/2026\/02\/Wri-300x250.jpg 300w, https:\/\/kfv-mol.de\/Wordpress\/wp-content\/uploads\/2026\/02\/Wri-768x639.jpg 768w\" data-sizes=\"(max-width: 987px) 100vw, 987px\" src=\"data:image\/svg+xml;base64,PHN2ZyB3aWR0aD0iMSIgaGVpZ2h0PSIxIiB4bWxucz0iaHR0cDovL3d3dy53My5vcmcvMjAwMC9zdmciPjwvc3ZnPg==\" style=\"--smush-placeholder-width: 987px; --smush-placeholder-aspect-ratio: 987\/821;\" \/><figcaption class=\"wp-element-caption\">L\u00fcdersdorf<\/figcaption><\/figure>\n\n\n\n<figure class=\"wp-block-image size-large\"><img decoding=\"async\" width=\"1024\" height=\"498\" data-id=\"11375\" data-src=\"https:\/\/kfv-mol.de\/Wordpress\/wp-content\/uploads\/2026\/02\/Wriezen-1024x498.jpg\" alt=\"\" class=\"wp-image-11375 lazyload\" data-srcset=\"https:\/\/kfv-mol.de\/Wordpress\/wp-content\/uploads\/2026\/02\/Wriezen-1024x498.jpg 1024w, https:\/\/kfv-mol.de\/Wordpress\/wp-content\/uploads\/2026\/02\/Wriezen-300x146.jpg 300w, https:\/\/kfv-mol.de\/Wordpress\/wp-content\/uploads\/2026\/02\/Wriezen-768x374.jpg 768w, https:\/\/kfv-mol.de\/Wordpress\/wp-content\/uploads\/2026\/02\/Wriezen.jpg 1212w\" data-sizes=\"(max-width: 1024px) 100vw, 1024px\" src=\"data:image\/svg+xml;base64,PHN2ZyB3aWR0aD0iMSIgaGVpZ2h0PSIxIiB4bWxucz0iaHR0cDovL3d3dy53My5vcmcvMjAwMC9zdmciPjwvc3ZnPg==\" style=\"--smush-placeholder-width: 1024px; --smush-placeholder-aspect-ratio: 1024\/498;\" \/><figcaption class=\"wp-element-caption\">L\u00fcdersdorf<\/figcaption><\/figure>\n<\/figure>\n\n\n\n<p>Am Sonnabend den 07. Februar \u00fcbten die Feuerwehren Strausberg, Petershagen\/Eggersdorf und aus der M\u00e4rkischen Schweiz die Eisrettung mit der Wasserwacht Strausberg auf dem Straussee. Zwei Tage vorher fand eine theoretische Online-Schulung dazu statt.<\/p>\n\n\n\n<p>Im Fokus auch dieser Ausbildung stand die Rettung einer ins Eis eingebrochenen Person. Dabei kamen unter anderem ein Schlauchboot sowie ein Spineboard zum Einsatz, um realistische und praxisnahe Rettungsma\u00dfnahmen zu trainieren.<\/p>\n\n\n\n<p>Herzlichen Dank an die Kameraden von der Wasserwacht.<\/p>\n\n\n\n<figure class=\"wp-block-gallery has-nested-images columns-default is-cropped wp-block-gallery-2 is-layout-flex wp-block-gallery-is-layout-flex\">\n<figure class=\"wp-block-image size-large\"><img decoding=\"async\" width=\"1024\" height=\"840\" data-id=\"11383\" data-src=\"https:\/\/kfv-mol.de\/Wordpress\/wp-content\/uploads\/2026\/02\/1-1024x840.jpg\" alt=\"\" class=\"wp-image-11383 lazyload\" data-srcset=\"https:\/\/kfv-mol.de\/Wordpress\/wp-content\/uploads\/2026\/02\/1-1024x840.jpg 1024w, https:\/\/kfv-mol.de\/Wordpress\/wp-content\/uploads\/2026\/02\/1-300x246.jpg 300w, https:\/\/kfv-mol.de\/Wordpress\/wp-content\/uploads\/2026\/02\/1-768x630.jpg 768w, https:\/\/kfv-mol.de\/Wordpress\/wp-content\/uploads\/2026\/02\/1.jpg 1027w\" data-sizes=\"(max-width: 1024px) 100vw, 1024px\" src=\"data:image\/svg+xml;base64,PHN2ZyB3aWR0aD0iMSIgaGVpZ2h0PSIxIiB4bWxucz0iaHR0cDovL3d3dy53My5vcmcvMjAwMC9zdmciPjwvc3ZnPg==\" style=\"--smush-placeholder-width: 1024px; --smush-placeholder-aspect-ratio: 1024\/840;\" \/><\/figure>\n\n\n\n<figure class=\"wp-block-image size-large\"><img decoding=\"async\" width=\"1024\" height=\"840\" data-id=\"11387\" data-src=\"https:\/\/kfv-mol.de\/Wordpress\/wp-content\/uploads\/2026\/02\/2-1024x840.jpg\" alt=\"\" class=\"wp-image-11387 lazyload\" data-srcset=\"https:\/\/kfv-mol.de\/Wordpress\/wp-content\/uploads\/2026\/02\/2-1024x840.jpg 1024w, https:\/\/kfv-mol.de\/Wordpress\/wp-content\/uploads\/2026\/02\/2-300x246.jpg 300w, https:\/\/kfv-mol.de\/Wordpress\/wp-content\/uploads\/2026\/02\/2-768x630.jpg 768w, https:\/\/kfv-mol.de\/Wordpress\/wp-content\/uploads\/2026\/02\/2.jpg 1026w\" data-sizes=\"(max-width: 1024px) 100vw, 1024px\" src=\"data:image\/svg+xml;base64,PHN2ZyB3aWR0aD0iMSIgaGVpZ2h0PSIxIiB4bWxucz0iaHR0cDovL3d3dy53My5vcmcvMjAwMC9zdmciPjwvc3ZnPg==\" style=\"--smush-placeholder-width: 1024px; --smush-placeholder-aspect-ratio: 1024\/840;\" \/><\/figure>\n\n\n\n<figure class=\"wp-block-image size-large\"><img decoding=\"async\" width=\"1013\" height=\"815\" data-id=\"11386\" data-src=\"https:\/\/kfv-mol.de\/Wordpress\/wp-content\/uploads\/2026\/02\/3.jpg\" alt=\"\" class=\"wp-image-11386 lazyload\" data-srcset=\"https:\/\/kfv-mol.de\/Wordpress\/wp-content\/uploads\/2026\/02\/3.jpg 1013w, https:\/\/kfv-mol.de\/Wordpress\/wp-content\/uploads\/2026\/02\/3-300x241.jpg 300w, https:\/\/kfv-mol.de\/Wordpress\/wp-content\/uploads\/2026\/02\/3-768x618.jpg 768w\" data-sizes=\"(max-width: 1013px) 100vw, 1013px\" src=\"data:image\/svg+xml;base64,PHN2ZyB3aWR0aD0iMSIgaGVpZ2h0PSIxIiB4bWxucz0iaHR0cDovL3d3dy53My5vcmcvMjAwMC9zdmciPjwvc3ZnPg==\" style=\"--smush-placeholder-width: 1013px; --smush-placeholder-aspect-ratio: 1013\/815;\" \/><\/figure>\n\n\n\n<figure class=\"wp-block-image size-large\"><img decoding=\"async\" width=\"1022\" height=\"826\" data-id=\"11384\" data-src=\"https:\/\/kfv-mol.de\/Wordpress\/wp-content\/uploads\/2026\/02\/4.jpg\" alt=\"\" class=\"wp-image-11384 lazyload\" data-srcset=\"https:\/\/kfv-mol.de\/Wordpress\/wp-content\/uploads\/2026\/02\/4.jpg 1022w, https:\/\/kfv-mol.de\/Wordpress\/wp-content\/uploads\/2026\/02\/4-300x242.jpg 300w, https:\/\/kfv-mol.de\/Wordpress\/wp-content\/uploads\/2026\/02\/4-768x621.jpg 768w\" data-sizes=\"(max-width: 1022px) 100vw, 1022px\" src=\"data:image\/svg+xml;base64,PHN2ZyB3aWR0aD0iMSIgaGVpZ2h0PSIxIiB4bWxucz0iaHR0cDovL3d3dy53My5vcmcvMjAwMC9zdmciPjwvc3ZnPg==\" style=\"--smush-placeholder-width: 1022px; --smush-placeholder-aspect-ratio: 1022\/826;\" \/><\/figure>\n\n\n\n<figure class=\"wp-block-image size-large\"><img decoding=\"async\" width=\"1024\" height=\"768\" data-id=\"11385\" data-src=\"https:\/\/kfv-mol.de\/Wordpress\/wp-content\/uploads\/2026\/02\/5-1024x768.jpg\" alt=\"\" class=\"wp-image-11385 lazyload\" data-srcset=\"https:\/\/kfv-mol.de\/Wordpress\/wp-content\/uploads\/2026\/02\/5-1024x768.jpg 1024w, https:\/\/kfv-mol.de\/Wordpress\/wp-content\/uploads\/2026\/02\/5-300x225.jpg 300w, https:\/\/kfv-mol.de\/Wordpress\/wp-content\/uploads\/2026\/02\/5-768x576.jpg 768w, https:\/\/kfv-mol.de\/Wordpress\/wp-content\/uploads\/2026\/02\/5-1536x1152.jpg 1536w, https:\/\/kfv-mol.de\/Wordpress\/wp-content\/uploads\/2026\/02\/5.jpg 1600w\" data-sizes=\"(max-width: 1024px) 100vw, 1024px\" src=\"data:image\/svg+xml;base64,PHN2ZyB3aWR0aD0iMSIgaGVpZ2h0PSIxIiB4bWxucz0iaHR0cDovL3d3dy53My5vcmcvMjAwMC9zdmciPjwvc3ZnPg==\" style=\"--smush-placeholder-width: 1024px; --smush-placeholder-aspect-ratio: 1024\/768;\" \/><\/figure>\n<\/figure>\n","protected":false},"excerpt":{"rendered":"<p>Die Feuerwehren unserer Region werden auch bei Einbr\u00fcchen von Personen im Eis unserer zugefrorenen Seen, Teiche und Fl\u00fcsse gerufen. Um hier auch professionell helfen zu k\u00f6nnen und nicht selber in Gefahr zu raten, haben einige Feuerwehren die Unterst\u00fctzung und fachliche Anleitung von befreundeten Hilfsorganisationen wie der Wasserwacht des DRK und der DLRG in Anspruch genommen. [&hellip;]<\/p>\n","protected":false},"author":3,"featured_media":11390,"comment_status":"closed","ping_status":"closed","sticky":false,"template":"","format":"standard","meta":{"footnotes":""},"categories":[1],"tags":[],"class_list":["post-11373","post","type-post","status-publish","format-standard","has-post-thumbnail","hentry","category-sonstige"],"_links":{"self":[{"href":"https:\/\/kfv-mol.de\/Wordpress\/wp-json\/wp\/v2\/posts\/11373","targetHints":{"allow":["GET"]}}],"collection":[{"href":"https:\/\/kfv-mol.de\/Wordpress\/wp-json\/wp\/v2\/posts"}],"about":[{"href":"https:\/\/kfv-mol.de\/Wordpress\/wp-json\/wp\/v2\/types\/post"}],"author":[{"embeddable":true,"href":"https:\/\/kfv-mol.de\/Wordpress\/wp-json\/wp\/v2\/users\/3"}],"replies":[{"embeddable":true,"href":"https:\/\/kfv-mol.de\/Wordpress\/wp-json\/wp\/v2\/comments?post=11373"}],"version-history":[{"count":0,"href":"https:\/\/kfv-mol.de\/Wordpress\/wp-json\/wp\/v2\/posts\/11373\/revisions"}],"wp:featuredmedia":[{"embeddable":true,"href":"https:\/\/kfv-mol.de\/Wordpress\/wp-json\/wp\/v2\/media\/11390"}],"wp:attachment":[{"href":"https:\/\/kfv-mol.de\/Wordpress\/wp-json\/wp\/v2\/media?parent=11373"}],"wp:term":[{"taxonomy":"category","embeddable":true,"href":"https:\/\/kfv-mol.de\/Wordpress\/wp-json\/wp\/v2\/categories?post=11373"},{"taxonomy":"post_tag","embeddable":true,"href":"https:\/\/kfv-mol.de\/Wordpress\/wp-json\/wp\/v2\/tags?post=11373"}],"curies":[{"name":"wp","href":"https:\/\/api.w.org\/{rel}","templated":true}]}}