{"id":11356,"date":"2026-01-26T11:38:22","date_gmt":"2026-01-26T10:38:22","guid":{"rendered":"https:\/\/kfv-mol.de\/Wordpress\/?p=11356"},"modified":"2026-01-27T18:28:00","modified_gmt":"2026-01-27T17:28:00","slug":"auszeichnungen-zur-jahreshauptversammlung-der-feuerwehr-falkenberg-hoehe","status":"publish","type":"post","link":"https:\/\/kfv-mol.de\/Wordpress\/Artikel\/auszeichnungen-zur-jahreshauptversammlung-der-feuerwehr-falkenberg-hoehe\/","title":{"rendered":"Jahreshauptversammlung der Amtsfeuerwehr Falkenberg-H\u00f6he"},"content":{"rendered":"\n<p>Im Rahmen der Jahreshauptversammlung am 24. Januar 2026 im vollbesetzten Kulturhaus Kruge wurden Kameradinnen und Kameraden des Amtes Falkenberg-H\u00f6he f\u00fcr ihre Leistungen geehrt, f\u00fcr erfolgreich absolvierte Ausbildungen bef\u00f6rdert sowie f\u00fcr ihre langj\u00e4hrigen treuen Dienste in der Feuerwehr ausgezeichnet. <\/p>\n\n\n\n<p>Zu Beginn der Jahreshauptversammlung wurde der Verstorbenen gedacht und eine Schweigeminute eingelegt. Anschlie\u00dfend trug der Amtswehrf\u00fchrer, Hauptbrandinspektor Mario Sarre, seinen&nbsp; Rechenschaftsbericht f\u00fcr das Jahr 2025 vor. Die Amtsdirektor des Amtes Falkenberg-H\u00f6he, Holger Horneffer, richtete viele Dankesworte an die Kameradinnen und Kameraden, an deren Angeh\u00f6rigen und an die geladenen G\u00e4ste. Das waren Gemeindevertreter, Vertreter des LK MOL, Kreisfeuerwehrverband und Kreisjugendfeuerwehr, Kameraden der Alters- und Ehrenabteilung und Andere. Dabei wurde das gute Zusammenspiel der Feuerwehrleute, deren Verl\u00e4sslichkeit und deren Arbeitgeber gelobt.&nbsp;<\/p>\n\n\n\n<p>Amtsjugendfeuerwehrwartin Mandy Schmidt  verlass ebenfalls den beeindruckenden Bericht der Jugendfeuerwehr und w\u00fcrdigte damit die geleistete Arbeit aller Beteiligten.&nbsp;<\/p>\n\n\n\n<p>Als Vertreter des Landkreises richtete Thomas Rubin vom Fachdienst Zivil-,Brand- und Katastrophenschutz Gru\u00dfworte an die Versammlung.&nbsp;<\/p>\n\n\n\n<p>Der Kreisfeuerwehrverband, vertreten durch Christian Miroslau sowie der stellv. Kreisjugendfeuerwehrwart wart Guido Bell, w\u00fcrdigten ebenfalls die Leistungen der Kameraden in ihren Reden.<\/p>\n\n\n\n<p>Vom Kreisfeuerwehrverband und der Jugendfeuerwehr MOL wurden folgende Auszeichnungen \u00fcberreicht:<\/p>\n\n\n\n<ul class=\"wp-block-list\">\n<li>Ehrennadel des KFV in Silber f\u00fcr OBM Bernd Baptist, FF Leuenberg<\/li>\n\n\n\n<li>Ehrenzeichen des KFV f\u00fcr OLM`in Margot Borkenhagen, FF Falkenberg\/Mark <\/li>\n\n\n\n<li>Ehrennadel der KJF in Bronze:  Julian Angres und Lukas Steffen<\/li>\n\n\n\n<li>Ehrennadel der KJF in Silber: Nico Reschke, Nicol Schwarz und Ralf Stark<\/li>\n<\/ul>\n\n\n\n<p>Dazu herzlichen Gl\u00fcckwunsch!<\/p>\n\n\n\n<p>Im Anschlu\u00df an den offiziellen Teil konnten sich alle am reichlichen Buffet st\u00e4rken, danach wurde ausgelassen gefeiert und getanzt.<\/p>\n\n\n\n<figure class=\"wp-block-gallery has-nested-images columns-default is-cropped wp-block-gallery-1 is-layout-flex wp-block-gallery-is-layout-flex\">\n<figure class=\"wp-block-image size-large\"><img decoding=\"async\" width=\"1024\" height=\"683\" data-id=\"11360\" data-src=\"https:\/\/kfv-mol.de\/Wordpress\/wp-content\/uploads\/2026\/01\/1000202951-1024x683.jpg\" alt=\"\" class=\"wp-image-11360 lazyload\" data-srcset=\"https:\/\/kfv-mol.de\/Wordpress\/wp-content\/uploads\/2026\/01\/1000202951-1024x683.jpg 1024w, https:\/\/kfv-mol.de\/Wordpress\/wp-content\/uploads\/2026\/01\/1000202951-300x200.jpg 300w, https:\/\/kfv-mol.de\/Wordpress\/wp-content\/uploads\/2026\/01\/1000202951-768x512.jpg 768w, https:\/\/kfv-mol.de\/Wordpress\/wp-content\/uploads\/2026\/01\/1000202951.jpg 1536w\" data-sizes=\"(max-width: 1024px) 100vw, 1024px\" src=\"data:image\/svg+xml;base64,PHN2ZyB3aWR0aD0iMSIgaGVpZ2h0PSIxIiB4bWxucz0iaHR0cDovL3d3dy53My5vcmcvMjAwMC9zdmciPjwvc3ZnPg==\" style=\"--smush-placeholder-width: 1024px; --smush-placeholder-aspect-ratio: 1024\/683;\" \/><\/figure>\n\n\n\n<figure class=\"wp-block-image size-large\"><img decoding=\"async\" width=\"1024\" height=\"683\" data-id=\"11362\" data-src=\"https:\/\/kfv-mol.de\/Wordpress\/wp-content\/uploads\/2026\/01\/1000202953-1024x683.jpg\" alt=\"\" class=\"wp-image-11362 lazyload\" data-srcset=\"https:\/\/kfv-mol.de\/Wordpress\/wp-content\/uploads\/2026\/01\/1000202953-1024x683.jpg 1024w, https:\/\/kfv-mol.de\/Wordpress\/wp-content\/uploads\/2026\/01\/1000202953-300x200.jpg 300w, https:\/\/kfv-mol.de\/Wordpress\/wp-content\/uploads\/2026\/01\/1000202953-768x512.jpg 768w, https:\/\/kfv-mol.de\/Wordpress\/wp-content\/uploads\/2026\/01\/1000202953.jpg 1536w\" data-sizes=\"(max-width: 1024px) 100vw, 1024px\" src=\"data:image\/svg+xml;base64,PHN2ZyB3aWR0aD0iMSIgaGVpZ2h0PSIxIiB4bWxucz0iaHR0cDovL3d3dy53My5vcmcvMjAwMC9zdmciPjwvc3ZnPg==\" style=\"--smush-placeholder-width: 1024px; --smush-placeholder-aspect-ratio: 1024\/683;\" \/><\/figure>\n\n\n\n<figure class=\"wp-block-image size-large\"><img decoding=\"async\" width=\"1024\" height=\"683\" data-id=\"11361\" data-src=\"https:\/\/kfv-mol.de\/Wordpress\/wp-content\/uploads\/2026\/01\/1000202956-1024x683.jpg\" alt=\"\" class=\"wp-image-11361 lazyload\" data-srcset=\"https:\/\/kfv-mol.de\/Wordpress\/wp-content\/uploads\/2026\/01\/1000202956-1024x683.jpg 1024w, https:\/\/kfv-mol.de\/Wordpress\/wp-content\/uploads\/2026\/01\/1000202956-300x200.jpg 300w, https:\/\/kfv-mol.de\/Wordpress\/wp-content\/uploads\/2026\/01\/1000202956-768x512.jpg 768w, https:\/\/kfv-mol.de\/Wordpress\/wp-content\/uploads\/2026\/01\/1000202956.jpg 1536w\" data-sizes=\"(max-width: 1024px) 100vw, 1024px\" src=\"data:image\/svg+xml;base64,PHN2ZyB3aWR0aD0iMSIgaGVpZ2h0PSIxIiB4bWxucz0iaHR0cDovL3d3dy53My5vcmcvMjAwMC9zdmciPjwvc3ZnPg==\" style=\"--smush-placeholder-width: 1024px; --smush-placeholder-aspect-ratio: 1024\/683;\" \/><\/figure>\n<\/figure>\n\n\n\n<p><\/p>\n","protected":false},"excerpt":{"rendered":"<p>Im Rahmen der Jahreshauptversammlung am 24. Januar 2026 im vollbesetzten Kulturhaus Kruge wurden Kameradinnen und Kameraden des Amtes Falkenberg-H\u00f6he f\u00fcr ihre Leistungen geehrt, f\u00fcr erfolgreich absolvierte Ausbildungen bef\u00f6rdert sowie f\u00fcr ihre langj\u00e4hrigen treuen Dienste in der Feuerwehr ausgezeichnet. Zu Beginn der Jahreshauptversammlung wurde der Verstorbenen gedacht und eine Schweigeminute eingelegt. Anschlie\u00dfend trug der Amtswehrf\u00fchrer, Hauptbrandinspektor [&hellip;]<\/p>\n","protected":false},"author":3,"featured_media":11357,"comment_status":"closed","ping_status":"closed","sticky":false,"template":"","format":"standard","meta":{"footnotes":""},"categories":[1],"tags":[],"class_list":["post-11356","post","type-post","status-publish","format-standard","has-post-thumbnail","hentry","category-sonstige"],"_links":{"self":[{"href":"https:\/\/kfv-mol.de\/Wordpress\/wp-json\/wp\/v2\/posts\/11356","targetHints":{"allow":["GET"]}}],"collection":[{"href":"https:\/\/kfv-mol.de\/Wordpress\/wp-json\/wp\/v2\/posts"}],"about":[{"href":"https:\/\/kfv-mol.de\/Wordpress\/wp-json\/wp\/v2\/types\/post"}],"author":[{"embeddable":true,"href":"https:\/\/kfv-mol.de\/Wordpress\/wp-json\/wp\/v2\/users\/3"}],"replies":[{"embeddable":true,"href":"https:\/\/kfv-mol.de\/Wordpress\/wp-json\/wp\/v2\/comments?post=11356"}],"version-history":[{"count":0,"href":"https:\/\/kfv-mol.de\/Wordpress\/wp-json\/wp\/v2\/posts\/11356\/revisions"}],"wp:featuredmedia":[{"embeddable":true,"href":"https:\/\/kfv-mol.de\/Wordpress\/wp-json\/wp\/v2\/media\/11357"}],"wp:attachment":[{"href":"https:\/\/kfv-mol.de\/Wordpress\/wp-json\/wp\/v2\/media?parent=11356"}],"wp:term":[{"taxonomy":"category","embeddable":true,"href":"https:\/\/kfv-mol.de\/Wordpress\/wp-json\/wp\/v2\/categories?post=11356"},{"taxonomy":"post_tag","embeddable":true,"href":"https:\/\/kfv-mol.de\/Wordpress\/wp-json\/wp\/v2\/tags?post=11356"}],"curies":[{"name":"wp","href":"https:\/\/api.w.org\/{rel}","templated":true}]}}