{"id":11339,"date":"2026-01-25T12:10:37","date_gmt":"2026-01-25T11:10:37","guid":{"rendered":"https:\/\/kfv-mol.de\/Wordpress\/?p=11339"},"modified":"2026-01-29T15:23:25","modified_gmt":"2026-01-29T14:23:25","slug":"jahreshauptversammlung-der-feuerwehr-strausberg","status":"publish","type":"post","link":"https:\/\/kfv-mol.de\/Wordpress\/Artikel\/jahreshauptversammlung-der-feuerwehr-strausberg\/","title":{"rendered":"Jahreshauptversammlung der Feuerwehr Strausberg"},"content":{"rendered":"\n<p>Am Samstag, dem 24.01.2025 fand die diesj\u00e4hrige Jahreshauptversammlung der Freiwilligen Feuerwehr Strausberg statt.<br><br>Zu Beginn der Jahreshauptversammlung wurde der Verstorbenen gedacht und eine Schweigeminute eingelegt. Anschlie\u00dfend trug der Stadtwehrf\u00fchrer, Oberbrandinspektor Uwe Schmidt, seinen letzten Rechenschaftsbericht f\u00fcr das Jahr 2025 vor. Seine Amtszeit endet nach knapp 32 Jahren als Wehrf\u00fchrer. Die B\u00fcrgermeisterin der Stadt Strausberg, Elke Stadeler, richtete viele Dankesworte an die Kameradinnen und Kameraden, an deren Angeh\u00f6rigen und an die geladenen G\u00e4ste. Das waren Stadtverordnete, Kreissparkasse, Kreisbrandmeister, Kreisfeuerwehrverband, Kameraden der Alters- und Ehrenabteilung, polnische Partnerfeuerwehr Debno und Andere. Dabei wurde das gute Zusammenspiel der Feuerwehrleute, deren Verl\u00e4sslichkeit und deren Arbeitgeber gelobt.<\/p>\n\n\n\n<p>Der Kreisbrandmeister Sebastian Nestroy und der amt. Vorsitzende des Kreisfeuerwehrverbandes  Uwe Pranzner richteten Gru\u00dfworte an die Versammlung.<\/p>\n\n\n\n<p>Anschlie\u00dfend wurden Bef\u00f6rderungen und Auszeichnungen ausgesprochen. Der amt. Vorsitzende des KFV \u00fcberreichte mit dem Kreisbrandmeister dabei folgende Verbandsauszeichnungen:<\/p>\n\n\n\n<ul class=\"wp-block-list\">\n<li>mit der Ehrennadel des KFV in Bronze: OLM Tom Bohm, OBM Werner Seidel, BM Benjamin Bomball<\/li>\n\n\n\n<li>mit dem Ehrenzeichen des KFV: EHLM Andreas Schwiering<\/li>\n\n\n\n<li>mit der Leistungspange TH des LFV in der Sonderstufe Gold: OBM Werner Seidel<\/li>\n\n\n\n<li>mit dem Brandenburger Feuerwehr-Ehrenkreuz in Silber: OBI Uwe Schmidt<\/li>\n<\/ul>\n\n\n\n<p>Herzlichen Gl\u00fcckwunsch!<\/p>\n\n\n\n<figure class=\"wp-block-gallery has-nested-images columns-default is-cropped wp-block-gallery-1 is-layout-flex wp-block-gallery-is-layout-flex\">\n<figure class=\"wp-block-image size-large\"><img decoding=\"async\" width=\"700\" height=\"467\" data-id=\"11341\" data-src=\"https:\/\/kfv-mol.de\/Wordpress\/wp-content\/uploads\/2026\/01\/7g.jpg\" alt=\"\" class=\"wp-image-11341 lazyload\" data-srcset=\"https:\/\/kfv-mol.de\/Wordpress\/wp-content\/uploads\/2026\/01\/7g.jpg 700w, https:\/\/kfv-mol.de\/Wordpress\/wp-content\/uploads\/2026\/01\/7g-300x200.jpg 300w\" data-sizes=\"(max-width: 700px) 100vw, 700px\" src=\"data:image\/svg+xml;base64,PHN2ZyB3aWR0aD0iMSIgaGVpZ2h0PSIxIiB4bWxucz0iaHR0cDovL3d3dy53My5vcmcvMjAwMC9zdmciPjwvc3ZnPg==\" style=\"--smush-placeholder-width: 700px; --smush-placeholder-aspect-ratio: 700\/467;\" \/><\/figure>\n\n\n\n<figure class=\"wp-block-image size-large\"><img decoding=\"async\" width=\"700\" height=\"467\" data-id=\"11345\" data-src=\"https:\/\/kfv-mol.de\/Wordpress\/wp-content\/uploads\/2026\/01\/8g.jpg\" alt=\"\" class=\"wp-image-11345 lazyload\" data-srcset=\"https:\/\/kfv-mol.de\/Wordpress\/wp-content\/uploads\/2026\/01\/8g.jpg 700w, https:\/\/kfv-mol.de\/Wordpress\/wp-content\/uploads\/2026\/01\/8g-300x200.jpg 300w\" data-sizes=\"(max-width: 700px) 100vw, 700px\" src=\"data:image\/svg+xml;base64,PHN2ZyB3aWR0aD0iMSIgaGVpZ2h0PSIxIiB4bWxucz0iaHR0cDovL3d3dy53My5vcmcvMjAwMC9zdmciPjwvc3ZnPg==\" style=\"--smush-placeholder-width: 700px; --smush-placeholder-aspect-ratio: 700\/467;\" \/><\/figure>\n\n\n\n<figure class=\"wp-block-image size-large\"><img decoding=\"async\" width=\"700\" height=\"467\" data-id=\"11343\" data-src=\"https:\/\/kfv-mol.de\/Wordpress\/wp-content\/uploads\/2026\/01\/9g-1.jpg\" alt=\"\" class=\"wp-image-11343 lazyload\" data-srcset=\"https:\/\/kfv-mol.de\/Wordpress\/wp-content\/uploads\/2026\/01\/9g-1.jpg 700w, https:\/\/kfv-mol.de\/Wordpress\/wp-content\/uploads\/2026\/01\/9g-1-300x200.jpg 300w\" data-sizes=\"(max-width: 700px) 100vw, 700px\" src=\"data:image\/svg+xml;base64,PHN2ZyB3aWR0aD0iMSIgaGVpZ2h0PSIxIiB4bWxucz0iaHR0cDovL3d3dy53My5vcmcvMjAwMC9zdmciPjwvc3ZnPg==\" style=\"--smush-placeholder-width: 700px; --smush-placeholder-aspect-ratio: 700\/467;\" \/><\/figure>\n\n\n\n<figure class=\"wp-block-image size-large\"><img decoding=\"async\" width=\"700\" height=\"467\" data-id=\"11347\" data-src=\"https:\/\/kfv-mol.de\/Wordpress\/wp-content\/uploads\/2026\/01\/10g.jpg\" alt=\"\" class=\"wp-image-11347 lazyload\" data-srcset=\"https:\/\/kfv-mol.de\/Wordpress\/wp-content\/uploads\/2026\/01\/10g.jpg 700w, https:\/\/kfv-mol.de\/Wordpress\/wp-content\/uploads\/2026\/01\/10g-300x200.jpg 300w\" data-sizes=\"(max-width: 700px) 100vw, 700px\" src=\"data:image\/svg+xml;base64,PHN2ZyB3aWR0aD0iMSIgaGVpZ2h0PSIxIiB4bWxucz0iaHR0cDovL3d3dy53My5vcmcvMjAwMC9zdmciPjwvc3ZnPg==\" style=\"--smush-placeholder-width: 700px; --smush-placeholder-aspect-ratio: 700\/467;\" \/><\/figure>\n\n\n\n<figure class=\"wp-block-image size-large\"><img decoding=\"async\" width=\"700\" height=\"467\" data-id=\"11350\" data-src=\"https:\/\/kfv-mol.de\/Wordpress\/wp-content\/uploads\/2026\/01\/12g.jpg\" alt=\"\" class=\"wp-image-11350 lazyload\" data-srcset=\"https:\/\/kfv-mol.de\/Wordpress\/wp-content\/uploads\/2026\/01\/12g.jpg 700w, https:\/\/kfv-mol.de\/Wordpress\/wp-content\/uploads\/2026\/01\/12g-300x200.jpg 300w\" data-sizes=\"(max-width: 700px) 100vw, 700px\" src=\"data:image\/svg+xml;base64,PHN2ZyB3aWR0aD0iMSIgaGVpZ2h0PSIxIiB4bWxucz0iaHR0cDovL3d3dy53My5vcmcvMjAwMC9zdmciPjwvc3ZnPg==\" style=\"--smush-placeholder-width: 700px; --smush-placeholder-aspect-ratio: 700\/467;\" \/><\/figure>\n\n\n\n<figure class=\"wp-block-image size-large\"><img decoding=\"async\" width=\"700\" height=\"467\" data-id=\"11342\" data-src=\"https:\/\/kfv-mol.de\/Wordpress\/wp-content\/uploads\/2026\/01\/17g.jpg\" alt=\"\" class=\"wp-image-11342 lazyload\" data-srcset=\"https:\/\/kfv-mol.de\/Wordpress\/wp-content\/uploads\/2026\/01\/17g.jpg 700w, https:\/\/kfv-mol.de\/Wordpress\/wp-content\/uploads\/2026\/01\/17g-300x200.jpg 300w\" data-sizes=\"(max-width: 700px) 100vw, 700px\" src=\"data:image\/svg+xml;base64,PHN2ZyB3aWR0aD0iMSIgaGVpZ2h0PSIxIiB4bWxucz0iaHR0cDovL3d3dy53My5vcmcvMjAwMC9zdmciPjwvc3ZnPg==\" style=\"--smush-placeholder-width: 700px; --smush-placeholder-aspect-ratio: 700\/467;\" \/><\/figure>\n\n\n\n<figure class=\"wp-block-image size-large\"><img decoding=\"async\" width=\"700\" height=\"467\" data-id=\"11344\" data-src=\"https:\/\/kfv-mol.de\/Wordpress\/wp-content\/uploads\/2026\/01\/19g.jpg\" alt=\"\" class=\"wp-image-11344 lazyload\" data-srcset=\"https:\/\/kfv-mol.de\/Wordpress\/wp-content\/uploads\/2026\/01\/19g.jpg 700w, https:\/\/kfv-mol.de\/Wordpress\/wp-content\/uploads\/2026\/01\/19g-300x200.jpg 300w\" data-sizes=\"(max-width: 700px) 100vw, 700px\" src=\"data:image\/svg+xml;base64,PHN2ZyB3aWR0aD0iMSIgaGVpZ2h0PSIxIiB4bWxucz0iaHR0cDovL3d3dy53My5vcmcvMjAwMC9zdmciPjwvc3ZnPg==\" style=\"--smush-placeholder-width: 700px; --smush-placeholder-aspect-ratio: 700\/467;\" \/><\/figure>\n\n\n\n<figure class=\"wp-block-image size-large\"><img decoding=\"async\" width=\"700\" height=\"467\" data-id=\"11346\" data-src=\"https:\/\/kfv-mol.de\/Wordpress\/wp-content\/uploads\/2026\/01\/20g-1.jpg\" alt=\"\" class=\"wp-image-11346 lazyload\" data-srcset=\"https:\/\/kfv-mol.de\/Wordpress\/wp-content\/uploads\/2026\/01\/20g-1.jpg 700w, https:\/\/kfv-mol.de\/Wordpress\/wp-content\/uploads\/2026\/01\/20g-1-300x200.jpg 300w\" data-sizes=\"(max-width: 700px) 100vw, 700px\" src=\"data:image\/svg+xml;base64,PHN2ZyB3aWR0aD0iMSIgaGVpZ2h0PSIxIiB4bWxucz0iaHR0cDovL3d3dy53My5vcmcvMjAwMC9zdmciPjwvc3ZnPg==\" style=\"--smush-placeholder-width: 700px; --smush-placeholder-aspect-ratio: 700\/467;\" \/><\/figure>\n\n\n\n<figure class=\"wp-block-image size-large\"><img decoding=\"async\" width=\"700\" height=\"467\" data-id=\"11348\" data-src=\"https:\/\/kfv-mol.de\/Wordpress\/wp-content\/uploads\/2026\/01\/21g.jpg\" alt=\"\" class=\"wp-image-11348 lazyload\" data-srcset=\"https:\/\/kfv-mol.de\/Wordpress\/wp-content\/uploads\/2026\/01\/21g.jpg 700w, https:\/\/kfv-mol.de\/Wordpress\/wp-content\/uploads\/2026\/01\/21g-300x200.jpg 300w\" data-sizes=\"(max-width: 700px) 100vw, 700px\" src=\"data:image\/svg+xml;base64,PHN2ZyB3aWR0aD0iMSIgaGVpZ2h0PSIxIiB4bWxucz0iaHR0cDovL3d3dy53My5vcmcvMjAwMC9zdmciPjwvc3ZnPg==\" style=\"--smush-placeholder-width: 700px; --smush-placeholder-aspect-ratio: 700\/467;\" \/><\/figure>\n\n\n\n<figure class=\"wp-block-image size-large\"><img decoding=\"async\" width=\"700\" height=\"467\" data-id=\"11354\" data-src=\"https:\/\/kfv-mol.de\/Wordpress\/wp-content\/uploads\/2026\/01\/40g.jpg\" alt=\"\" class=\"wp-image-11354 lazyload\" data-srcset=\"https:\/\/kfv-mol.de\/Wordpress\/wp-content\/uploads\/2026\/01\/40g.jpg 700w, https:\/\/kfv-mol.de\/Wordpress\/wp-content\/uploads\/2026\/01\/40g-300x200.jpg 300w\" data-sizes=\"(max-width: 700px) 100vw, 700px\" src=\"data:image\/svg+xml;base64,PHN2ZyB3aWR0aD0iMSIgaGVpZ2h0PSIxIiB4bWxucz0iaHR0cDovL3d3dy53My5vcmcvMjAwMC9zdmciPjwvc3ZnPg==\" style=\"--smush-placeholder-width: 700px; --smush-placeholder-aspect-ratio: 700\/467;\" \/><\/figure>\n\n\n\n<figure class=\"wp-block-image size-large\"><img decoding=\"async\" width=\"700\" height=\"467\" data-id=\"11353\" data-src=\"https:\/\/kfv-mol.de\/Wordpress\/wp-content\/uploads\/2026\/01\/41g.jpg\" alt=\"\" class=\"wp-image-11353 lazyload\" data-srcset=\"https:\/\/kfv-mol.de\/Wordpress\/wp-content\/uploads\/2026\/01\/41g.jpg 700w, https:\/\/kfv-mol.de\/Wordpress\/wp-content\/uploads\/2026\/01\/41g-300x200.jpg 300w\" data-sizes=\"(max-width: 700px) 100vw, 700px\" src=\"data:image\/svg+xml;base64,PHN2ZyB3aWR0aD0iMSIgaGVpZ2h0PSIxIiB4bWxucz0iaHR0cDovL3d3dy53My5vcmcvMjAwMC9zdmciPjwvc3ZnPg==\" style=\"--smush-placeholder-width: 700px; --smush-placeholder-aspect-ratio: 700\/467;\" \/><\/figure>\n\n\n\n<figure class=\"wp-block-image size-large\"><img decoding=\"async\" width=\"466\" height=\"700\" data-id=\"11352\" data-src=\"https:\/\/kfv-mol.de\/Wordpress\/wp-content\/uploads\/2026\/01\/42g.jpg\" alt=\"\" class=\"wp-image-11352 lazyload\" data-srcset=\"https:\/\/kfv-mol.de\/Wordpress\/wp-content\/uploads\/2026\/01\/42g.jpg 466w, https:\/\/kfv-mol.de\/Wordpress\/wp-content\/uploads\/2026\/01\/42g-200x300.jpg 200w\" data-sizes=\"(max-width: 466px) 100vw, 466px\" src=\"data:image\/svg+xml;base64,PHN2ZyB3aWR0aD0iMSIgaGVpZ2h0PSIxIiB4bWxucz0iaHR0cDovL3d3dy53My5vcmcvMjAwMC9zdmciPjwvc3ZnPg==\" style=\"--smush-placeholder-width: 466px; --smush-placeholder-aspect-ratio: 466\/700;\" \/><\/figure>\n\n\n\n<figure class=\"wp-block-image size-large\"><img decoding=\"async\" width=\"700\" height=\"467\" data-id=\"11349\" data-src=\"https:\/\/kfv-mol.de\/Wordpress\/wp-content\/uploads\/2026\/01\/48g.jpg\" alt=\"\" class=\"wp-image-11349 lazyload\" data-srcset=\"https:\/\/kfv-mol.de\/Wordpress\/wp-content\/uploads\/2026\/01\/48g.jpg 700w, https:\/\/kfv-mol.de\/Wordpress\/wp-content\/uploads\/2026\/01\/48g-300x200.jpg 300w\" data-sizes=\"(max-width: 700px) 100vw, 700px\" src=\"data:image\/svg+xml;base64,PHN2ZyB3aWR0aD0iMSIgaGVpZ2h0PSIxIiB4bWxucz0iaHR0cDovL3d3dy53My5vcmcvMjAwMC9zdmciPjwvc3ZnPg==\" style=\"--smush-placeholder-width: 700px; --smush-placeholder-aspect-ratio: 700\/467;\" \/><\/figure>\n\n\n\n<figure class=\"wp-block-image size-large\"><img decoding=\"async\" width=\"700\" height=\"467\" data-id=\"11351\" data-src=\"https:\/\/kfv-mol.de\/Wordpress\/wp-content\/uploads\/2026\/01\/51g-1.jpg\" alt=\"\" class=\"wp-image-11351 lazyload\" data-srcset=\"https:\/\/kfv-mol.de\/Wordpress\/wp-content\/uploads\/2026\/01\/51g-1.jpg 700w, https:\/\/kfv-mol.de\/Wordpress\/wp-content\/uploads\/2026\/01\/51g-1-300x200.jpg 300w\" data-sizes=\"(max-width: 700px) 100vw, 700px\" src=\"data:image\/svg+xml;base64,PHN2ZyB3aWR0aD0iMSIgaGVpZ2h0PSIxIiB4bWxucz0iaHR0cDovL3d3dy53My5vcmcvMjAwMC9zdmciPjwvc3ZnPg==\" style=\"--smush-placeholder-width: 700px; --smush-placeholder-aspect-ratio: 700\/467;\" \/><\/figure>\n<\/figure>\n","protected":false},"excerpt":{"rendered":"<p>Am Samstag, dem 24.01.2025 fand die diesj\u00e4hrige Jahreshauptversammlung der Freiwilligen Feuerwehr Strausberg statt. Zu Beginn der Jahreshauptversammlung wurde der Verstorbenen gedacht und eine Schweigeminute eingelegt. Anschlie\u00dfend trug der Stadtwehrf\u00fchrer, Oberbrandinspektor Uwe Schmidt, seinen letzten Rechenschaftsbericht f\u00fcr das Jahr 2025 vor. Seine Amtszeit endet nach knapp 32 Jahren als Wehrf\u00fchrer. Die B\u00fcrgermeisterin der Stadt Strausberg, Elke [&hellip;]<\/p>\n","protected":false},"author":3,"featured_media":11340,"comment_status":"closed","ping_status":"closed","sticky":false,"template":"","format":"standard","meta":{"footnotes":""},"categories":[1],"tags":[],"class_list":["post-11339","post","type-post","status-publish","format-standard","has-post-thumbnail","hentry","category-sonstige"],"_links":{"self":[{"href":"https:\/\/kfv-mol.de\/Wordpress\/wp-json\/wp\/v2\/posts\/11339","targetHints":{"allow":["GET"]}}],"collection":[{"href":"https:\/\/kfv-mol.de\/Wordpress\/wp-json\/wp\/v2\/posts"}],"about":[{"href":"https:\/\/kfv-mol.de\/Wordpress\/wp-json\/wp\/v2\/types\/post"}],"author":[{"embeddable":true,"href":"https:\/\/kfv-mol.de\/Wordpress\/wp-json\/wp\/v2\/users\/3"}],"replies":[{"embeddable":true,"href":"https:\/\/kfv-mol.de\/Wordpress\/wp-json\/wp\/v2\/comments?post=11339"}],"version-history":[{"count":0,"href":"https:\/\/kfv-mol.de\/Wordpress\/wp-json\/wp\/v2\/posts\/11339\/revisions"}],"wp:featuredmedia":[{"embeddable":true,"href":"https:\/\/kfv-mol.de\/Wordpress\/wp-json\/wp\/v2\/media\/11340"}],"wp:attachment":[{"href":"https:\/\/kfv-mol.de\/Wordpress\/wp-json\/wp\/v2\/media?parent=11339"}],"wp:term":[{"taxonomy":"category","embeddable":true,"href":"https:\/\/kfv-mol.de\/Wordpress\/wp-json\/wp\/v2\/categories?post=11339"},{"taxonomy":"post_tag","embeddable":true,"href":"https:\/\/kfv-mol.de\/Wordpress\/wp-json\/wp\/v2\/tags?post=11339"}],"curies":[{"name":"wp","href":"https:\/\/api.w.org\/{rel}","templated":true}]}}