{"id":11308,"date":"2026-01-21T11:55:59","date_gmt":"2026-01-21T10:55:59","guid":{"rendered":"https:\/\/kfv-mol.de\/Wordpress\/?p=11308"},"modified":"2026-01-21T13:46:07","modified_gmt":"2026-01-21T12:46:07","slug":"richtfest-des-neuen-ftz-strausberg","status":"publish","type":"post","link":"https:\/\/kfv-mol.de\/Wordpress\/Artikel\/richtfest-des-neuen-ftz-strausberg\/","title":{"rendered":"Richtfest des neuen FTZ Strausberg"},"content":{"rendered":"\n<p>Am Dienstag, den 20. Januar 2026 fand im Gewerbegebiet Strausberg am Biotop das Richtfest f\u00fcr den Neubau des Feuerwehrtechnischen Zentrums statt.<\/p>\n\n\n\n<p>An diesem traditionellem Zeremoniell nahmen Vertreter der beteiligten Baufirmen und Bauplanern, Politiker, der Feuerwehren und der Hilfsorganisationen teil. Landrat Gernot Schmidt, Martin Zohles (Leiter des Fachdiensts Zivil-, Brand- und Katastrophenschutz) und Strausbergs B\u00fcrgermeisterin Elke Stadeler w\u00fcrdigten den Neubau und seine Bedeutung f\u00fcr die Region.<\/p>\n\n\n\n<p>Der 30 Mio Euro teure Neubau wird auf einer Nutzfl\u00e4che von \u00fcber 5000 Quadratmetern 26 Fahrzeughallen, ein Katastrophenschutzlager, eine Atemschutzwerkstatt, eine Schlauchw\u00e4sche mit Werkstatt, eine Atemschutz\u00fcbungsanlage sowie ein Lager unter anderem zur Vorhaltung von L\u00f6schmitteln, B- und C- Schl\u00e4uchen sowie Atemschutzger\u00e4ten enthalten. Das FTZ ist weiterhin eine Aus- und Fortbildungsst\u00e4tte von Feuerwehrangeh\u00f6rigen und Mitgliedern der Hilfsorganisationen. Der Kreisfeuerwehrverband und die Notfallseelsorge werden R\u00e4ume f\u00fcr ihre Gesch\u00e4ftsstellen erhalten. Auch die Brandschutzdienststelle des Landkreises soll hier einziehen.<\/p>\n\n\n\n<p>Technisch hervorzuheben ist die moderne Photovoltaikanlage, die&nbsp;auf dem Dach installiert wird und mit einer Leistung von 450 KW\/p und das Haus mit Energie versorgen soll.&nbsp;<\/p>\n\n\n\n<p>Die Fertigstellung des neuen FTZ ist f\u00fcr den Sommer 2027 geplant.<\/p>\n\n\n\n<figure class=\"wp-block-gallery has-nested-images columns-default is-cropped wp-block-gallery-1 is-layout-flex wp-block-gallery-is-layout-flex\">\n<figure class=\"wp-block-image size-large\"><img decoding=\"async\" width=\"768\" height=\"1024\" data-id=\"11320\" data-src=\"https:\/\/kfv-mol.de\/Wordpress\/wp-content\/uploads\/2026\/01\/617545379_10225951169160889_5566088398760452983_n-1-768x1024.jpg\" alt=\"\" class=\"wp-image-11320 lazyload\" data-srcset=\"https:\/\/kfv-mol.de\/Wordpress\/wp-content\/uploads\/2026\/01\/617545379_10225951169160889_5566088398760452983_n-1-768x1024.jpg 768w, https:\/\/kfv-mol.de\/Wordpress\/wp-content\/uploads\/2026\/01\/617545379_10225951169160889_5566088398760452983_n-1-225x300.jpg 225w, https:\/\/kfv-mol.de\/Wordpress\/wp-content\/uploads\/2026\/01\/617545379_10225951169160889_5566088398760452983_n-1-1152x1536.jpg 1152w, https:\/\/kfv-mol.de\/Wordpress\/wp-content\/uploads\/2026\/01\/617545379_10225951169160889_5566088398760452983_n-1.jpg 1200w\" data-sizes=\"(max-width: 768px) 100vw, 768px\" src=\"data:image\/svg+xml;base64,PHN2ZyB3aWR0aD0iMSIgaGVpZ2h0PSIxIiB4bWxucz0iaHR0cDovL3d3dy53My5vcmcvMjAwMC9zdmciPjwvc3ZnPg==\" style=\"--smush-placeholder-width: 768px; --smush-placeholder-aspect-ratio: 768\/1024;\" \/><\/figure>\n\n\n\n<figure class=\"wp-block-image size-large\"><img decoding=\"async\" width=\"768\" height=\"1024\" data-id=\"11322\" data-src=\"https:\/\/kfv-mol.de\/Wordpress\/wp-content\/uploads\/2026\/01\/618076244_10225951168040861_4846844428922405107_n-1-768x1024.jpg\" alt=\"\" class=\"wp-image-11322 lazyload\" data-srcset=\"https:\/\/kfv-mol.de\/Wordpress\/wp-content\/uploads\/2026\/01\/618076244_10225951168040861_4846844428922405107_n-1-768x1024.jpg 768w, https:\/\/kfv-mol.de\/Wordpress\/wp-content\/uploads\/2026\/01\/618076244_10225951168040861_4846844428922405107_n-1-225x300.jpg 225w, https:\/\/kfv-mol.de\/Wordpress\/wp-content\/uploads\/2026\/01\/618076244_10225951168040861_4846844428922405107_n-1-1152x1536.jpg 1152w, https:\/\/kfv-mol.de\/Wordpress\/wp-content\/uploads\/2026\/01\/618076244_10225951168040861_4846844428922405107_n-1.jpg 1200w\" data-sizes=\"(max-width: 768px) 100vw, 768px\" src=\"data:image\/svg+xml;base64,PHN2ZyB3aWR0aD0iMSIgaGVpZ2h0PSIxIiB4bWxucz0iaHR0cDovL3d3dy53My5vcmcvMjAwMC9zdmciPjwvc3ZnPg==\" style=\"--smush-placeholder-width: 768px; --smush-placeholder-aspect-ratio: 768\/1024;\" \/><\/figure>\n\n\n\n<figure class=\"wp-block-image size-large\"><img decoding=\"async\" width=\"768\" height=\"1024\" data-id=\"11321\" data-src=\"https:\/\/kfv-mol.de\/Wordpress\/wp-content\/uploads\/2026\/01\/618363273_10225951168360869_7038481922162855623_n-1-768x1024.jpg\" alt=\"\" class=\"wp-image-11321 lazyload\" data-srcset=\"https:\/\/kfv-mol.de\/Wordpress\/wp-content\/uploads\/2026\/01\/618363273_10225951168360869_7038481922162855623_n-1-768x1024.jpg 768w, https:\/\/kfv-mol.de\/Wordpress\/wp-content\/uploads\/2026\/01\/618363273_10225951168360869_7038481922162855623_n-1-225x300.jpg 225w, https:\/\/kfv-mol.de\/Wordpress\/wp-content\/uploads\/2026\/01\/618363273_10225951168360869_7038481922162855623_n-1-1152x1536.jpg 1152w, https:\/\/kfv-mol.de\/Wordpress\/wp-content\/uploads\/2026\/01\/618363273_10225951168360869_7038481922162855623_n-1.jpg 1536w\" data-sizes=\"(max-width: 768px) 100vw, 768px\" src=\"data:image\/svg+xml;base64,PHN2ZyB3aWR0aD0iMSIgaGVpZ2h0PSIxIiB4bWxucz0iaHR0cDovL3d3dy53My5vcmcvMjAwMC9zdmciPjwvc3ZnPg==\" style=\"--smush-placeholder-width: 768px; --smush-placeholder-aspect-ratio: 768\/1024;\" \/><\/figure>\n\n\n\n<figure class=\"wp-block-image size-large\"><img decoding=\"async\" width=\"736\" height=\"862\" data-id=\"11319\" data-src=\"https:\/\/kfv-mol.de\/Wordpress\/wp-content\/uploads\/2026\/01\/618810561_10225957039147635_7553760458179046069.jpg\" alt=\"\" class=\"wp-image-11319 lazyload\" data-srcset=\"https:\/\/kfv-mol.de\/Wordpress\/wp-content\/uploads\/2026\/01\/618810561_10225957039147635_7553760458179046069.jpg 736w, https:\/\/kfv-mol.de\/Wordpress\/wp-content\/uploads\/2026\/01\/618810561_10225957039147635_7553760458179046069-256x300.jpg 256w\" data-sizes=\"(max-width: 736px) 100vw, 736px\" src=\"data:image\/svg+xml;base64,PHN2ZyB3aWR0aD0iMSIgaGVpZ2h0PSIxIiB4bWxucz0iaHR0cDovL3d3dy53My5vcmcvMjAwMC9zdmciPjwvc3ZnPg==\" style=\"--smush-placeholder-width: 736px; --smush-placeholder-aspect-ratio: 736\/862;\" \/><\/figure>\n\n\n\n<figure class=\"wp-block-image size-large\"><img decoding=\"async\" width=\"768\" height=\"1024\" data-id=\"11318\" data-src=\"https:\/\/kfv-mol.de\/Wordpress\/wp-content\/uploads\/2026\/01\/618810561_10225957039147635_7553760458179046070_n-1-768x1024.jpg\" alt=\"\" class=\"wp-image-11318 lazyload\" data-srcset=\"https:\/\/kfv-mol.de\/Wordpress\/wp-content\/uploads\/2026\/01\/618810561_10225957039147635_7553760458179046070_n-1-768x1024.jpg 768w, https:\/\/kfv-mol.de\/Wordpress\/wp-content\/uploads\/2026\/01\/618810561_10225957039147635_7553760458179046070_n-1-225x300.jpg 225w, https:\/\/kfv-mol.de\/Wordpress\/wp-content\/uploads\/2026\/01\/618810561_10225957039147635_7553760458179046070_n-1-1152x1536.jpg 1152w, https:\/\/kfv-mol.de\/Wordpress\/wp-content\/uploads\/2026\/01\/618810561_10225957039147635_7553760458179046070_n-1.jpg 1200w\" data-sizes=\"(max-width: 768px) 100vw, 768px\" src=\"data:image\/svg+xml;base64,PHN2ZyB3aWR0aD0iMSIgaGVpZ2h0PSIxIiB4bWxucz0iaHR0cDovL3d3dy53My5vcmcvMjAwMC9zdmciPjwvc3ZnPg==\" style=\"--smush-placeholder-width: 768px; --smush-placeholder-aspect-ratio: 768\/1024;\" \/><\/figure>\n\n\n\n<figure class=\"wp-block-image size-large\"><img decoding=\"async\" width=\"781\" height=\"402\" data-id=\"11317\" data-src=\"https:\/\/kfv-mol.de\/Wordpress\/wp-content\/uploads\/2026\/01\/KBM.jpg\" alt=\"\" class=\"wp-image-11317 lazyload\" data-srcset=\"https:\/\/kfv-mol.de\/Wordpress\/wp-content\/uploads\/2026\/01\/KBM.jpg 781w, https:\/\/kfv-mol.de\/Wordpress\/wp-content\/uploads\/2026\/01\/KBM-300x154.jpg 300w, https:\/\/kfv-mol.de\/Wordpress\/wp-content\/uploads\/2026\/01\/KBM-768x395.jpg 768w\" data-sizes=\"(max-width: 781px) 100vw, 781px\" src=\"data:image\/svg+xml;base64,PHN2ZyB3aWR0aD0iMSIgaGVpZ2h0PSIxIiB4bWxucz0iaHR0cDovL3d3dy53My5vcmcvMjAwMC9zdmciPjwvc3ZnPg==\" style=\"--smush-placeholder-width: 781px; --smush-placeholder-aspect-ratio: 781\/402;\" \/><\/figure>\n<\/figure>\n\n\n\n<figure class=\"wp-block-gallery has-nested-images columns-default is-cropped wp-block-gallery-2 is-layout-flex wp-block-gallery-is-layout-flex\">\n<figure class=\"wp-block-image size-large\"><img decoding=\"async\" width=\"1013\" height=\"618\" data-id=\"11334\" data-src=\"https:\/\/kfv-mol.de\/Wordpress\/wp-content\/uploads\/2026\/01\/Screenshot-2026-01-21-133848.png\" alt=\"\" class=\"wp-image-11334 lazyload\" data-srcset=\"https:\/\/kfv-mol.de\/Wordpress\/wp-content\/uploads\/2026\/01\/Screenshot-2026-01-21-133848.png 1013w, https:\/\/kfv-mol.de\/Wordpress\/wp-content\/uploads\/2026\/01\/Screenshot-2026-01-21-133848-300x183.png 300w, https:\/\/kfv-mol.de\/Wordpress\/wp-content\/uploads\/2026\/01\/Screenshot-2026-01-21-133848-768x469.png 768w\" data-sizes=\"(max-width: 1013px) 100vw, 1013px\" src=\"data:image\/svg+xml;base64,PHN2ZyB3aWR0aD0iMSIgaGVpZ2h0PSIxIiB4bWxucz0iaHR0cDovL3d3dy53My5vcmcvMjAwMC9zdmciPjwvc3ZnPg==\" style=\"--smush-placeholder-width: 1013px; --smush-placeholder-aspect-ratio: 1013\/618;\" \/><\/figure>\n\n\n\n<figure class=\"wp-block-image size-large\"><img decoding=\"async\" width=\"1021\" height=\"617\" data-id=\"11333\" data-src=\"https:\/\/kfv-mol.de\/Wordpress\/wp-content\/uploads\/2026\/01\/Screenshot-2026-01-21-133939.jpg\" alt=\"\" class=\"wp-image-11333 lazyload\" data-srcset=\"https:\/\/kfv-mol.de\/Wordpress\/wp-content\/uploads\/2026\/01\/Screenshot-2026-01-21-133939.jpg 1021w, https:\/\/kfv-mol.de\/Wordpress\/wp-content\/uploads\/2026\/01\/Screenshot-2026-01-21-133939-300x181.jpg 300w, https:\/\/kfv-mol.de\/Wordpress\/wp-content\/uploads\/2026\/01\/Screenshot-2026-01-21-133939-768x464.jpg 768w\" data-sizes=\"(max-width: 1021px) 100vw, 1021px\" src=\"data:image\/svg+xml;base64,PHN2ZyB3aWR0aD0iMSIgaGVpZ2h0PSIxIiB4bWxucz0iaHR0cDovL3d3dy53My5vcmcvMjAwMC9zdmciPjwvc3ZnPg==\" style=\"--smush-placeholder-width: 1021px; --smush-placeholder-aspect-ratio: 1021\/617;\" \/><\/figure>\n\n\n\n<figure class=\"wp-block-image size-large\"><img decoding=\"async\" width=\"1014\" height=\"618\" data-id=\"11335\" data-src=\"https:\/\/kfv-mol.de\/Wordpress\/wp-content\/uploads\/2026\/01\/Screenshot-2026-01-21-134028.png\" alt=\"\" class=\"wp-image-11335 lazyload\" data-srcset=\"https:\/\/kfv-mol.de\/Wordpress\/wp-content\/uploads\/2026\/01\/Screenshot-2026-01-21-134028.png 1014w, https:\/\/kfv-mol.de\/Wordpress\/wp-content\/uploads\/2026\/01\/Screenshot-2026-01-21-134028-300x183.png 300w, https:\/\/kfv-mol.de\/Wordpress\/wp-content\/uploads\/2026\/01\/Screenshot-2026-01-21-134028-768x468.png 768w\" data-sizes=\"(max-width: 1014px) 100vw, 1014px\" src=\"data:image\/svg+xml;base64,PHN2ZyB3aWR0aD0iMSIgaGVpZ2h0PSIxIiB4bWxucz0iaHR0cDovL3d3dy53My5vcmcvMjAwMC9zdmciPjwvc3ZnPg==\" style=\"--smush-placeholder-width: 1014px; --smush-placeholder-aspect-ratio: 1014\/618;\" \/><\/figure>\n\n\n\n<figure class=\"wp-block-image size-large\"><img decoding=\"async\" width=\"1019\" height=\"622\" data-id=\"11336\" data-src=\"https:\/\/kfv-mol.de\/Wordpress\/wp-content\/uploads\/2026\/01\/Screenshot-2026-01-21-134057.png\" alt=\"\" class=\"wp-image-11336 lazyload\" data-srcset=\"https:\/\/kfv-mol.de\/Wordpress\/wp-content\/uploads\/2026\/01\/Screenshot-2026-01-21-134057.png 1019w, https:\/\/kfv-mol.de\/Wordpress\/wp-content\/uploads\/2026\/01\/Screenshot-2026-01-21-134057-300x183.png 300w, https:\/\/kfv-mol.de\/Wordpress\/wp-content\/uploads\/2026\/01\/Screenshot-2026-01-21-134057-768x469.png 768w\" data-sizes=\"(max-width: 1019px) 100vw, 1019px\" src=\"data:image\/svg+xml;base64,PHN2ZyB3aWR0aD0iMSIgaGVpZ2h0PSIxIiB4bWxucz0iaHR0cDovL3d3dy53My5vcmcvMjAwMC9zdmciPjwvc3ZnPg==\" style=\"--smush-placeholder-width: 1019px; --smush-placeholder-aspect-ratio: 1019\/622;\" \/><\/figure>\n<\/figure>\n\n\n\n<p><br><br><br><\/p>\n","protected":false},"excerpt":{"rendered":"<p>Am Dienstag, den 20. Januar 2026 fand im Gewerbegebiet Strausberg am Biotop das Richtfest f\u00fcr den Neubau des Feuerwehrtechnischen Zentrums statt. An diesem traditionellem Zeremoniell nahmen Vertreter der beteiligten Baufirmen und Bauplanern, Politiker, der Feuerwehren und der Hilfsorganisationen teil. Landrat Gernot Schmidt, Martin Zohles (Leiter des Fachdiensts Zivil-, Brand- und Katastrophenschutz) und Strausbergs B\u00fcrgermeisterin Elke [&hellip;]<\/p>\n","protected":false},"author":3,"featured_media":11309,"comment_status":"closed","ping_status":"closed","sticky":false,"template":"","format":"standard","meta":{"footnotes":""},"categories":[1],"tags":[],"class_list":["post-11308","post","type-post","status-publish","format-standard","has-post-thumbnail","hentry","category-sonstige"],"_links":{"self":[{"href":"https:\/\/kfv-mol.de\/Wordpress\/wp-json\/wp\/v2\/posts\/11308","targetHints":{"allow":["GET"]}}],"collection":[{"href":"https:\/\/kfv-mol.de\/Wordpress\/wp-json\/wp\/v2\/posts"}],"about":[{"href":"https:\/\/kfv-mol.de\/Wordpress\/wp-json\/wp\/v2\/types\/post"}],"author":[{"embeddable":true,"href":"https:\/\/kfv-mol.de\/Wordpress\/wp-json\/wp\/v2\/users\/3"}],"replies":[{"embeddable":true,"href":"https:\/\/kfv-mol.de\/Wordpress\/wp-json\/wp\/v2\/comments?post=11308"}],"version-history":[{"count":0,"href":"https:\/\/kfv-mol.de\/Wordpress\/wp-json\/wp\/v2\/posts\/11308\/revisions"}],"wp:featuredmedia":[{"embeddable":true,"href":"https:\/\/kfv-mol.de\/Wordpress\/wp-json\/wp\/v2\/media\/11309"}],"wp:attachment":[{"href":"https:\/\/kfv-mol.de\/Wordpress\/wp-json\/wp\/v2\/media?parent=11308"}],"wp:term":[{"taxonomy":"category","embeddable":true,"href":"https:\/\/kfv-mol.de\/Wordpress\/wp-json\/wp\/v2\/categories?post=11308"},{"taxonomy":"post_tag","embeddable":true,"href":"https:\/\/kfv-mol.de\/Wordpress\/wp-json\/wp\/v2\/tags?post=11308"}],"curies":[{"name":"wp","href":"https:\/\/api.w.org\/{rel}","templated":true}]}}