{"id":11277,"date":"2026-01-05T16:43:19","date_gmt":"2026-01-05T15:43:19","guid":{"rendered":"https:\/\/kfv-mol.de\/Wordpress\/?p=11277"},"modified":"2026-01-05T16:43:19","modified_gmt":"2026-01-05T15:43:19","slug":"80-geburtstag-in-letschin","status":"publish","type":"post","link":"https:\/\/kfv-mol.de\/Wordpress\/Artikel\/80-geburtstag-in-letschin\/","title":{"rendered":"80. Geburtstag in Letschin"},"content":{"rendered":"\n<p>Am 02.01.2026 feierte unser Feuerwehrkamerad Hans Dieter Pr\u00fcgel seinen 80. Geburtstag. Zu diesem<br>besonderen Anlass \u00fcberbrachten der Gemeindewehrf\u00fchrer von Letschin und ein Vertreter des KFV M\u00e4rkisch-Oderland herzliche Gl\u00fcckw\u00fcnsche und dankten ihm f\u00fcr seine langj\u00e4hrige Verbundenheit mit der  Feuerwehr. <\/p>\n\n\n\n<p>Nach dem Mittagessen wurden in geselliger Rund Erinnerungen ausgetauscht und Dieters Verdienste gew\u00fcrdigt. Wir w\u00fcnschen Dieter Pr\u00fcgel weiterhin viel Gesundheit und alles Gute.<\/p>\n","protected":false},"excerpt":{"rendered":"<p>Am 02.01.2026 feierte unser Feuerwehrkamerad Hans Dieter Pr\u00fcgel seinen 80. Geburtstag. Zu diesembesonderen Anlass \u00fcberbrachten der Gemeindewehrf\u00fchrer von Letschin und ein Vertreter des KFV M\u00e4rkisch-Oderland herzliche Gl\u00fcckw\u00fcnsche und dankten ihm f\u00fcr seine langj\u00e4hrige Verbundenheit mit der Feuerwehr. Nach dem Mittagessen wurden in geselliger Rund Erinnerungen ausgetauscht und Dieters Verdienste gew\u00fcrdigt. Wir w\u00fcnschen Dieter Pr\u00fcgel weiterhin [&hellip;]<\/p>\n","protected":false},"author":3,"featured_media":11278,"comment_status":"closed","ping_status":"closed","sticky":false,"template":"","format":"standard","meta":{"footnotes":""},"categories":[24,21],"tags":[],"class_list":["post-11277","post","type-post","status-publish","format-standard","has-post-thumbnail","hentry","category-alters-und-ehrenabteilungen","category-geburtstage"],"_links":{"self":[{"href":"https:\/\/kfv-mol.de\/Wordpress\/wp-json\/wp\/v2\/posts\/11277","targetHints":{"allow":["GET"]}}],"collection":[{"href":"https:\/\/kfv-mol.de\/Wordpress\/wp-json\/wp\/v2\/posts"}],"about":[{"href":"https:\/\/kfv-mol.de\/Wordpress\/wp-json\/wp\/v2\/types\/post"}],"author":[{"embeddable":true,"href":"https:\/\/kfv-mol.de\/Wordpress\/wp-json\/wp\/v2\/users\/3"}],"replies":[{"embeddable":true,"href":"https:\/\/kfv-mol.de\/Wordpress\/wp-json\/wp\/v2\/comments?post=11277"}],"version-history":[{"count":0,"href":"https:\/\/kfv-mol.de\/Wordpress\/wp-json\/wp\/v2\/posts\/11277\/revisions"}],"wp:featuredmedia":[{"embeddable":true,"href":"https:\/\/kfv-mol.de\/Wordpress\/wp-json\/wp\/v2\/media\/11278"}],"wp:attachment":[{"href":"https:\/\/kfv-mol.de\/Wordpress\/wp-json\/wp\/v2\/media?parent=11277"}],"wp:term":[{"taxonomy":"category","embeddable":true,"href":"https:\/\/kfv-mol.de\/Wordpress\/wp-json\/wp\/v2\/categories?post=11277"},{"taxonomy":"post_tag","embeddable":true,"href":"https:\/\/kfv-mol.de\/Wordpress\/wp-json\/wp\/v2\/tags?post=11277"}],"curies":[{"name":"wp","href":"https:\/\/api.w.org\/{rel}","templated":true}]}}