{"id":11235,"date":"2025-12-28T17:03:49","date_gmt":"2025-12-28T16:03:49","guid":{"rendered":"https:\/\/kfv-mol.de\/Wordpress\/?p=11235"},"modified":"2025-12-28T17:03:50","modified_gmt":"2025-12-28T16:03:50","slug":"70-geburtstag-nach-weihnachten","status":"publish","type":"post","link":"https:\/\/kfv-mol.de\/Wordpress\/Artikel\/70-geburtstag-nach-weihnachten\/","title":{"rendered":"70. Geburtstag nach Weihnachten"},"content":{"rendered":"\n<p>Am 27.12.2025 besuchten Kameraden der Freiwil\u013aigen Feuerwehr Sietzing, ein Vertreter der Alters und Ehrenabteilung des KFV, der Gemeindewehrf\u00fchrer der Gemeinde Letschin und der Ortswehrf\u00fchrer Sietzing den Kameraden Miethke Burkhart anl\u00e4sslich der Feier zu seinem 70. Geburstag mit Mittag und anschlie\u00dfendem Kaffee und Kuchen.<br><\/p>\n\n\n\n<p>Wir w\u00fcnschen ihm weiterhin beste Gesundheit und alles Gute.<\/p>\n","protected":false},"excerpt":{"rendered":"<p>Am 27.12.2025 besuchten Kameraden der Freiwil\u013aigen Feuerwehr Sietzing, ein Vertreter der Alters und Ehrenabteilung des KFV, der Gemeindewehrf\u00fchrer der Gemeinde Letschin und der Ortswehrf\u00fchrer Sietzing den Kameraden Miethke Burkhart anl\u00e4sslich der Feier zu seinem 70. Geburstag mit Mittag und anschlie\u00dfendem Kaffee und Kuchen. Wir w\u00fcnschen ihm weiterhin beste Gesundheit und alles Gute.<\/p>\n","protected":false},"author":3,"featured_media":11236,"comment_status":"closed","ping_status":"closed","sticky":false,"template":"","format":"standard","meta":{"footnotes":""},"categories":[24,21],"tags":[],"class_list":["post-11235","post","type-post","status-publish","format-standard","has-post-thumbnail","hentry","category-alters-und-ehrenabteilungen","category-geburtstage"],"_links":{"self":[{"href":"https:\/\/kfv-mol.de\/Wordpress\/wp-json\/wp\/v2\/posts\/11235","targetHints":{"allow":["GET"]}}],"collection":[{"href":"https:\/\/kfv-mol.de\/Wordpress\/wp-json\/wp\/v2\/posts"}],"about":[{"href":"https:\/\/kfv-mol.de\/Wordpress\/wp-json\/wp\/v2\/types\/post"}],"author":[{"embeddable":true,"href":"https:\/\/kfv-mol.de\/Wordpress\/wp-json\/wp\/v2\/users\/3"}],"replies":[{"embeddable":true,"href":"https:\/\/kfv-mol.de\/Wordpress\/wp-json\/wp\/v2\/comments?post=11235"}],"version-history":[{"count":0,"href":"https:\/\/kfv-mol.de\/Wordpress\/wp-json\/wp\/v2\/posts\/11235\/revisions"}],"wp:featuredmedia":[{"embeddable":true,"href":"https:\/\/kfv-mol.de\/Wordpress\/wp-json\/wp\/v2\/media\/11236"}],"wp:attachment":[{"href":"https:\/\/kfv-mol.de\/Wordpress\/wp-json\/wp\/v2\/media?parent=11235"}],"wp:term":[{"taxonomy":"category","embeddable":true,"href":"https:\/\/kfv-mol.de\/Wordpress\/wp-json\/wp\/v2\/categories?post=11235"},{"taxonomy":"post_tag","embeddable":true,"href":"https:\/\/kfv-mol.de\/Wordpress\/wp-json\/wp\/v2\/tags?post=11235"}],"curies":[{"name":"wp","href":"https:\/\/api.w.org\/{rel}","templated":true}]}}