{"id":11191,"date":"2025-12-18T10:24:18","date_gmt":"2025-12-18T09:24:18","guid":{"rendered":"https:\/\/kfv-mol.de\/Wordpress\/?p=11191"},"modified":"2025-12-18T10:24:19","modified_gmt":"2025-12-18T09:24:19","slug":"feuerwehrjubilaeen-2026","status":"publish","type":"post","link":"https:\/\/kfv-mol.de\/Wordpress\/Artikel\/feuerwehrjubilaeen-2026\/","title":{"rendered":"Feuerwehrjubil\u00e4en 2026"},"content":{"rendered":"\n<p>Auch 2026 feiern viele Freiwillige Feuerwehren in unserem Landkreis ihre Gr\u00fcndungsjubil\u00e4en. Der Fachausschuss &#8222;Traditionspflege&#8220; hat aus ihren Unterlagen die folgende Liste der Jubil\u00e4umsfeuerwehren zusammengestellt. Wir w\u00fcnschen f\u00fcr die Feierlichkeiten alles Gute und sch\u00f6nes Wetter!<\/p>\n\n\n\n<ul class=\"wp-block-list\">\n<li>90 Jahre FF Kiehnwerder (Lg Sietzing, Klein Neuendorf, Kiehnwerder)<\/li>\n\n\n\n<li>95 Jahre FF Sch\u00f6nflie\u00df<\/li>\n\n\n\n<li>95 Jahre FF Worin<\/li>\n\n\n\n<li>100 Jahre FF Bliesdorf<\/li>\n\n\n\n<li>100 Jahre FF Hohenstein<\/li>\n\n\n\n<li>100 Jahre FF Klosterdorf<\/li>\n\n\n\n<li>100 Jahre FF Neuenhagen-Insel (Feier am 05. Juni)<\/li>\n\n\n\n<li>100 Jahre FF Reichenberg<\/li>\n\n\n\n<li>105 Jahre FF Beauregard (Lg Altwriezen, Beauregard, Eichwerder)<\/li>\n\n\n\n<li>115 Jahre FF Alt Mahlisch<\/li>\n\n\n\n<li>115 Jahre FF Freudenberg<\/li>\n\n\n\n<li>115 Jahre FF Hermersdorf<\/li>\n\n\n\n<li>115 Jahre FF Hoppegarten b. M\u00fcncheberg<\/li>\n\n\n\n<li>115 Jahre FF Marxdorf<\/li>\n\n\n\n<li>115 Jahre FF Neubarnim<\/li>\n\n\n\n<li>115 Jahre FF Petershagen \/ Mark<\/li>\n\n\n\n<li>115 Jahre FF Reitwein<\/li>\n\n\n\n<li>115 Jahre FF Vogelsdorf<\/li>\n\n\n\n<li>120 Jahre FF Niederjesar<\/li>\n\n\n\n<li>120 Jahre FF Sophienthal<\/li>\n\n\n\n<li>125 Jahre FF Altreetz<\/li>\n\n\n\n<li>125 Jahre FF Dahlwitz-Hoppegarten<\/li>\n\n\n\n<li>125 Jahre FF Dannenberg<\/li>\n\n\n\n<li>125 Jahre FF Herzfelde<\/li>\n\n\n\n<li>125 Jahre FF Neuenhagen b. Berlin (Feier am 27. Juni)<\/li>\n\n\n\n<li>125 Jahre FF Zechin<\/li>\n\n\n\n<li>130 Jahre FF Eggersdorf b. M\u00fcncheberg<\/li>\n\n\n\n<li>130 Jahre FF Golzow<\/li>\n\n\n\n<li>150 Jahre FF Gorgast<\/li>\n<\/ul>\n","protected":false},"excerpt":{"rendered":"<p>Auch 2026 feiern viele Freiwillige Feuerwehren in unserem Landkreis ihre Gr\u00fcndungsjubil\u00e4en. Der Fachausschuss &#8222;Traditionspflege&#8220; hat aus ihren Unterlagen die folgende Liste der Jubil\u00e4umsfeuerwehren zusammengestellt. Wir w\u00fcnschen f\u00fcr die Feierlichkeiten alles Gute und sch\u00f6nes Wetter!<\/p>\n","protected":false},"author":3,"featured_media":11192,"comment_status":"closed","ping_status":"closed","sticky":false,"template":"","format":"standard","meta":{"footnotes":""},"categories":[20,1],"tags":[],"class_list":["post-11191","post","type-post","status-publish","format-standard","has-post-thumbnail","hentry","category-jubilaeum","category-sonstige"],"_links":{"self":[{"href":"https:\/\/kfv-mol.de\/Wordpress\/wp-json\/wp\/v2\/posts\/11191","targetHints":{"allow":["GET"]}}],"collection":[{"href":"https:\/\/kfv-mol.de\/Wordpress\/wp-json\/wp\/v2\/posts"}],"about":[{"href":"https:\/\/kfv-mol.de\/Wordpress\/wp-json\/wp\/v2\/types\/post"}],"author":[{"embeddable":true,"href":"https:\/\/kfv-mol.de\/Wordpress\/wp-json\/wp\/v2\/users\/3"}],"replies":[{"embeddable":true,"href":"https:\/\/kfv-mol.de\/Wordpress\/wp-json\/wp\/v2\/comments?post=11191"}],"version-history":[{"count":0,"href":"https:\/\/kfv-mol.de\/Wordpress\/wp-json\/wp\/v2\/posts\/11191\/revisions"}],"wp:featuredmedia":[{"embeddable":true,"href":"https:\/\/kfv-mol.de\/Wordpress\/wp-json\/wp\/v2\/media\/11192"}],"wp:attachment":[{"href":"https:\/\/kfv-mol.de\/Wordpress\/wp-json\/wp\/v2\/media?parent=11191"}],"wp:term":[{"taxonomy":"category","embeddable":true,"href":"https:\/\/kfv-mol.de\/Wordpress\/wp-json\/wp\/v2\/categories?post=11191"},{"taxonomy":"post_tag","embeddable":true,"href":"https:\/\/kfv-mol.de\/Wordpress\/wp-json\/wp\/v2\/tags?post=11191"}],"curies":[{"name":"wp","href":"https:\/\/api.w.org\/{rel}","templated":true}]}}