{"id":11154,"date":"2025-12-11T17:01:46","date_gmt":"2025-12-11T16:01:46","guid":{"rendered":"https:\/\/kfv-mol.de\/Wordpress\/?p=11154"},"modified":"2025-12-27T11:13:32","modified_gmt":"2025-12-27T10:13:32","slug":"jahresabschluss-des-fachausschusses-alters-und-ehrenabteilung","status":"publish","type":"post","link":"https:\/\/kfv-mol.de\/Wordpress\/Artikel\/jahresabschluss-des-fachausschusses-alters-und-ehrenabteilung\/","title":{"rendered":"Jahresabschluss des Fachausschusses &#8222;Alters- und Ehrenabteilung&#8220;"},"content":{"rendered":"\n<p>Am Mittwoch, den 10. Dezember trafen sich die Mitglieder des FA &#8222;Alters- und Ehrenabteilung des Kreisfeuerwehrverbands in Pritzhagen zu ihrer 6. und letzten Tagung in diesem Jahr.<\/p>\n\n\n\n<p>Nach den Gl\u00fcckw\u00fcnschen an die &#8222;Geburtstagskinder&#8220; im Oktober und November wurden verschiedene Themen besprochen:<\/p>\n\n\n\n<ul class=\"wp-block-list\">\n<li>Auswertung der Delegiertenversammlung des LFV<\/li>\n\n\n\n<li>Diskussion der Entw\u00fcrfe der neuen KFV-Satzung und der Finanzordnung<\/li>\n\n\n\n<li>Abstimmung des Terminplanes 2026<\/li>\n\n\n\n<li>Ank\u00fcndigung der Fahrten im Altkreis Strausberg<\/li>\n\n\n\n<li>diverse Themen aus den FF<\/li>\n<\/ul>\n\n\n\n<p>Anschlie\u00dfend wurde die Zusammenkunft mit einem z\u00fcnftigen Abendessen beendet. <\/p>\n\n\n\n<figure class=\"wp-block-gallery has-nested-images columns-default is-cropped wp-block-gallery-1 is-layout-flex wp-block-gallery-is-layout-flex\">\n<figure class=\"wp-block-image size-large\"><img decoding=\"async\" width=\"576\" height=\"1024\" data-id=\"11159\" data-src=\"https:\/\/kfv-mol.de\/Wordpress\/wp-content\/uploads\/2025\/12\/20251210_190158-576x1024.jpg\" alt=\"\" class=\"wp-image-11159 lazyload\" data-srcset=\"https:\/\/kfv-mol.de\/Wordpress\/wp-content\/uploads\/2025\/12\/20251210_190158-576x1024.jpg 576w, https:\/\/kfv-mol.de\/Wordpress\/wp-content\/uploads\/2025\/12\/20251210_190158-169x300.jpg 169w, https:\/\/kfv-mol.de\/Wordpress\/wp-content\/uploads\/2025\/12\/20251210_190158-768x1365.jpg 768w, https:\/\/kfv-mol.de\/Wordpress\/wp-content\/uploads\/2025\/12\/20251210_190158-864x1536.jpg 864w, https:\/\/kfv-mol.de\/Wordpress\/wp-content\/uploads\/2025\/12\/20251210_190158-1152x2048.jpg 1152w, https:\/\/kfv-mol.de\/Wordpress\/wp-content\/uploads\/2025\/12\/20251210_190158-scaled.jpg 1440w\" data-sizes=\"(max-width: 576px) 100vw, 576px\" src=\"data:image\/svg+xml;base64,PHN2ZyB3aWR0aD0iMSIgaGVpZ2h0PSIxIiB4bWxucz0iaHR0cDovL3d3dy53My5vcmcvMjAwMC9zdmciPjwvc3ZnPg==\" style=\"--smush-placeholder-width: 576px; --smush-placeholder-aspect-ratio: 576\/1024;\" \/><\/figure>\n\n\n\n<figure class=\"wp-block-image size-large\"><img decoding=\"async\" width=\"576\" height=\"1024\" data-id=\"11158\" data-src=\"https:\/\/kfv-mol.de\/Wordpress\/wp-content\/uploads\/2025\/12\/20251210_190226-576x1024.jpg\" alt=\"\" class=\"wp-image-11158 lazyload\" data-srcset=\"https:\/\/kfv-mol.de\/Wordpress\/wp-content\/uploads\/2025\/12\/20251210_190226-576x1024.jpg 576w, https:\/\/kfv-mol.de\/Wordpress\/wp-content\/uploads\/2025\/12\/20251210_190226-169x300.jpg 169w, https:\/\/kfv-mol.de\/Wordpress\/wp-content\/uploads\/2025\/12\/20251210_190226-768x1365.jpg 768w, https:\/\/kfv-mol.de\/Wordpress\/wp-content\/uploads\/2025\/12\/20251210_190226-864x1536.jpg 864w, https:\/\/kfv-mol.de\/Wordpress\/wp-content\/uploads\/2025\/12\/20251210_190226-1152x2048.jpg 1152w, https:\/\/kfv-mol.de\/Wordpress\/wp-content\/uploads\/2025\/12\/20251210_190226-scaled.jpg 1440w\" data-sizes=\"(max-width: 576px) 100vw, 576px\" src=\"data:image\/svg+xml;base64,PHN2ZyB3aWR0aD0iMSIgaGVpZ2h0PSIxIiB4bWxucz0iaHR0cDovL3d3dy53My5vcmcvMjAwMC9zdmciPjwvc3ZnPg==\" style=\"--smush-placeholder-width: 576px; --smush-placeholder-aspect-ratio: 576\/1024;\" \/><\/figure>\n\n\n\n<figure class=\"wp-block-image size-large\"><img decoding=\"async\" width=\"576\" height=\"1024\" data-id=\"11160\" data-src=\"https:\/\/kfv-mol.de\/Wordpress\/wp-content\/uploads\/2025\/12\/20251210_190235-576x1024.jpg\" alt=\"\" class=\"wp-image-11160 lazyload\" data-srcset=\"https:\/\/kfv-mol.de\/Wordpress\/wp-content\/uploads\/2025\/12\/20251210_190235-576x1024.jpg 576w, https:\/\/kfv-mol.de\/Wordpress\/wp-content\/uploads\/2025\/12\/20251210_190235-169x300.jpg 169w, https:\/\/kfv-mol.de\/Wordpress\/wp-content\/uploads\/2025\/12\/20251210_190235-768x1365.jpg 768w, https:\/\/kfv-mol.de\/Wordpress\/wp-content\/uploads\/2025\/12\/20251210_190235-864x1536.jpg 864w, https:\/\/kfv-mol.de\/Wordpress\/wp-content\/uploads\/2025\/12\/20251210_190235-1152x2048.jpg 1152w, https:\/\/kfv-mol.de\/Wordpress\/wp-content\/uploads\/2025\/12\/20251210_190235-scaled.jpg 1440w\" data-sizes=\"(max-width: 576px) 100vw, 576px\" src=\"data:image\/svg+xml;base64,PHN2ZyB3aWR0aD0iMSIgaGVpZ2h0PSIxIiB4bWxucz0iaHR0cDovL3d3dy53My5vcmcvMjAwMC9zdmciPjwvc3ZnPg==\" style=\"--smush-placeholder-width: 576px; --smush-placeholder-aspect-ratio: 576\/1024;\" \/><\/figure>\n<\/figure>\n","protected":false},"excerpt":{"rendered":"<p>Am Mittwoch, den 10. Dezember trafen sich die Mitglieder des FA &#8222;Alters- und Ehrenabteilung des Kreisfeuerwehrverbands in Pritzhagen zu ihrer 6. und letzten Tagung in diesem Jahr. Nach den Gl\u00fcckw\u00fcnschen an die &#8222;Geburtstagskinder&#8220; im Oktober und November wurden verschiedene Themen besprochen: Anschlie\u00dfend wurde die Zusammenkunft mit einem z\u00fcnftigen Abendessen beendet.<\/p>\n","protected":false},"author":3,"featured_media":11157,"comment_status":"closed","ping_status":"closed","sticky":false,"template":"","format":"standard","meta":{"footnotes":""},"categories":[24,4],"tags":[],"class_list":["post-11154","post","type-post","status-publish","format-standard","has-post-thumbnail","hentry","category-alters-und-ehrenabteilungen","category-kreisfeuerwehrverband"],"_links":{"self":[{"href":"https:\/\/kfv-mol.de\/Wordpress\/wp-json\/wp\/v2\/posts\/11154","targetHints":{"allow":["GET"]}}],"collection":[{"href":"https:\/\/kfv-mol.de\/Wordpress\/wp-json\/wp\/v2\/posts"}],"about":[{"href":"https:\/\/kfv-mol.de\/Wordpress\/wp-json\/wp\/v2\/types\/post"}],"author":[{"embeddable":true,"href":"https:\/\/kfv-mol.de\/Wordpress\/wp-json\/wp\/v2\/users\/3"}],"replies":[{"embeddable":true,"href":"https:\/\/kfv-mol.de\/Wordpress\/wp-json\/wp\/v2\/comments?post=11154"}],"version-history":[{"count":0,"href":"https:\/\/kfv-mol.de\/Wordpress\/wp-json\/wp\/v2\/posts\/11154\/revisions"}],"wp:featuredmedia":[{"embeddable":true,"href":"https:\/\/kfv-mol.de\/Wordpress\/wp-json\/wp\/v2\/media\/11157"}],"wp:attachment":[{"href":"https:\/\/kfv-mol.de\/Wordpress\/wp-json\/wp\/v2\/media?parent=11154"}],"wp:term":[{"taxonomy":"category","embeddable":true,"href":"https:\/\/kfv-mol.de\/Wordpress\/wp-json\/wp\/v2\/categories?post=11154"},{"taxonomy":"post_tag","embeddable":true,"href":"https:\/\/kfv-mol.de\/Wordpress\/wp-json\/wp\/v2\/tags?post=11154"}],"curies":[{"name":"wp","href":"https:\/\/api.w.org\/{rel}","templated":true}]}}