{"id":11134,"date":"2025-12-08T13:43:36","date_gmt":"2025-12-08T12:43:36","guid":{"rendered":"https:\/\/kfv-mol.de\/Wordpress\/?p=11134"},"modified":"2025-12-27T11:12:42","modified_gmt":"2025-12-27T10:12:42","slug":"juleica-ausbildung-fuer-amt-falkenberg-amt-barnim-oderbruch-und-stadt-wriezen","status":"publish","type":"post","link":"https:\/\/kfv-mol.de\/Wordpress\/Artikel\/juleica-ausbildung-fuer-amt-falkenberg-amt-barnim-oderbruch-und-stadt-wriezen\/","title":{"rendered":"Juleica- Ausbildung f\u00fcr Amt Falkenberg, Amt Barnim-Oderbruch und Stadt Wriezen"},"content":{"rendered":"\n<p>Im Zeitraum von Freitag, dem 05.12. bis Sonntag, dem 07.12.2025, fand eine wichtige Ausbildung f\u00fcr die Jugendarbeit in der Freiwilligen Feuerwehr im Ger\u00e4tehaus der FF Wriezen statt.<\/p>\n\n\n\n<p>In Zusammenarbeit mit dem Amt Barnim-Oderbruch und der Stadt Wriezen organisierten Katja Wilke (Sachbearbeiterin Amt Barnim-Oderbruch) und Sebastian Seliger (Stadtjugendfeuerwehrwart Wriezen) diese Ausbildung f\u00fcr insgesamt 25 Teilnehmerinnen und Teilnehmer verschiedener Brandschutztr\u00e4ger aus drei Kommunen: Amt Falkenberg, Amt Barnim-Oderbruch und Stadt Wriezen.<\/p>\n\n\n\n<p>Zur Er\u00f6ffnung begr\u00fc\u00dfte Stadtjugendfeuerwehrwart Sebastian Seliger alle Teilnehmenden sowie den Dozenten Kevin Marx und Sachbearbeiterin Katja Wilke.<\/p>\n\n\n\n<p>Die Teilnehmenden wurden von Katja und Sebastian mit einem Rundum-sorglos-Paket versorgt: Neben Getr\u00e4nken und Snacks gab es auch Fr\u00fchst\u00fcck und Mittagessen. So konnten sich alle gut gest\u00e4rkt und mit voller Konzentration auf die Schulungsinhalte einlassen.<\/p>\n\n\n\n<p>W\u00e4hrend der Ausbildung wurden in Theorie und Praxis essentielle Grundlagen f\u00fcr die Arbeit mit Kindern und Jugendlichen in der Jugendarbeit vermittelt. Dazu geh\u00f6rten unter anderem:<\/p>\n\n\n\n<ul class=\"wp-block-list\">\n<li>Gruppenp\u00e4dagogik<\/li>\n\n\n\n<li>Leitungstechniken (Moderation, Konfliktl\u00f6sung)<\/li>\n\n\n\n<li>rechtliche Grundlagen (z. B. Aufsichtspflicht)<\/li>\n\n\n\n<li>Methoden der Wissensvermittlung<\/li>\n\n\n\n<li>p\u00e4dagogischer Umgang mit Kindern und Jugendlichen<\/li>\n\n\n\n<li>aktuelle Themen wie Partizipation, interkulturelle Kompetenz und Geschlechterrollen<\/li>\n<\/ul>\n\n\n\n<p>Nach insgesamt 20 Unterrichtsstunden mit anschlie\u00dfender Abschlusspr\u00fcfung haben alle Teilnehmenden die Ausbildung erfolgreich bestanden!<\/p>\n\n\n\n<p>Wir bedanken uns beim Amt Barnim-Oderbruch, der Stadt Wriezen, der Landesjugendfeuerwehr Brandenburg (Tobias Schr\u00f6der), dem Kreisjugendwart Bj\u00f6rn Sprecher, dem Dozenten Kevin Marx sowie beim Stadtwehrf\u00fchrer Hannes M\u00f6ller und w\u00fcnschen allen Teilnehmenden viel Erfolg bei der Wahrnehmung ihrer verantwortungsvollen Aufgabe in der Kinder- und Jugendarbeit.<\/p>\n\n\n\n<p>von Sebastian Seliger, Stadtjugendfeuerwehrwart Wriezen<\/p>\n\n\n\n<figure class=\"wp-block-gallery has-nested-images columns-default is-cropped wp-block-gallery-1 is-layout-flex wp-block-gallery-is-layout-flex\">\n<figure class=\"wp-block-image size-large\"><img decoding=\"async\" width=\"768\" height=\"1024\" data-id=\"11136\" data-src=\"https:\/\/kfv-mol.de\/Wordpress\/wp-content\/uploads\/2025\/12\/1000002047-768x1024.jpg\" alt=\"\" class=\"wp-image-11136 lazyload\" data-srcset=\"https:\/\/kfv-mol.de\/Wordpress\/wp-content\/uploads\/2025\/12\/1000002047-768x1024.jpg 768w, https:\/\/kfv-mol.de\/Wordpress\/wp-content\/uploads\/2025\/12\/1000002047-225x300.jpg 225w, https:\/\/kfv-mol.de\/Wordpress\/wp-content\/uploads\/2025\/12\/1000002047-1152x1536.jpg 1152w, https:\/\/kfv-mol.de\/Wordpress\/wp-content\/uploads\/2025\/12\/1000002047-1536x2048.jpg 1536w, https:\/\/kfv-mol.de\/Wordpress\/wp-content\/uploads\/2025\/12\/1000002047-scaled.jpg 1920w\" data-sizes=\"(max-width: 768px) 100vw, 768px\" src=\"data:image\/svg+xml;base64,PHN2ZyB3aWR0aD0iMSIgaGVpZ2h0PSIxIiB4bWxucz0iaHR0cDovL3d3dy53My5vcmcvMjAwMC9zdmciPjwvc3ZnPg==\" style=\"--smush-placeholder-width: 768px; --smush-placeholder-aspect-ratio: 768\/1024;\" \/><\/figure>\n\n\n\n<figure class=\"wp-block-image size-large\"><img decoding=\"async\" width=\"768\" height=\"1024\" data-id=\"11137\" data-src=\"https:\/\/kfv-mol.de\/Wordpress\/wp-content\/uploads\/2025\/12\/1000002051-768x1024.jpg\" alt=\"\" class=\"wp-image-11137 lazyload\" data-srcset=\"https:\/\/kfv-mol.de\/Wordpress\/wp-content\/uploads\/2025\/12\/1000002051-768x1024.jpg 768w, https:\/\/kfv-mol.de\/Wordpress\/wp-content\/uploads\/2025\/12\/1000002051-225x300.jpg 225w, https:\/\/kfv-mol.de\/Wordpress\/wp-content\/uploads\/2025\/12\/1000002051-1152x1536.jpg 1152w, https:\/\/kfv-mol.de\/Wordpress\/wp-content\/uploads\/2025\/12\/1000002051-1536x2048.jpg 1536w, https:\/\/kfv-mol.de\/Wordpress\/wp-content\/uploads\/2025\/12\/1000002051-scaled.jpg 1920w\" data-sizes=\"(max-width: 768px) 100vw, 768px\" src=\"data:image\/svg+xml;base64,PHN2ZyB3aWR0aD0iMSIgaGVpZ2h0PSIxIiB4bWxucz0iaHR0cDovL3d3dy53My5vcmcvMjAwMC9zdmciPjwvc3ZnPg==\" style=\"--smush-placeholder-width: 768px; --smush-placeholder-aspect-ratio: 768\/1024;\" \/><\/figure>\n<\/figure>\n","protected":false},"excerpt":{"rendered":"<p>Im Zeitraum von Freitag, dem 05.12. bis Sonntag, dem 07.12.2025, fand eine wichtige Ausbildung f\u00fcr die Jugendarbeit in der Freiwilligen Feuerwehr im Ger\u00e4tehaus der FF Wriezen statt. In Zusammenarbeit mit dem Amt Barnim-Oderbruch und der Stadt Wriezen organisierten Katja Wilke (Sachbearbeiterin Amt Barnim-Oderbruch) und Sebastian Seliger (Stadtjugendfeuerwehrwart Wriezen) diese Ausbildung f\u00fcr insgesamt 25 Teilnehmerinnen und [&hellip;]<\/p>\n","protected":false},"author":3,"featured_media":11135,"comment_status":"closed","ping_status":"closed","sticky":false,"template":"","format":"standard","meta":{"footnotes":""},"categories":[5],"tags":[],"class_list":["post-11134","post","type-post","status-publish","format-standard","has-post-thumbnail","hentry","category-kreisjugendfeuerwehr"],"_links":{"self":[{"href":"https:\/\/kfv-mol.de\/Wordpress\/wp-json\/wp\/v2\/posts\/11134","targetHints":{"allow":["GET"]}}],"collection":[{"href":"https:\/\/kfv-mol.de\/Wordpress\/wp-json\/wp\/v2\/posts"}],"about":[{"href":"https:\/\/kfv-mol.de\/Wordpress\/wp-json\/wp\/v2\/types\/post"}],"author":[{"embeddable":true,"href":"https:\/\/kfv-mol.de\/Wordpress\/wp-json\/wp\/v2\/users\/3"}],"replies":[{"embeddable":true,"href":"https:\/\/kfv-mol.de\/Wordpress\/wp-json\/wp\/v2\/comments?post=11134"}],"version-history":[{"count":0,"href":"https:\/\/kfv-mol.de\/Wordpress\/wp-json\/wp\/v2\/posts\/11134\/revisions"}],"wp:featuredmedia":[{"embeddable":true,"href":"https:\/\/kfv-mol.de\/Wordpress\/wp-json\/wp\/v2\/media\/11135"}],"wp:attachment":[{"href":"https:\/\/kfv-mol.de\/Wordpress\/wp-json\/wp\/v2\/media?parent=11134"}],"wp:term":[{"taxonomy":"category","embeddable":true,"href":"https:\/\/kfv-mol.de\/Wordpress\/wp-json\/wp\/v2\/categories?post=11134"},{"taxonomy":"post_tag","embeddable":true,"href":"https:\/\/kfv-mol.de\/Wordpress\/wp-json\/wp\/v2\/tags?post=11134"}],"curies":[{"name":"wp","href":"https:\/\/api.w.org\/{rel}","templated":true}]}}