{"id":10575,"date":"2025-08-19T12:26:11","date_gmt":"2025-08-19T11:26:11","guid":{"rendered":"https:\/\/kfv-mol.de\/Wordpress\/?p=10575"},"modified":"2025-08-19T12:26:12","modified_gmt":"2025-08-19T11:26:12","slug":"alters-und-ehrenabteilung-altkreis-strausberg-auf-tour","status":"publish","type":"post","link":"https:\/\/kfv-mol.de\/Wordpress\/Artikel\/alters-und-ehrenabteilung-altkreis-strausberg-auf-tour\/","title":{"rendered":"Alters- und Ehrenabteilung Altkreis Strausberg auf Tour"},"content":{"rendered":"\n<p>Am Montag, den 18. August, bei sch\u00f6nstem Wetter unternahmen 41 Kameradinnen und Kameraden mit ihren Partnern aus den Alters- und Ehrenabteilungen der FF Strausberg, M\u00fcncheberg, Herzfelde und Petershagen ihre allj\u00e4hrliche Bustour, diesmal nach Schwerin. Der Reisebus war wieder vom Omnibusunternehmen FINCKE aus Eggersdorf.<\/p>\n\n\n\n<p>Als Reiseleiter fungierte der FA-Leiter \u201eAlters- und Ehrenabteilung\u201c des Kreisfeuerwehrverbandes Uwe Pranzner f\u00fcr den k\u00fcrzlich verstorbenen Kameraden Eckhard Naujoks.<\/p>\n\n\n\n<p>Erste Station war die Fr\u00fchst\u00fcckspause an der Autobahnrastst\u00e4tte \u201eLinumer Bruch\u201c. Hier gab es Kaffee, belegte Br\u00f6tchen, eine Pflaume und ein Ei.<\/p>\n\n\n\n<figure class=\"wp-block-gallery has-nested-images columns-default is-cropped wp-block-gallery-1 is-layout-flex wp-block-gallery-is-layout-flex\">\n<figure class=\"wp-block-image size-large\"><img decoding=\"async\" width=\"768\" height=\"1024\" data-id=\"10578\" data-src=\"https:\/\/kfv-mol.de\/Wordpress\/wp-content\/uploads\/2025\/08\/GetAttachmentThumbnail-1-768x1024.jpg\" alt=\"\" class=\"wp-image-10578 lazyload\" data-srcset=\"https:\/\/kfv-mol.de\/Wordpress\/wp-content\/uploads\/2025\/08\/GetAttachmentThumbnail-1-768x1024.jpg 768w, https:\/\/kfv-mol.de\/Wordpress\/wp-content\/uploads\/2025\/08\/GetAttachmentThumbnail-1-225x300.jpg 225w, https:\/\/kfv-mol.de\/Wordpress\/wp-content\/uploads\/2025\/08\/GetAttachmentThumbnail-1-1152x1536.jpg 1152w, https:\/\/kfv-mol.de\/Wordpress\/wp-content\/uploads\/2025\/08\/GetAttachmentThumbnail-1.jpg 1440w\" data-sizes=\"(max-width: 768px) 100vw, 768px\" src=\"data:image\/svg+xml;base64,PHN2ZyB3aWR0aD0iMSIgaGVpZ2h0PSIxIiB4bWxucz0iaHR0cDovL3d3dy53My5vcmcvMjAwMC9zdmciPjwvc3ZnPg==\" style=\"--smush-placeholder-width: 768px; --smush-placeholder-aspect-ratio: 768\/1024;\" \/><\/figure>\n\n\n\n<figure class=\"wp-block-image size-large\"><img decoding=\"async\" width=\"1024\" height=\"492\" data-id=\"10580\" data-src=\"https:\/\/kfv-mol.de\/Wordpress\/wp-content\/uploads\/2025\/08\/20250818_075918_002-1-1024x492.jpg\" alt=\"\" class=\"wp-image-10580 lazyload\" data-srcset=\"https:\/\/kfv-mol.de\/Wordpress\/wp-content\/uploads\/2025\/08\/20250818_075918_002-1-1024x492.jpg 1024w, https:\/\/kfv-mol.de\/Wordpress\/wp-content\/uploads\/2025\/08\/20250818_075918_002-1-300x144.jpg 300w, https:\/\/kfv-mol.de\/Wordpress\/wp-content\/uploads\/2025\/08\/20250818_075918_002-1-768x369.jpg 768w, https:\/\/kfv-mol.de\/Wordpress\/wp-content\/uploads\/2025\/08\/20250818_075918_002-1-1536x738.jpg 1536w, https:\/\/kfv-mol.de\/Wordpress\/wp-content\/uploads\/2025\/08\/20250818_075918_002-1-2048x984.jpg 2048w\" data-sizes=\"(max-width: 1024px) 100vw, 1024px\" src=\"data:image\/svg+xml;base64,PHN2ZyB3aWR0aD0iMSIgaGVpZ2h0PSIxIiB4bWxucz0iaHR0cDovL3d3dy53My5vcmcvMjAwMC9zdmciPjwvc3ZnPg==\" style=\"--smush-placeholder-width: 1024px; --smush-placeholder-aspect-ratio: 1024\/492;\" \/><\/figure>\n<\/figure>\n\n\n\n<p>In der Landeshauptstadt von Mecklenburg-Vorpommern, der ehemaligen Residenzstadt der mecklenburgischen Herz\u00f6ge Schwerin erwartete uns eine kundige Reiseleiterin zur Stadtrundfahrt. Sie zeigte uns vor allem die Geb\u00e4ude, die neben dem Schloss zum Weltkulturerbe \u201eResidenzensemble Schwerin\u201c geh\u00f6ren und wesentlich unter Leitung des damaligen Hofbaumeisters Georg Adolph Demmler erbaut wurden. So sahen wir u.a. die Staatskanzlei, Ministerien, das Finanzamt, Ehemalige Kasernen, den ehemaligen Marstall, das Theater und das Landesmuseum aber auch moderne neue Geb\u00e4ude sowie Bauten aus der DDR-Zeit wie die Sport- und Kongresshalle.<\/p>\n\n\n\n<p>Das Residenzschloss Schwerin ist im Schweriner See auf einer Insel errichtet worden. Vor dem Schloss lernten wir das \u201ePeterm\u00e4nnchen\u201c, ein Schlossgeist, Kobold und wahrscheinlich ein fr\u00fcherer Hofnarr als \u201eAmpelm\u00e4nnchen\u201c kennen. Wir besichtigten leider das Schloss, welches heute als Landtag verwendet wird, nur von au\u00dfen und spazierten durch den Schlossgarten mit Liebesbaum und romantischer Grotte.<\/p>\n\n\n\n<figure class=\"wp-block-gallery has-nested-images columns-default is-cropped wp-block-gallery-2 is-layout-flex wp-block-gallery-is-layout-flex\">\n<figure class=\"wp-block-image size-large\"><img decoding=\"async\" width=\"768\" height=\"1024\" data-id=\"10588\" data-src=\"https:\/\/kfv-mol.de\/Wordpress\/wp-content\/uploads\/2025\/08\/20250818_114533-768x1024.jpg\" alt=\"\" class=\"wp-image-10588 lazyload\" data-srcset=\"https:\/\/kfv-mol.de\/Wordpress\/wp-content\/uploads\/2025\/08\/20250818_114533-768x1024.jpg 768w, https:\/\/kfv-mol.de\/Wordpress\/wp-content\/uploads\/2025\/08\/20250818_114533-225x300.jpg 225w, https:\/\/kfv-mol.de\/Wordpress\/wp-content\/uploads\/2025\/08\/20250818_114533-1152x1536.jpg 1152w, https:\/\/kfv-mol.de\/Wordpress\/wp-content\/uploads\/2025\/08\/20250818_114533-1536x2048.jpg 1536w, https:\/\/kfv-mol.de\/Wordpress\/wp-content\/uploads\/2025\/08\/20250818_114533-scaled.jpg 1920w\" data-sizes=\"(max-width: 768px) 100vw, 768px\" src=\"data:image\/svg+xml;base64,PHN2ZyB3aWR0aD0iMSIgaGVpZ2h0PSIxIiB4bWxucz0iaHR0cDovL3d3dy53My5vcmcvMjAwMC9zdmciPjwvc3ZnPg==\" style=\"--smush-placeholder-width: 768px; --smush-placeholder-aspect-ratio: 768\/1024;\" \/><\/figure>\n\n\n\n<figure class=\"wp-block-image size-large\"><img decoding=\"async\" width=\"768\" height=\"1024\" data-id=\"10589\" data-src=\"https:\/\/kfv-mol.de\/Wordpress\/wp-content\/uploads\/2025\/08\/20250818_114742-768x1024.jpg\" alt=\"\" class=\"wp-image-10589 lazyload\" data-srcset=\"https:\/\/kfv-mol.de\/Wordpress\/wp-content\/uploads\/2025\/08\/20250818_114742-768x1024.jpg 768w, https:\/\/kfv-mol.de\/Wordpress\/wp-content\/uploads\/2025\/08\/20250818_114742-225x300.jpg 225w, https:\/\/kfv-mol.de\/Wordpress\/wp-content\/uploads\/2025\/08\/20250818_114742-1152x1536.jpg 1152w, https:\/\/kfv-mol.de\/Wordpress\/wp-content\/uploads\/2025\/08\/20250818_114742-1536x2048.jpg 1536w, https:\/\/kfv-mol.de\/Wordpress\/wp-content\/uploads\/2025\/08\/20250818_114742-scaled.jpg 1920w\" data-sizes=\"(max-width: 768px) 100vw, 768px\" src=\"data:image\/svg+xml;base64,PHN2ZyB3aWR0aD0iMSIgaGVpZ2h0PSIxIiB4bWxucz0iaHR0cDovL3d3dy53My5vcmcvMjAwMC9zdmciPjwvc3ZnPg==\" style=\"--smush-placeholder-width: 768px; --smush-placeholder-aspect-ratio: 768\/1024;\" \/><\/figure>\n<\/figure>\n\n\n\n<figure class=\"wp-block-image size-large is-resized\"><img decoding=\"async\" width=\"1024\" height=\"373\" data-src=\"https:\/\/kfv-mol.de\/Wordpress\/wp-content\/uploads\/2025\/08\/Schloss-G.-Broecker-Staatliches-Museum-Schwerin-2.jpg_1271168924-1024x373.jpg\" alt=\"\" class=\"wp-image-10581 lazyload\" style=\"--smush-placeholder-width: 1024px; --smush-placeholder-aspect-ratio: 1024\/373;width:827px;height:auto\" data-srcset=\"https:\/\/kfv-mol.de\/Wordpress\/wp-content\/uploads\/2025\/08\/Schloss-G.-Broecker-Staatliches-Museum-Schwerin-2.jpg_1271168924-1024x373.jpg 1024w, https:\/\/kfv-mol.de\/Wordpress\/wp-content\/uploads\/2025\/08\/Schloss-G.-Broecker-Staatliches-Museum-Schwerin-2.jpg_1271168924-300x109.jpg 300w, https:\/\/kfv-mol.de\/Wordpress\/wp-content\/uploads\/2025\/08\/Schloss-G.-Broecker-Staatliches-Museum-Schwerin-2.jpg_1271168924-768x280.jpg 768w, https:\/\/kfv-mol.de\/Wordpress\/wp-content\/uploads\/2025\/08\/Schloss-G.-Broecker-Staatliches-Museum-Schwerin-2.jpg_1271168924-1536x560.jpg 1536w, https:\/\/kfv-mol.de\/Wordpress\/wp-content\/uploads\/2025\/08\/Schloss-G.-Broecker-Staatliches-Museum-Schwerin-2.jpg_1271168924.jpg 1920w\" data-sizes=\"(max-width: 1024px) 100vw, 1024px\" src=\"data:image\/svg+xml;base64,PHN2ZyB3aWR0aD0iMSIgaGVpZ2h0PSIxIiB4bWxucz0iaHR0cDovL3d3dy53My5vcmcvMjAwMC9zdmciPjwvc3ZnPg==\" \/><\/figure>\n\n\n\n<p>In der ehemaliger herzoglichen Dampfw\u00e4scherei, heute ein Restaurant, haben wir gut zu Mittag gegessen und uns dann zur Anlegestelle der \u201eWei\u00dfen Flotte Schwerin\u201c aufgemacht. Dort schipperten wir bei Kaffee und Kuchen \u00fcber die Schweriner Seenkette und konnten die Stadtansicht von der Seeseite genie\u00dfen.<\/p>\n\n\n\n<figure class=\"wp-block-image size-large\"><img decoding=\"async\" width=\"768\" height=\"1024\" data-src=\"https:\/\/kfv-mol.de\/Wordpress\/wp-content\/uploads\/2025\/08\/20250818_125853-768x1024.jpg\" alt=\"\" class=\"wp-image-10587 lazyload\" data-srcset=\"https:\/\/kfv-mol.de\/Wordpress\/wp-content\/uploads\/2025\/08\/20250818_125853-768x1024.jpg 768w, https:\/\/kfv-mol.de\/Wordpress\/wp-content\/uploads\/2025\/08\/20250818_125853-225x300.jpg 225w, https:\/\/kfv-mol.de\/Wordpress\/wp-content\/uploads\/2025\/08\/20250818_125853-1152x1536.jpg 1152w, https:\/\/kfv-mol.de\/Wordpress\/wp-content\/uploads\/2025\/08\/20250818_125853-1536x2048.jpg 1536w, https:\/\/kfv-mol.de\/Wordpress\/wp-content\/uploads\/2025\/08\/20250818_125853-scaled.jpg 1920w\" data-sizes=\"(max-width: 768px) 100vw, 768px\" src=\"data:image\/svg+xml;base64,PHN2ZyB3aWR0aD0iMSIgaGVpZ2h0PSIxIiB4bWxucz0iaHR0cDovL3d3dy53My5vcmcvMjAwMC9zdmciPjwvc3ZnPg==\" style=\"--smush-placeholder-width: 768px; --smush-placeholder-aspect-ratio: 768\/1024;\" \/><\/figure>\n\n\n\n<figure class=\"wp-block-gallery has-nested-images columns-default is-cropped wp-block-gallery-3 is-layout-flex wp-block-gallery-is-layout-flex\">\n<figure class=\"wp-block-image size-large\"><img decoding=\"async\" width=\"1024\" height=\"768\" data-id=\"10583\" data-src=\"https:\/\/kfv-mol.de\/Wordpress\/wp-content\/uploads\/2025\/08\/20250818_142216-1024x768.jpg\" alt=\"\" class=\"wp-image-10583 lazyload\" data-srcset=\"https:\/\/kfv-mol.de\/Wordpress\/wp-content\/uploads\/2025\/08\/20250818_142216-1024x768.jpg 1024w, https:\/\/kfv-mol.de\/Wordpress\/wp-content\/uploads\/2025\/08\/20250818_142216-300x225.jpg 300w, https:\/\/kfv-mol.de\/Wordpress\/wp-content\/uploads\/2025\/08\/20250818_142216-768x576.jpg 768w, https:\/\/kfv-mol.de\/Wordpress\/wp-content\/uploads\/2025\/08\/20250818_142216-1536x1152.jpg 1536w, https:\/\/kfv-mol.de\/Wordpress\/wp-content\/uploads\/2025\/08\/20250818_142216-2048x1536.jpg 2048w\" data-sizes=\"(max-width: 1024px) 100vw, 1024px\" src=\"data:image\/svg+xml;base64,PHN2ZyB3aWR0aD0iMSIgaGVpZ2h0PSIxIiB4bWxucz0iaHR0cDovL3d3dy53My5vcmcvMjAwMC9zdmciPjwvc3ZnPg==\" style=\"--smush-placeholder-width: 1024px; --smush-placeholder-aspect-ratio: 1024\/768;\" \/><\/figure>\n\n\n\n<figure class=\"wp-block-image size-large\"><img decoding=\"async\" width=\"1024\" height=\"768\" data-id=\"10582\" data-src=\"https:\/\/kfv-mol.de\/Wordpress\/wp-content\/uploads\/2025\/08\/20250818_142230_002-1024x768.jpg\" alt=\"\" class=\"wp-image-10582 lazyload\" data-srcset=\"https:\/\/kfv-mol.de\/Wordpress\/wp-content\/uploads\/2025\/08\/20250818_142230_002-1024x768.jpg 1024w, https:\/\/kfv-mol.de\/Wordpress\/wp-content\/uploads\/2025\/08\/20250818_142230_002-300x225.jpg 300w, https:\/\/kfv-mol.de\/Wordpress\/wp-content\/uploads\/2025\/08\/20250818_142230_002-768x576.jpg 768w, https:\/\/kfv-mol.de\/Wordpress\/wp-content\/uploads\/2025\/08\/20250818_142230_002-1536x1152.jpg 1536w, https:\/\/kfv-mol.de\/Wordpress\/wp-content\/uploads\/2025\/08\/20250818_142230_002-2048x1536.jpg 2048w\" data-sizes=\"(max-width: 1024px) 100vw, 1024px\" src=\"data:image\/svg+xml;base64,PHN2ZyB3aWR0aD0iMSIgaGVpZ2h0PSIxIiB4bWxucz0iaHR0cDovL3d3dy53My5vcmcvMjAwMC9zdmciPjwvc3ZnPg==\" style=\"--smush-placeholder-width: 1024px; --smush-placeholder-aspect-ratio: 1024\/768;\" \/><\/figure>\n<\/figure>\n\n\n\n<p>Anschlie\u00dfend brachte uns der Reisebus mit Herrn Fincke am Steuer und z\u00fcnftiger Schlagermusik mit z\u00fcgiger Fahrt wieder nach Hause. Es war ein sch\u00f6ner Tag.<\/p>\n","protected":false},"excerpt":{"rendered":"<p>Am Montag, den 18. August, bei sch\u00f6nstem Wetter unternahmen 41 Kameradinnen und Kameraden mit ihren Partnern aus den Alters- und Ehrenabteilungen der FF Strausberg, M\u00fcncheberg, Herzfelde und Petershagen ihre allj\u00e4hrliche Bustour, diesmal nach Schwerin. Der Reisebus war wieder vom Omnibusunternehmen FINCKE aus Eggersdorf. Als Reiseleiter fungierte der FA-Leiter \u201eAlters- und Ehrenabteilung\u201c des Kreisfeuerwehrverbandes Uwe Pranzner [&hellip;]<\/p>\n","protected":false},"author":3,"featured_media":10576,"comment_status":"closed","ping_status":"closed","sticky":false,"template":"","format":"standard","meta":{"footnotes":""},"categories":[24],"tags":[],"class_list":["post-10575","post","type-post","status-publish","format-standard","has-post-thumbnail","hentry","category-alters-und-ehrenabteilungen"],"_links":{"self":[{"href":"https:\/\/kfv-mol.de\/Wordpress\/wp-json\/wp\/v2\/posts\/10575","targetHints":{"allow":["GET"]}}],"collection":[{"href":"https:\/\/kfv-mol.de\/Wordpress\/wp-json\/wp\/v2\/posts"}],"about":[{"href":"https:\/\/kfv-mol.de\/Wordpress\/wp-json\/wp\/v2\/types\/post"}],"author":[{"embeddable":true,"href":"https:\/\/kfv-mol.de\/Wordpress\/wp-json\/wp\/v2\/users\/3"}],"replies":[{"embeddable":true,"href":"https:\/\/kfv-mol.de\/Wordpress\/wp-json\/wp\/v2\/comments?post=10575"}],"version-history":[{"count":0,"href":"https:\/\/kfv-mol.de\/Wordpress\/wp-json\/wp\/v2\/posts\/10575\/revisions"}],"wp:featuredmedia":[{"embeddable":true,"href":"https:\/\/kfv-mol.de\/Wordpress\/wp-json\/wp\/v2\/media\/10576"}],"wp:attachment":[{"href":"https:\/\/kfv-mol.de\/Wordpress\/wp-json\/wp\/v2\/media?parent=10575"}],"wp:term":[{"taxonomy":"category","embeddable":true,"href":"https:\/\/kfv-mol.de\/Wordpress\/wp-json\/wp\/v2\/categories?post=10575"},{"taxonomy":"post_tag","embeddable":true,"href":"https:\/\/kfv-mol.de\/Wordpress\/wp-json\/wp\/v2\/tags?post=10575"}],"curies":[{"name":"wp","href":"https:\/\/api.w.org\/{rel}","templated":true}]}}