{"id":10559,"date":"2025-08-17T11:03:31","date_gmt":"2025-08-17T10:03:31","guid":{"rendered":"https:\/\/kfv-mol.de\/Wordpress\/?p=10559"},"modified":"2025-08-17T11:07:11","modified_gmt":"2025-08-17T10:07:11","slug":"was-ziehe-ich-an","status":"publish","type":"post","link":"https:\/\/kfv-mol.de\/Wordpress\/Artikel\/was-ziehe-ich-an\/","title":{"rendered":"Was ziehe ich an?"},"content":{"rendered":"\n<p>Nach dem Erlass des Ministeriums des Innern und f\u00fcr Kommunales \u00fcber die Dienst- und Schutzkleidung von Angeh\u00f6rigen der Feuerwehren im Land Brandenburg vom 13. November, <strong>kurz Bekleidungserlass Feuerwehr (BEFw)<\/strong> genannt, gibt es (zu) viele M\u00f6glichkeiten ordentlich angezogen zum Feuerwehrdienst zu erscheinen.<\/p>\n\n\n\n<p>Grunds\u00e4tzlich obliegt es dem Stadt-, Gemeinde- oder Amtswehrf\u00fchrer in Abstimmung mit dem Tr\u00e4ger des Brandschutzes dazu eine Dienstanweisung zu erlassen.<\/p>\n\n\n\n<p>Der Kreisfeuerwehrverband m\u00f6chte f\u00fcr die <strong>Dienstkleidung<\/strong> dazu hier einige Hilfestellungen zur Rechtm\u00e4\u00dfigkeit und Einheitlichkeit im \u00f6ffentlichen Auftreten geben.<\/p>\n\n\n\n<p class=\"has-medium-font-size\"><strong>1. Dienstanzug<\/strong>  f\u00fcr Versammlungen, Trauerfeiern, Jubil\u00e4en, Festveranstaltungen u.\u00e4. mit<\/p>\n\n\n\n<ul class=\"wp-block-list\">\n<li>Jacke,<\/li>\n\n\n\n<li>Hose\/Rock,<\/li>\n\n\n\n<li>Hemd\/Bluse (Langarm, wei\u00df oder hellblau),<\/li>\n\n\n\n<li>Binder\/Halstuch<\/li>\n\n\n\n<li>Schwarze Lederschuhe und schwarze Str\u00fcmpfe,<\/li>\n\n\n\n<li>Kopfbedeckung: Schirmm\u00fctze<\/li>\n<\/ul>\n\n\n\n<p>Im Sommer kann ohne Jacke ein Kurzarmhemd ohne Binder getragen werden.<\/p>\n\n\n\n<p>Auf der rechten Brustseite der Jacke\/Bluse oder dem Hemd kann das m\u00f6gliche Namensschild auf gleicher H\u00f6he wie das landesbezogene Feuerwehr-Signet und mittig dar\u00fcber ein m\u00f6gliches Funktionsabzeichen (wenn nicht auf Schulterst\u00fcck) getragen werden.<\/p>\n\n\n\n<p>Auf der linken Brustseite der Jacke k\u00f6nnen die Auszeichnungsbandschnallen (max. 4 in einer Reihe, max. 4 Reihen) \u00fcber dem landesbezogenen Feuerwehr-Signet getragen werden. Auf Hemden\/Blusen werden keine Auszeichnungen getragen.<\/p>\n\n\n\n<p>Als Wetterschutzbekleidung ist ein Wetterschutzparka vorgesehen.<\/p>\n\n\n\n<figure class=\"wp-block-image size-full\"><img decoding=\"async\" width=\"365\" height=\"474\" data-src=\"https:\/\/kfv-mol.de\/Wordpress\/wp-content\/uploads\/2025\/08\/Bildschirmfoto_10-8-2025_162756_www.lfv-bb.de_.jpeg\" alt=\"\" class=\"wp-image-10564 lazyload\" data-srcset=\"https:\/\/kfv-mol.de\/Wordpress\/wp-content\/uploads\/2025\/08\/Bildschirmfoto_10-8-2025_162756_www.lfv-bb.de_.jpeg 365w, https:\/\/kfv-mol.de\/Wordpress\/wp-content\/uploads\/2025\/08\/Bildschirmfoto_10-8-2025_162756_www.lfv-bb.de_-231x300.jpeg 231w\" data-sizes=\"(max-width: 365px) 100vw, 365px\" src=\"data:image\/svg+xml;base64,PHN2ZyB3aWR0aD0iMSIgaGVpZ2h0PSIxIiB4bWxucz0iaHR0cDovL3d3dy53My5vcmcvMjAwMC9zdmciPjwvc3ZnPg==\" style=\"--smush-placeholder-width: 365px; --smush-placeholder-aspect-ratio: 365\/474;\" \/><\/figure>\n\n\n\n<p class=\"has-medium-font-size\"><strong>2. Tagesdienstkleidung<\/strong> f\u00fcr allgemeine Dienstt\u00e4tigkeiten, die keinen feierlichen- oder festlichen Charakter (Dienstanzug) haben und keine Schutzkleidung ben\u00f6tigen<\/p>\n\n\n\n<ul class=\"wp-block-list\">\n<li>Blouson oder Arbeitsjacke,<\/li>\n\n\n\n<li>Arbeitshose,<\/li>\n\n\n\n<li>Hemd\/Bluse (Langarm, wei\u00df oder hellblau) mit Binder\/Halstuch oder Hemd\/Bluse in Dunkelblau ohne Binder oder<\/li>\n\n\n\n<li>Polo-, T- oder Sweatshirt in Dunkelblau<\/li>\n\n\n\n<li>schwarze Schuhe oder Stiefel<\/li>\n<\/ul>\n\n\n\n<p>Kopfbedeckung: Schirmm\u00fctze, Barett oder Basecap, im Winter Strickm\u00fctze<\/p>\n\n\n\n<p>Im Sommer kann ohne Blouson\/Arbeitsjacke ein wei\u00dfes oder blaues Kurzarmhemd ohne Binder getragen werden.<\/p>\n\n\n\n<p>Auf der rechten Brusttaschenpatte des Blousons\/der Arbeitsjacke kann ein textiles Namensschild oder ein Funktionsabzeichen getragen werden.<\/p>\n\n\n\n<p>Auszeichnungen werden an der Tagesdienstbekleidung nicht getragen!<\/p>\n\n\n\n<p>Als Wetterschutzkleidung ist eine Softshell- oder Fleecejacke anstelle des Blousons\/der Arbeitsjacke oder zus\u00e4tzlich zum Blouson\/der Arbeitsjacke m\u00f6glich.<\/p>\n\n\n\n<figure class=\"wp-block-gallery has-nested-images columns-default is-cropped wp-block-gallery-1 is-layout-flex wp-block-gallery-is-layout-flex\">\n<figure class=\"wp-block-image size-large\"><img decoding=\"async\" width=\"336\" height=\"364\" data-id=\"10566\" data-src=\"https:\/\/kfv-mol.de\/Wordpress\/wp-content\/uploads\/2025\/08\/Bildschirmfoto_10-8-2025_162348_www.lfv-bb.de_-1.jpeg\" alt=\"\" class=\"wp-image-10566 lazyload\" data-srcset=\"https:\/\/kfv-mol.de\/Wordpress\/wp-content\/uploads\/2025\/08\/Bildschirmfoto_10-8-2025_162348_www.lfv-bb.de_-1.jpeg 336w, https:\/\/kfv-mol.de\/Wordpress\/wp-content\/uploads\/2025\/08\/Bildschirmfoto_10-8-2025_162348_www.lfv-bb.de_-1-277x300.jpeg 277w\" data-sizes=\"(max-width: 336px) 100vw, 336px\" src=\"data:image\/svg+xml;base64,PHN2ZyB3aWR0aD0iMSIgaGVpZ2h0PSIxIiB4bWxucz0iaHR0cDovL3d3dy53My5vcmcvMjAwMC9zdmciPjwvc3ZnPg==\" style=\"--smush-placeholder-width: 336px; --smush-placeholder-aspect-ratio: 336\/364;\" \/><\/figure>\n\n\n\n<figure class=\"wp-block-image size-large\"><img decoding=\"async\" width=\"313\" height=\"473\" data-id=\"10565\" data-src=\"https:\/\/kfv-mol.de\/Wordpress\/wp-content\/uploads\/2025\/08\/Bildschirmfoto_10-8-2025_162943.jpeg\" alt=\"\" class=\"wp-image-10565 lazyload\" data-srcset=\"https:\/\/kfv-mol.de\/Wordpress\/wp-content\/uploads\/2025\/08\/Bildschirmfoto_10-8-2025_162943.jpeg 313w, https:\/\/kfv-mol.de\/Wordpress\/wp-content\/uploads\/2025\/08\/Bildschirmfoto_10-8-2025_162943-199x300.jpeg 199w\" data-sizes=\"(max-width: 313px) 100vw, 313px\" src=\"data:image\/svg+xml;base64,PHN2ZyB3aWR0aD0iMSIgaGVpZ2h0PSIxIiB4bWxucz0iaHR0cDovL3d3dy53My5vcmcvMjAwMC9zdmciPjwvc3ZnPg==\" style=\"--smush-placeholder-width: 313px; --smush-placeholder-aspect-ratio: 313\/473;\" \/><\/figure>\n\n\n\n<figure class=\"wp-block-image size-large\"><img decoding=\"async\" width=\"315\" height=\"473\" data-id=\"10567\" data-src=\"https:\/\/kfv-mol.de\/Wordpress\/wp-content\/uploads\/2025\/08\/Bildschirmfoto_10-8-2025_162943_www.lfv-bb.de_-1.jpeg\" alt=\"\" class=\"wp-image-10567 lazyload\" data-srcset=\"https:\/\/kfv-mol.de\/Wordpress\/wp-content\/uploads\/2025\/08\/Bildschirmfoto_10-8-2025_162943_www.lfv-bb.de_-1.jpeg 315w, https:\/\/kfv-mol.de\/Wordpress\/wp-content\/uploads\/2025\/08\/Bildschirmfoto_10-8-2025_162943_www.lfv-bb.de_-1-200x300.jpeg 200w\" data-sizes=\"(max-width: 315px) 100vw, 315px\" src=\"data:image\/svg+xml;base64,PHN2ZyB3aWR0aD0iMSIgaGVpZ2h0PSIxIiB4bWxucz0iaHR0cDovL3d3dy53My5vcmcvMjAwMC9zdmciPjwvc3ZnPg==\" style=\"--smush-placeholder-width: 315px; --smush-placeholder-aspect-ratio: 315\/473;\" \/><\/figure>\n<\/figure>\n\n\n\n<p class=\"has-medium-font-size\"><strong>Was ziehe ich nicht an oder sollte ich nicht machen?<\/strong><\/p>\n\n\n\n<ul class=\"wp-block-list\">\n<li>Uniformteile mit ziviler Kleidung mischen (z.B. Uniformhemd mit Rangabzeichen zur Jeans oder private Basecaps zur Dienst- oder Schutzkleidung)<\/li>\n\n\n\n<li>Sneaker oder braune Schuhe zur Dienstbekleidung<\/li>\n\n\n\n<li>Ohne Kopfbedeckung mit Dienstkleidung im Freien in der \u00d6ffentlichkeit oder beim Antreten<\/li>\n\n\n\n<li>Originalauszeichnung und Bandschnalle(n) gleichzeitig tragen (Originalauszeichnung nur am Tage der Verleihung oder auf Weisung &#8211; dann alle oder nur die 4 H\u00f6chsten)<\/li>\n<\/ul>\n\n\n\n<p>\u00dcbrigens, bis zum 15.11.2029 sollen alle Kameraden neue Dienstgradabzeichen tragen. Es gibt bereits jetzt keinen Grund, z.B. Alterskameraden vom Umtausch auszuschlie\u00dfen. Auch f\u00fcr \u201ealte\u201c Uniformen gibt es Adapter.<\/p>\n\n\n\n<p>Soweit wollen wir es bei der Feuerwehr nicht kommen lassen!<\/p>\n\n\n\n<figure class=\"wp-block-gallery has-nested-images columns-default is-cropped wp-block-gallery-2 is-layout-flex wp-block-gallery-is-layout-flex\">\n<figure class=\"wp-block-image size-medium\"><img decoding=\"async\" width=\"167\" height=\"300\" data-id=\"10560\" data-src=\"https:\/\/kfv-mol.de\/Wordpress\/wp-content\/uploads\/2025\/08\/1-1-167x300.jpg\" alt=\"\" class=\"wp-image-10560 lazyload\" data-srcset=\"https:\/\/kfv-mol.de\/Wordpress\/wp-content\/uploads\/2025\/08\/1-1-167x300.jpg 167w, https:\/\/kfv-mol.de\/Wordpress\/wp-content\/uploads\/2025\/08\/1-1.jpg 366w\" data-sizes=\"(max-width: 167px) 100vw, 167px\" src=\"data:image\/svg+xml;base64,PHN2ZyB3aWR0aD0iMSIgaGVpZ2h0PSIxIiB4bWxucz0iaHR0cDovL3d3dy53My5vcmcvMjAwMC9zdmciPjwvc3ZnPg==\" style=\"--smush-placeholder-width: 167px; --smush-placeholder-aspect-ratio: 167\/300;\" \/><\/figure>\n\n\n\n<figure class=\"wp-block-image size-large\"><img decoding=\"async\" width=\"261\" height=\"391\" data-id=\"10561\" data-src=\"https:\/\/kfv-mol.de\/Wordpress\/wp-content\/uploads\/2025\/08\/2-1.jpg\" alt=\"\" class=\"wp-image-10561 lazyload\" data-srcset=\"https:\/\/kfv-mol.de\/Wordpress\/wp-content\/uploads\/2025\/08\/2-1.jpg 261w, https:\/\/kfv-mol.de\/Wordpress\/wp-content\/uploads\/2025\/08\/2-1-200x300.jpg 200w\" data-sizes=\"(max-width: 261px) 100vw, 261px\" src=\"data:image\/svg+xml;base64,PHN2ZyB3aWR0aD0iMSIgaGVpZ2h0PSIxIiB4bWxucz0iaHR0cDovL3d3dy53My5vcmcvMjAwMC9zdmciPjwvc3ZnPg==\" style=\"--smush-placeholder-width: 261px; --smush-placeholder-aspect-ratio: 261\/391;\" \/><\/figure>\n<\/figure>\n","protected":false},"excerpt":{"rendered":"<p>Nach dem Erlass des Ministeriums des Innern und f\u00fcr Kommunales \u00fcber die Dienst- und Schutzkleidung von Angeh\u00f6rigen der Feuerwehren im Land Brandenburg vom 13. November, kurz Bekleidungserlass Feuerwehr (BEFw) genannt, gibt es (zu) viele M\u00f6glichkeiten ordentlich angezogen zum Feuerwehrdienst zu erscheinen. Grunds\u00e4tzlich obliegt es dem Stadt-, Gemeinde- oder Amtswehrf\u00fchrer in Abstimmung mit dem Tr\u00e4ger des [&hellip;]<\/p>\n","protected":false},"author":3,"featured_media":10534,"comment_status":"closed","ping_status":"closed","sticky":false,"template":"","format":"standard","meta":{"footnotes":""},"categories":[1],"tags":[],"class_list":["post-10559","post","type-post","status-publish","format-standard","has-post-thumbnail","hentry","category-sonstige"],"_links":{"self":[{"href":"https:\/\/kfv-mol.de\/Wordpress\/wp-json\/wp\/v2\/posts\/10559","targetHints":{"allow":["GET"]}}],"collection":[{"href":"https:\/\/kfv-mol.de\/Wordpress\/wp-json\/wp\/v2\/posts"}],"about":[{"href":"https:\/\/kfv-mol.de\/Wordpress\/wp-json\/wp\/v2\/types\/post"}],"author":[{"embeddable":true,"href":"https:\/\/kfv-mol.de\/Wordpress\/wp-json\/wp\/v2\/users\/3"}],"replies":[{"embeddable":true,"href":"https:\/\/kfv-mol.de\/Wordpress\/wp-json\/wp\/v2\/comments?post=10559"}],"version-history":[{"count":0,"href":"https:\/\/kfv-mol.de\/Wordpress\/wp-json\/wp\/v2\/posts\/10559\/revisions"}],"wp:featuredmedia":[{"embeddable":true,"href":"https:\/\/kfv-mol.de\/Wordpress\/wp-json\/wp\/v2\/media\/10534"}],"wp:attachment":[{"href":"https:\/\/kfv-mol.de\/Wordpress\/wp-json\/wp\/v2\/media?parent=10559"}],"wp:term":[{"taxonomy":"category","embeddable":true,"href":"https:\/\/kfv-mol.de\/Wordpress\/wp-json\/wp\/v2\/categories?post=10559"},{"taxonomy":"post_tag","embeddable":true,"href":"https:\/\/kfv-mol.de\/Wordpress\/wp-json\/wp\/v2\/tags?post=10559"}],"curies":[{"name":"wp","href":"https:\/\/api.w.org\/{rel}","templated":true}]}}