{"id":10535,"date":"2025-08-11T12:58:40","date_gmt":"2025-08-11T11:58:40","guid":{"rendered":"https:\/\/kfv-mol.de\/Wordpress\/?p=10535"},"modified":"2025-08-11T13:00:20","modified_gmt":"2025-08-11T12:00:20","slug":"feuerwehr-macht-schule","status":"publish","type":"post","link":"https:\/\/kfv-mol.de\/Wordpress\/Artikel\/feuerwehr-macht-schule\/","title":{"rendered":"Feuerwehr macht Schule"},"content":{"rendered":"\n<p>Zielgruppe des Wahlpflichtfaches \u201eFeuerwehrunterricht\u201c sind Sch\u00fclerinnen und Sch\u00fcler der Jahrgangsstufen 9 und 10 an den weiterf\u00fchrenden allgemeinbildenden Schulen \u2013 vor allem an Ober- und Gesamtschulen. Die Jugendlichen w\u00e4hlen das Unterrichtsfach mit Zustimmung der Eltern freiwillig und verpflichten sich zur Teilnahme f\u00fcr ein Schuljahr.<\/p>\n\n\n\n<p>Das f\u00fcr die Schule zust\u00e4ndige staatliche Schulamt muss das Wahlpflichtfach an den jeweiligen Schulen genehmigen. Daf\u00fcr pr\u00fcft es, ob der vom Bildungsministerium genehmigte Lehrplan verwendet wird und ob gen\u00fcgend Lehrkr\u00e4fte f\u00fcr den Unterricht (Aufsichtspflicht) an den Schulen arbeiten. Wenn insgesamt mindestens zehn Sch\u00fclerinnen und Sch\u00fcler das Wahlpflichtfach belegen m\u00f6chten und die personellen sowie technischen M\u00f6glichkeiten zur Ausbildung bei der \u00f6rtlichen Feuerwehr vorhanden sind, kann der Unterricht grunds\u00e4tzlich stattfinden.<\/p>\n\n\n\n<p>Dazu muss eine Kooperationsvereinbarung mit der \u00f6rtlichen Feuerwehr geschlossen werden, welche regelt, dass an den Unterrichtstagen eine ausgebildete Lehr kraft (eine geeignete Ausbilderin oder ein geeigneter Ausbilder der Feuerwehr) die Sch\u00fcler unterrichtet und fachgerecht anleitet.<\/p>\n\n\n\n<p>Was hier f\u00fcr viele neu klingen wird, ist mittlerweile an der Oberschule in <strong>M\u00fcncheberg <\/strong>seit 3 Jahren Realit\u00e4t, aber immer noch einzigartig in M\u00e4rkisch-Oderland.<\/p>\n\n\n\n<p>In enger Zusammenarbeit mit der Stadtverwaltung, der Freiwilligen Feuerwehr sowie der Oberschule der Stadt M\u00fcncheberg wurde das Wahlpflichtfach &#8222;Feuerwehr\u201c ins Leben gerufen.<\/p>\n\n\n\n<p>Jugendliche in den Schulstufen 9 und 10 k\u00f6nnen hierbei im Zeitraum von 2 Jahren ihre sogenannte Truppmannausbildung 1 nach Feuerwehrdienstvorschrift 2 &#8211; Ausbildung der Freiwilligen Feuerwehr &#8211; absolvieren.<\/p>\n\n\n\n<p>Dar\u00fcber hinaus erlernen sie Teamgef\u00fcge, handwerkliches Geschick und erhalten einen Einblick in das Leben unserer Gesellschaft. Bei zahlreichen Ausbildungsstunden formten sich die Klassen immer wieder zu einer starken Einheit!<\/p>\n\n\n\n<p>So konnten insgesamt bisher 7 junge Kameradinnen und Kameraden, davon 4 aus dem Stadtgebiet M\u00fcncheberg, f\u00fcr die Einsatzabteilungen gewonnen werden.<\/p>\n\n\n\n<p>Gleich, welcher Ort ihre Heimat ist, k\u00f6nnen sie auch dort ihren aktiven Einsatzdienst verrichten.<\/p>\n\n\n\n<p>Die Feuerwehr M\u00fcncheberg ist stolz auf die Sch\u00fclerinnen und Sch\u00fcler, wenn diese nach 2 Jahren ihre Urkunde f\u00fcr die bestandene Pr\u00fcfung des Truppmann Teil 1 erhalten.<\/p>\n\n\n\n<p>Ein gro\u00dfer Dank geht an alle Unterst\u00fctzenden, Helfenden sowie Mitwirkenden in diesem Projekt. Besonders ist aber die Arbeit des Kameraden Alexander Gr\u00fcnler mit starker Unterst\u00fctzung durch Adrian M\u00e4der, Laura Sch\u00fcler und Christian Ising hervorzuheben, welche mit Herzblut unz\u00e4hlige Stunden investierten, um gemeinsam mit den Jugendlichen das Ziel zu erreichen.<\/p>\n\n\n\n<p>Die FF M\u00fcncheberg freut sich auf viele weitere Schulklassen im Projekt &#8222;Feuerwehr macht Schule&#8220;.<\/p>\n\n\n\n<p>nach einem facebook-Beitrag der FF M\u00fcncheberg<\/p>\n\n\n\n<figure class=\"wp-block-gallery has-nested-images columns-default is-cropped wp-block-gallery-1 is-layout-flex wp-block-gallery-is-layout-flex\">\n<figure class=\"wp-block-image size-large\"><img decoding=\"async\" width=\"1024\" height=\"576\" data-id=\"10542\" data-src=\"https:\/\/kfv-mol.de\/Wordpress\/wp-content\/uploads\/2025\/08\/1-1024x576.jpg\" alt=\"\" class=\"wp-image-10542 lazyload\" data-srcset=\"https:\/\/kfv-mol.de\/Wordpress\/wp-content\/uploads\/2025\/08\/1-1024x576.jpg 1024w, https:\/\/kfv-mol.de\/Wordpress\/wp-content\/uploads\/2025\/08\/1-300x169.jpg 300w, https:\/\/kfv-mol.de\/Wordpress\/wp-content\/uploads\/2025\/08\/1-768x432.jpg 768w, https:\/\/kfv-mol.de\/Wordpress\/wp-content\/uploads\/2025\/08\/1-1536x864.jpg 1536w, https:\/\/kfv-mol.de\/Wordpress\/wp-content\/uploads\/2025\/08\/1.jpg 1600w\" data-sizes=\"(max-width: 1024px) 100vw, 1024px\" src=\"data:image\/svg+xml;base64,PHN2ZyB3aWR0aD0iMSIgaGVpZ2h0PSIxIiB4bWxucz0iaHR0cDovL3d3dy53My5vcmcvMjAwMC9zdmciPjwvc3ZnPg==\" style=\"--smush-placeholder-width: 1024px; --smush-placeholder-aspect-ratio: 1024\/576;\" \/><\/figure>\n\n\n\n<figure class=\"wp-block-image size-large\"><img decoding=\"async\" width=\"1024\" height=\"576\" data-id=\"10544\" data-src=\"https:\/\/kfv-mol.de\/Wordpress\/wp-content\/uploads\/2025\/08\/2-1024x576.jpg\" alt=\"\" class=\"wp-image-10544 lazyload\" data-srcset=\"https:\/\/kfv-mol.de\/Wordpress\/wp-content\/uploads\/2025\/08\/2-1024x576.jpg 1024w, https:\/\/kfv-mol.de\/Wordpress\/wp-content\/uploads\/2025\/08\/2-300x169.jpg 300w, https:\/\/kfv-mol.de\/Wordpress\/wp-content\/uploads\/2025\/08\/2-768x432.jpg 768w, https:\/\/kfv-mol.de\/Wordpress\/wp-content\/uploads\/2025\/08\/2-1536x864.jpg 1536w, https:\/\/kfv-mol.de\/Wordpress\/wp-content\/uploads\/2025\/08\/2.jpg 1600w\" data-sizes=\"(max-width: 1024px) 100vw, 1024px\" src=\"data:image\/svg+xml;base64,PHN2ZyB3aWR0aD0iMSIgaGVpZ2h0PSIxIiB4bWxucz0iaHR0cDovL3d3dy53My5vcmcvMjAwMC9zdmciPjwvc3ZnPg==\" style=\"--smush-placeholder-width: 1024px; --smush-placeholder-aspect-ratio: 1024\/576;\" \/><\/figure>\n\n\n\n<figure class=\"wp-block-image size-large\"><img decoding=\"async\" width=\"1024\" height=\"768\" data-id=\"10546\" data-src=\"https:\/\/kfv-mol.de\/Wordpress\/wp-content\/uploads\/2025\/08\/3-1024x768.jpg\" alt=\"\" class=\"wp-image-10546 lazyload\" data-srcset=\"https:\/\/kfv-mol.de\/Wordpress\/wp-content\/uploads\/2025\/08\/3-1024x768.jpg 1024w, https:\/\/kfv-mol.de\/Wordpress\/wp-content\/uploads\/2025\/08\/3-300x225.jpg 300w, https:\/\/kfv-mol.de\/Wordpress\/wp-content\/uploads\/2025\/08\/3-768x576.jpg 768w, https:\/\/kfv-mol.de\/Wordpress\/wp-content\/uploads\/2025\/08\/3-1536x1152.jpg 1536w, https:\/\/kfv-mol.de\/Wordpress\/wp-content\/uploads\/2025\/08\/3.jpg 2048w\" data-sizes=\"(max-width: 1024px) 100vw, 1024px\" src=\"data:image\/svg+xml;base64,PHN2ZyB3aWR0aD0iMSIgaGVpZ2h0PSIxIiB4bWxucz0iaHR0cDovL3d3dy53My5vcmcvMjAwMC9zdmciPjwvc3ZnPg==\" style=\"--smush-placeholder-width: 1024px; --smush-placeholder-aspect-ratio: 1024\/768;\" \/><\/figure>\n\n\n\n<figure class=\"wp-block-image size-large\"><img decoding=\"async\" width=\"1024\" height=\"768\" data-id=\"10547\" data-src=\"https:\/\/kfv-mol.de\/Wordpress\/wp-content\/uploads\/2025\/08\/4-1024x768.jpg\" alt=\"\" class=\"wp-image-10547 lazyload\" data-srcset=\"https:\/\/kfv-mol.de\/Wordpress\/wp-content\/uploads\/2025\/08\/4-1024x768.jpg 1024w, https:\/\/kfv-mol.de\/Wordpress\/wp-content\/uploads\/2025\/08\/4-300x225.jpg 300w, https:\/\/kfv-mol.de\/Wordpress\/wp-content\/uploads\/2025\/08\/4-768x576.jpg 768w, https:\/\/kfv-mol.de\/Wordpress\/wp-content\/uploads\/2025\/08\/4-1536x1152.jpg 1536w, https:\/\/kfv-mol.de\/Wordpress\/wp-content\/uploads\/2025\/08\/4.jpg 2048w\" data-sizes=\"(max-width: 1024px) 100vw, 1024px\" src=\"data:image\/svg+xml;base64,PHN2ZyB3aWR0aD0iMSIgaGVpZ2h0PSIxIiB4bWxucz0iaHR0cDovL3d3dy53My5vcmcvMjAwMC9zdmciPjwvc3ZnPg==\" style=\"--smush-placeholder-width: 1024px; --smush-placeholder-aspect-ratio: 1024\/768;\" \/><\/figure>\n\n\n\n<figure class=\"wp-block-image size-large\"><img decoding=\"async\" width=\"1024\" height=\"1024\" data-id=\"10545\" data-src=\"https:\/\/kfv-mol.de\/Wordpress\/wp-content\/uploads\/2025\/08\/5-1024x1024.jpg\" alt=\"\" class=\"wp-image-10545 lazyload\" data-srcset=\"https:\/\/kfv-mol.de\/Wordpress\/wp-content\/uploads\/2025\/08\/5-1024x1024.jpg 1024w, https:\/\/kfv-mol.de\/Wordpress\/wp-content\/uploads\/2025\/08\/5-300x300.jpg 300w, https:\/\/kfv-mol.de\/Wordpress\/wp-content\/uploads\/2025\/08\/5-150x150.jpg 150w, https:\/\/kfv-mol.de\/Wordpress\/wp-content\/uploads\/2025\/08\/5-768x768.jpg 768w, https:\/\/kfv-mol.de\/Wordpress\/wp-content\/uploads\/2025\/08\/5.jpg 1536w\" data-sizes=\"(max-width: 1024px) 100vw, 1024px\" src=\"data:image\/svg+xml;base64,PHN2ZyB3aWR0aD0iMSIgaGVpZ2h0PSIxIiB4bWxucz0iaHR0cDovL3d3dy53My5vcmcvMjAwMC9zdmciPjwvc3ZnPg==\" style=\"--smush-placeholder-width: 1024px; --smush-placeholder-aspect-ratio: 1024\/1024;\" \/><\/figure>\n\n\n\n<figure class=\"wp-block-image size-large\"><img decoding=\"async\" width=\"1024\" height=\"576\" data-id=\"10543\" data-src=\"https:\/\/kfv-mol.de\/Wordpress\/wp-content\/uploads\/2025\/08\/530244128_764221709324853_2459576064615541793_n-1024x576.jpg\" alt=\"\" class=\"wp-image-10543 lazyload\" data-srcset=\"https:\/\/kfv-mol.de\/Wordpress\/wp-content\/uploads\/2025\/08\/530244128_764221709324853_2459576064615541793_n-1024x576.jpg 1024w, https:\/\/kfv-mol.de\/Wordpress\/wp-content\/uploads\/2025\/08\/530244128_764221709324853_2459576064615541793_n-300x169.jpg 300w, https:\/\/kfv-mol.de\/Wordpress\/wp-content\/uploads\/2025\/08\/530244128_764221709324853_2459576064615541793_n-768x432.jpg 768w, https:\/\/kfv-mol.de\/Wordpress\/wp-content\/uploads\/2025\/08\/530244128_764221709324853_2459576064615541793_n-1536x864.jpg 1536w, https:\/\/kfv-mol.de\/Wordpress\/wp-content\/uploads\/2025\/08\/530244128_764221709324853_2459576064615541793_n.jpg 1600w\" data-sizes=\"(max-width: 1024px) 100vw, 1024px\" src=\"data:image\/svg+xml;base64,PHN2ZyB3aWR0aD0iMSIgaGVpZ2h0PSIxIiB4bWxucz0iaHR0cDovL3d3dy53My5vcmcvMjAwMC9zdmciPjwvc3ZnPg==\" style=\"--smush-placeholder-width: 1024px; --smush-placeholder-aspect-ratio: 1024\/576;\" \/><\/figure>\n\n\n\n<figure class=\"wp-block-image size-large\"><img decoding=\"async\" width=\"1024\" height=\"576\" data-id=\"10540\" data-src=\"https:\/\/kfv-mol.de\/Wordpress\/wp-content\/uploads\/2025\/08\/530407228_764221795991511_1082325212690332163_n-1024x576.jpg\" alt=\"\" class=\"wp-image-10540 lazyload\" data-srcset=\"https:\/\/kfv-mol.de\/Wordpress\/wp-content\/uploads\/2025\/08\/530407228_764221795991511_1082325212690332163_n-1024x576.jpg 1024w, https:\/\/kfv-mol.de\/Wordpress\/wp-content\/uploads\/2025\/08\/530407228_764221795991511_1082325212690332163_n-300x169.jpg 300w, https:\/\/kfv-mol.de\/Wordpress\/wp-content\/uploads\/2025\/08\/530407228_764221795991511_1082325212690332163_n-768x432.jpg 768w, https:\/\/kfv-mol.de\/Wordpress\/wp-content\/uploads\/2025\/08\/530407228_764221795991511_1082325212690332163_n-1536x864.jpg 1536w, https:\/\/kfv-mol.de\/Wordpress\/wp-content\/uploads\/2025\/08\/530407228_764221795991511_1082325212690332163_n.jpg 1600w\" data-sizes=\"(max-width: 1024px) 100vw, 1024px\" src=\"data:image\/svg+xml;base64,PHN2ZyB3aWR0aD0iMSIgaGVpZ2h0PSIxIiB4bWxucz0iaHR0cDovL3d3dy53My5vcmcvMjAwMC9zdmciPjwvc3ZnPg==\" style=\"--smush-placeholder-width: 1024px; --smush-placeholder-aspect-ratio: 1024\/576;\" \/><\/figure>\n\n\n\n<figure class=\"wp-block-image size-large\"><img decoding=\"async\" width=\"1024\" height=\"576\" data-id=\"10541\" data-src=\"https:\/\/kfv-mol.de\/Wordpress\/wp-content\/uploads\/2025\/08\/531028073_764221742658183_4086609299707789430_n-1024x576.jpg\" alt=\"\" class=\"wp-image-10541 lazyload\" data-srcset=\"https:\/\/kfv-mol.de\/Wordpress\/wp-content\/uploads\/2025\/08\/531028073_764221742658183_4086609299707789430_n-1024x576.jpg 1024w, https:\/\/kfv-mol.de\/Wordpress\/wp-content\/uploads\/2025\/08\/531028073_764221742658183_4086609299707789430_n-300x169.jpg 300w, https:\/\/kfv-mol.de\/Wordpress\/wp-content\/uploads\/2025\/08\/531028073_764221742658183_4086609299707789430_n-768x432.jpg 768w, https:\/\/kfv-mol.de\/Wordpress\/wp-content\/uploads\/2025\/08\/531028073_764221742658183_4086609299707789430_n-1536x864.jpg 1536w, https:\/\/kfv-mol.de\/Wordpress\/wp-content\/uploads\/2025\/08\/531028073_764221742658183_4086609299707789430_n.jpg 1600w\" data-sizes=\"(max-width: 1024px) 100vw, 1024px\" src=\"data:image\/svg+xml;base64,PHN2ZyB3aWR0aD0iMSIgaGVpZ2h0PSIxIiB4bWxucz0iaHR0cDovL3d3dy53My5vcmcvMjAwMC9zdmciPjwvc3ZnPg==\" style=\"--smush-placeholder-width: 1024px; --smush-placeholder-aspect-ratio: 1024\/576;\" \/><\/figure>\n<\/figure>\n","protected":false},"excerpt":{"rendered":"<p>Zielgruppe des Wahlpflichtfaches \u201eFeuerwehrunterricht\u201c sind Sch\u00fclerinnen und Sch\u00fcler der Jahrgangsstufen 9 und 10 an den weiterf\u00fchrenden allgemeinbildenden Schulen \u2013 vor allem an Ober- und Gesamtschulen. Die Jugendlichen w\u00e4hlen das Unterrichtsfach mit Zustimmung der Eltern freiwillig und verpflichten sich zur Teilnahme f\u00fcr ein Schuljahr. Das f\u00fcr die Schule zust\u00e4ndige staatliche Schulamt muss das Wahlpflichtfach an den [&hellip;]<\/p>\n","protected":false},"author":3,"featured_media":10537,"comment_status":"closed","ping_status":"closed","sticky":false,"template":"","format":"standard","meta":{"footnotes":""},"categories":[1],"tags":[],"class_list":["post-10535","post","type-post","status-publish","format-standard","has-post-thumbnail","hentry","category-sonstige"],"_links":{"self":[{"href":"https:\/\/kfv-mol.de\/Wordpress\/wp-json\/wp\/v2\/posts\/10535","targetHints":{"allow":["GET"]}}],"collection":[{"href":"https:\/\/kfv-mol.de\/Wordpress\/wp-json\/wp\/v2\/posts"}],"about":[{"href":"https:\/\/kfv-mol.de\/Wordpress\/wp-json\/wp\/v2\/types\/post"}],"author":[{"embeddable":true,"href":"https:\/\/kfv-mol.de\/Wordpress\/wp-json\/wp\/v2\/users\/3"}],"replies":[{"embeddable":true,"href":"https:\/\/kfv-mol.de\/Wordpress\/wp-json\/wp\/v2\/comments?post=10535"}],"version-history":[{"count":0,"href":"https:\/\/kfv-mol.de\/Wordpress\/wp-json\/wp\/v2\/posts\/10535\/revisions"}],"wp:featuredmedia":[{"embeddable":true,"href":"https:\/\/kfv-mol.de\/Wordpress\/wp-json\/wp\/v2\/media\/10537"}],"wp:attachment":[{"href":"https:\/\/kfv-mol.de\/Wordpress\/wp-json\/wp\/v2\/media?parent=10535"}],"wp:term":[{"taxonomy":"category","embeddable":true,"href":"https:\/\/kfv-mol.de\/Wordpress\/wp-json\/wp\/v2\/categories?post=10535"},{"taxonomy":"post_tag","embeddable":true,"href":"https:\/\/kfv-mol.de\/Wordpress\/wp-json\/wp\/v2\/tags?post=10535"}],"curies":[{"name":"wp","href":"https:\/\/api.w.org\/{rel}","templated":true}]}}