{"id":10524,"date":"2025-08-07T15:42:23","date_gmt":"2025-08-07T14:42:23","guid":{"rendered":"https:\/\/kfv-mol.de\/Wordpress\/?p=10524"},"modified":"2025-08-11T13:01:10","modified_gmt":"2025-08-11T12:01:10","slug":"treffen-des-fa-alters-und-ehrenabteilung","status":"publish","type":"post","link":"https:\/\/kfv-mol.de\/Wordpress\/Artikel\/treffen-des-fa-alters-und-ehrenabteilung\/","title":{"rendered":"Treffen des FA &#8222;Alters-und Ehrenabteilung&#8220;"},"content":{"rendered":"\n<p>Am Mittwoch, den 06. Juli 2025 trafen sich die Mitglieder des Fachausschusses &#8222;Alters- und Ehrenabteilung&#8220; des Kreisfeuerwehrverbandes MOL in Pritzhagen zu ihrer 2-monatlichen Tagung.<\/p>\n\n\n\n<p>Der FA- Leiter Uwe Pranzner er\u00f6ffnete die Versammlung und bat um eine Gedenkminute f\u00fcr den verstorbenen Kameraden Eckhard Naujocks (FF Hoppegarten).<\/p>\n\n\n\n<p>Kam. Hans-Dieter Kandzia stellte die k\u00fcrzlich fertiggestellte Brosch\u00fcre des FA &#8222;Traditionspflege&#8220; \u00fcber &#8222;Chargenbezeichnungen, Dienstgrade und Funktionsabzeichen der Freiwilligen Feuerwehren im Land Brandenburg&#8220; vor, die von Wilhelm Piskol und Hans-Dieter Kandzia erarbeitet wurde.<\/p>\n\n\n\n<p>Kam Pranzner bestellte Gr\u00fc\u00dfe vom ehemaligen Vorsitzenden Klaus-Peter P\u00fcschel, der sich z.Z. in einer Reha-Klinik befindet. Die FA-Mitglieder w\u00fcnschen gute Erholung und vollst\u00e4ndige Genesung.<\/p>\n\n\n\n<p>Durch den Tod des Kam. Naujocks wird ein neuer &#8222;Reiseorganisator&#8220; f\u00fcr den Altkreis Strausberg gesucht. Kam Petzold (FF Strausberg) k\u00f6nnte eventuell diese Funktion \u00fcbernehmen. Die Reisen am 18.08.25 nach Schwerin und 31.08.-04.09.25 in den Harz finden planm\u00e4\u00dfig statt.<\/p>\n\n\n\n<p>Am 20.09.25 fahren die Alterskameraden aus Letschin nach Wittstadt\/Dossse. In Strausberg fand im Juli ein Sommerfest der Alterskameraden statt.<\/p>\n\n\n\n<p>Kam. Pranzner berichtete \u00fcber die vergangenen Vorstandssitzungen und \u00fcber das erfolgreiche Jugendlager in Gusow und Kam Kandzia \u00fcber die f\u00fcr das Team MOL siegreichen Deutschen Meisterschaften im Feuerwehrsport.<\/p>\n\n\n\n<p>Nach einem Austausch \u00fcber die T\u00e4tigkeiten in ihren Bereichen endete die Beratung mit der Verabredung des n\u00e4chsten Treffens am 08. Oktober 2025.<\/p>\n\n\n\n<p><\/p>\n","protected":false},"excerpt":{"rendered":"<p>Am Mittwoch, den 06. Juli 2025 trafen sich die Mitglieder des Fachausschusses &#8222;Alters- und Ehrenabteilung&#8220; des Kreisfeuerwehrverbandes MOL in Pritzhagen zu ihrer 2-monatlichen Tagung. Der FA- Leiter Uwe Pranzner er\u00f6ffnete die Versammlung und bat um eine Gedenkminute f\u00fcr den verstorbenen Kameraden Eckhard Naujocks (FF Hoppegarten). Kam. Hans-Dieter Kandzia stellte die k\u00fcrzlich fertiggestellte Brosch\u00fcre des FA [&hellip;]<\/p>\n","protected":false},"author":3,"featured_media":10525,"comment_status":"closed","ping_status":"closed","sticky":false,"template":"","format":"standard","meta":{"footnotes":""},"categories":[24],"tags":[],"class_list":["post-10524","post","type-post","status-publish","format-standard","has-post-thumbnail","hentry","category-alters-und-ehrenabteilungen"],"_links":{"self":[{"href":"https:\/\/kfv-mol.de\/Wordpress\/wp-json\/wp\/v2\/posts\/10524","targetHints":{"allow":["GET"]}}],"collection":[{"href":"https:\/\/kfv-mol.de\/Wordpress\/wp-json\/wp\/v2\/posts"}],"about":[{"href":"https:\/\/kfv-mol.de\/Wordpress\/wp-json\/wp\/v2\/types\/post"}],"author":[{"embeddable":true,"href":"https:\/\/kfv-mol.de\/Wordpress\/wp-json\/wp\/v2\/users\/3"}],"replies":[{"embeddable":true,"href":"https:\/\/kfv-mol.de\/Wordpress\/wp-json\/wp\/v2\/comments?post=10524"}],"version-history":[{"count":0,"href":"https:\/\/kfv-mol.de\/Wordpress\/wp-json\/wp\/v2\/posts\/10524\/revisions"}],"wp:featuredmedia":[{"embeddable":true,"href":"https:\/\/kfv-mol.de\/Wordpress\/wp-json\/wp\/v2\/media\/10525"}],"wp:attachment":[{"href":"https:\/\/kfv-mol.de\/Wordpress\/wp-json\/wp\/v2\/media?parent=10524"}],"wp:term":[{"taxonomy":"category","embeddable":true,"href":"https:\/\/kfv-mol.de\/Wordpress\/wp-json\/wp\/v2\/categories?post=10524"},{"taxonomy":"post_tag","embeddable":true,"href":"https:\/\/kfv-mol.de\/Wordpress\/wp-json\/wp\/v2\/tags?post=10524"}],"curies":[{"name":"wp","href":"https:\/\/api.w.org\/{rel}","templated":true}]}}