{"id":10502,"date":"2025-08-03T11:22:47","date_gmt":"2025-08-03T10:22:47","guid":{"rendered":"https:\/\/kfv-mol.de\/Wordpress\/?p=10502"},"modified":"2025-08-03T16:59:11","modified_gmt":"2025-08-03T15:59:11","slug":"team-mol-deutscher-meister-im-feuerwehrsport","status":"publish","type":"post","link":"https:\/\/kfv-mol.de\/Wordpress\/Artikel\/team-mol-deutscher-meister-im-feuerwehrsport\/","title":{"rendered":"Team MOL-Deutscher Meister im Feuerwehrsport"},"content":{"rendered":"\n<p>Vier Tage lang ma\u00dfen sich 620 Sportlerinnen und Sportler der Feuerwehren im Hafenstadion der s\u00e4chsischen Renaissancestadt Torgau in den Disziplinen 100m Hindernislauf, 4x100m Feuerwehr-Hindernisstaffel, L\u00f6schangriff nass sowie Gruppenstafette. Im benachbarten Ortsteil Taura der Stadt Belgern-Schildau fand das Hakenleitersteigen statt.<\/p>\n\n\n\n<p>Am Freitagabend fand die Siegerehrung durch Frau Dr. Christiane Schenderlein, Staatsministerin f\u00fcr Sport und Ehrenamt im Bundeskanzleramt und den Ersten Vizepr\u00e4sidenten des Deutschen Feuerwehrverbandes Hermann Schreck statt.<\/p>\n\n\n\n<p>In der Gesamtwertung konnten sich folgende Mannschaften f\u00fcr die Internationalen Wettbewerbe des  Weltfeuerwehrverbandes CTIF ( Feuerwehrolympiade ) qualifizieren:<\/p>\n\n\n\n<p>\u2022 M\u00e4nner: <\/p>\n\n\n\n<ul class=\"wp-block-list\">\n<li>1. Platz Team M\u00e4rkisch-Oderland ( Deutscher Meister im Feuerwehrsport )<\/li>\n\n\n\n<li>2. Platz Team Lausitz<\/li>\n\n\n\n<li>3. Platz Team Mecklenburg-Vorpommern 1<\/li>\n<\/ul>\n\n\n\n<p>\u2022 Frauen: <\/p>\n\n\n\n<ul class=\"wp-block-list\">\n<li>1. Platz Team Brandenburg 1<\/li>\n\n\n\n<li>2. Platz Team Mecklenburg-Vorpommern 1<\/li>\n\n\n\n<li>3. Platz Team Lausitz<\/li>\n<\/ul>\n\n\n\n<p>Au\u00dferdem holten sich unsere Jungs vom Team MOL den <\/p>\n\n\n\n<ul class=\"wp-block-list\">\n<li>Deutschen Meistertitel in der 4x100m- Feuerwehrstafette<\/li>\n\n\n\n<li>Deutschen Vizemeistertitel im 100m-Hindernislauf<\/li>\n\n\n\n<li>Deutschen Vizemeister im L\u00f6schangriff<\/li>\n\n\n\n<li>den 1. Platz in der Mannschaftswertung L\u00f6schangriff<\/li>\n\n\n\n<li>den 1. Platz in der Mannschaftswertung 4x100m-Feuerwehrstaffette<\/li>\n\n\n\n<li>den 3. Platz in der Mannschaftswertung 100m-Hindernis<\/li>\n\n\n\n<li>den 4. Platz in der Mannschaftswertung Hakenleitersteigen<\/li>\n<\/ul>\n\n\n\n<p>Wir gratulieren unserem Wettkampfteam unter Leitung vom FA-Leiter Wettbewerbe des KFV Andreas Zwick sehr herzlich und w\u00fcnschen viel Erfolg f\u00fcr die internationalen Wettk\u00e4mpfe 2026.<\/p>\n\n\n\n<figure class=\"wp-block-gallery has-nested-images columns-default is-cropped wp-block-gallery-1 is-layout-flex wp-block-gallery-is-layout-flex\">\n<figure class=\"wp-block-image size-large\"><img decoding=\"async\" width=\"1024\" height=\"718\" data-id=\"10521\" data-src=\"https:\/\/kfv-mol.de\/Wordpress\/wp-content\/uploads\/2025\/08\/526687251_1166924055480059_4200636402784388307_n-1-1024x718.jpg\" alt=\"\" class=\"wp-image-10521 lazyload\" data-srcset=\"https:\/\/kfv-mol.de\/Wordpress\/wp-content\/uploads\/2025\/08\/526687251_1166924055480059_4200636402784388307_n-1-1024x718.jpg 1024w, https:\/\/kfv-mol.de\/Wordpress\/wp-content\/uploads\/2025\/08\/526687251_1166924055480059_4200636402784388307_n-1-300x210.jpg 300w, https:\/\/kfv-mol.de\/Wordpress\/wp-content\/uploads\/2025\/08\/526687251_1166924055480059_4200636402784388307_n-1-768x538.jpg 768w, https:\/\/kfv-mol.de\/Wordpress\/wp-content\/uploads\/2025\/08\/526687251_1166924055480059_4200636402784388307_n-1-1536x1076.jpg 1536w, https:\/\/kfv-mol.de\/Wordpress\/wp-content\/uploads\/2025\/08\/526687251_1166924055480059_4200636402784388307_n-1.jpg 2048w\" data-sizes=\"(max-width: 1024px) 100vw, 1024px\" src=\"data:image\/svg+xml;base64,PHN2ZyB3aWR0aD0iMSIgaGVpZ2h0PSIxIiB4bWxucz0iaHR0cDovL3d3dy53My5vcmcvMjAwMC9zdmciPjwvc3ZnPg==\" style=\"--smush-placeholder-width: 1024px; --smush-placeholder-aspect-ratio: 1024\/718;\" \/><\/figure>\n\n\n\n<figure class=\"wp-block-image size-large\"><img decoding=\"async\" width=\"910\" height=\"683\" data-id=\"10516\" data-src=\"https:\/\/kfv-mol.de\/Wordpress\/wp-content\/uploads\/2025\/08\/527308184_18363582190151522_4061567032152179787_n-1.jpg\" alt=\"\" class=\"wp-image-10516 lazyload\" data-srcset=\"https:\/\/kfv-mol.de\/Wordpress\/wp-content\/uploads\/2025\/08\/527308184_18363582190151522_4061567032152179787_n-1.jpg 910w, https:\/\/kfv-mol.de\/Wordpress\/wp-content\/uploads\/2025\/08\/527308184_18363582190151522_4061567032152179787_n-1-300x225.jpg 300w, https:\/\/kfv-mol.de\/Wordpress\/wp-content\/uploads\/2025\/08\/527308184_18363582190151522_4061567032152179787_n-1-768x576.jpg 768w\" data-sizes=\"(max-width: 910px) 100vw, 910px\" src=\"data:image\/svg+xml;base64,PHN2ZyB3aWR0aD0iMSIgaGVpZ2h0PSIxIiB4bWxucz0iaHR0cDovL3d3dy53My5vcmcvMjAwMC9zdmciPjwvc3ZnPg==\" style=\"--smush-placeholder-width: 910px; --smush-placeholder-aspect-ratio: 910\/683;\" \/><\/figure>\n\n\n\n<figure class=\"wp-block-image size-large\"><img decoding=\"async\" width=\"1024\" height=\"768\" data-id=\"10519\" data-src=\"https:\/\/kfv-mol.de\/Wordpress\/wp-content\/uploads\/2025\/08\/facebook_1754151711164_7357445538743241495-1-1024x768.jpg\" alt=\"\" class=\"wp-image-10519 lazyload\" data-srcset=\"https:\/\/kfv-mol.de\/Wordpress\/wp-content\/uploads\/2025\/08\/facebook_1754151711164_7357445538743241495-1-1024x768.jpg 1024w, https:\/\/kfv-mol.de\/Wordpress\/wp-content\/uploads\/2025\/08\/facebook_1754151711164_7357445538743241495-1-300x225.jpg 300w, https:\/\/kfv-mol.de\/Wordpress\/wp-content\/uploads\/2025\/08\/facebook_1754151711164_7357445538743241495-1-768x576.jpg 768w, https:\/\/kfv-mol.de\/Wordpress\/wp-content\/uploads\/2025\/08\/facebook_1754151711164_7357445538743241495-1.jpg 1284w\" data-sizes=\"(max-width: 1024px) 100vw, 1024px\" src=\"data:image\/svg+xml;base64,PHN2ZyB3aWR0aD0iMSIgaGVpZ2h0PSIxIiB4bWxucz0iaHR0cDovL3d3dy53My5vcmcvMjAwMC9zdmciPjwvc3ZnPg==\" style=\"--smush-placeholder-width: 1024px; --smush-placeholder-aspect-ratio: 1024\/768;\" \/><\/figure>\n\n\n\n<figure class=\"wp-block-image size-large\"><img decoding=\"async\" width=\"1023\" height=\"682\" data-id=\"10517\" data-src=\"https:\/\/kfv-mol.de\/Wordpress\/wp-content\/uploads\/2025\/08\/IMG_1202-Siegerehrung-1-0x682-c-default-1.jpg\" alt=\"\" class=\"wp-image-10517 lazyload\" data-srcset=\"https:\/\/kfv-mol.de\/Wordpress\/wp-content\/uploads\/2025\/08\/IMG_1202-Siegerehrung-1-0x682-c-default-1.jpg 1023w, https:\/\/kfv-mol.de\/Wordpress\/wp-content\/uploads\/2025\/08\/IMG_1202-Siegerehrung-1-0x682-c-default-1-300x200.jpg 300w, https:\/\/kfv-mol.de\/Wordpress\/wp-content\/uploads\/2025\/08\/IMG_1202-Siegerehrung-1-0x682-c-default-1-768x512.jpg 768w\" data-sizes=\"(max-width: 1023px) 100vw, 1023px\" src=\"data:image\/svg+xml;base64,PHN2ZyB3aWR0aD0iMSIgaGVpZ2h0PSIxIiB4bWxucz0iaHR0cDovL3d3dy53My5vcmcvMjAwMC9zdmciPjwvc3ZnPg==\" style=\"--smush-placeholder-width: 1023px; --smush-placeholder-aspect-ratio: 1023\/682;\" \/><\/figure>\n\n\n\n<figure class=\"wp-block-image size-large\"><img decoding=\"async\" width=\"1024\" height=\"768\" data-id=\"10520\" data-src=\"https:\/\/kfv-mol.de\/Wordpress\/wp-content\/uploads\/2025\/08\/IMG-20250803-WA0001-1024x768.jpg\" alt=\"\" class=\"wp-image-10520 lazyload\" data-srcset=\"https:\/\/kfv-mol.de\/Wordpress\/wp-content\/uploads\/2025\/08\/IMG-20250803-WA0001-1024x768.jpg 1024w, https:\/\/kfv-mol.de\/Wordpress\/wp-content\/uploads\/2025\/08\/IMG-20250803-WA0001-300x225.jpg 300w, https:\/\/kfv-mol.de\/Wordpress\/wp-content\/uploads\/2025\/08\/IMG-20250803-WA0001-768x576.jpg 768w, https:\/\/kfv-mol.de\/Wordpress\/wp-content\/uploads\/2025\/08\/IMG-20250803-WA0001-1536x1152.jpg 1536w, https:\/\/kfv-mol.de\/Wordpress\/wp-content\/uploads\/2025\/08\/IMG-20250803-WA0001.jpg 1600w\" data-sizes=\"(max-width: 1024px) 100vw, 1024px\" src=\"data:image\/svg+xml;base64,PHN2ZyB3aWR0aD0iMSIgaGVpZ2h0PSIxIiB4bWxucz0iaHR0cDovL3d3dy53My5vcmcvMjAwMC9zdmciPjwvc3ZnPg==\" style=\"--smush-placeholder-width: 1024px; --smush-placeholder-aspect-ratio: 1024\/768;\" \/><\/figure>\n\n\n\n<figure class=\"wp-block-image size-large\"><img decoding=\"async\" width=\"1024\" height=\"768\" data-id=\"10518\" data-src=\"https:\/\/kfv-mol.de\/Wordpress\/wp-content\/uploads\/2025\/08\/IMG-20250803-WA0003-1024x768.jpg\" alt=\"\" class=\"wp-image-10518 lazyload\" data-srcset=\"https:\/\/kfv-mol.de\/Wordpress\/wp-content\/uploads\/2025\/08\/IMG-20250803-WA0003-1024x768.jpg 1024w, https:\/\/kfv-mol.de\/Wordpress\/wp-content\/uploads\/2025\/08\/IMG-20250803-WA0003-300x225.jpg 300w, https:\/\/kfv-mol.de\/Wordpress\/wp-content\/uploads\/2025\/08\/IMG-20250803-WA0003-768x576.jpg 768w, https:\/\/kfv-mol.de\/Wordpress\/wp-content\/uploads\/2025\/08\/IMG-20250803-WA0003-1536x1152.jpg 1536w, https:\/\/kfv-mol.de\/Wordpress\/wp-content\/uploads\/2025\/08\/IMG-20250803-WA0003.jpg 1600w\" data-sizes=\"(max-width: 1024px) 100vw, 1024px\" src=\"data:image\/svg+xml;base64,PHN2ZyB3aWR0aD0iMSIgaGVpZ2h0PSIxIiB4bWxucz0iaHR0cDovL3d3dy53My5vcmcvMjAwMC9zdmciPjwvc3ZnPg==\" style=\"--smush-placeholder-width: 1024px; --smush-placeholder-aspect-ratio: 1024\/768;\" \/><\/figure>\n\n\n\n<figure class=\"wp-block-image size-large\"><img decoding=\"async\" width=\"576\" height=\"1024\" data-id=\"10515\" data-src=\"https:\/\/kfv-mol.de\/Wordpress\/wp-content\/uploads\/2025\/08\/IMG-20250803-WA0005-576x1024.jpg\" alt=\"\" class=\"wp-image-10515 lazyload\" data-srcset=\"https:\/\/kfv-mol.de\/Wordpress\/wp-content\/uploads\/2025\/08\/IMG-20250803-WA0005-576x1024.jpg 576w, https:\/\/kfv-mol.de\/Wordpress\/wp-content\/uploads\/2025\/08\/IMG-20250803-WA0005-169x300.jpg 169w, https:\/\/kfv-mol.de\/Wordpress\/wp-content\/uploads\/2025\/08\/IMG-20250803-WA0005-768x1366.jpg 768w, https:\/\/kfv-mol.de\/Wordpress\/wp-content\/uploads\/2025\/08\/IMG-20250803-WA0005-864x1536.jpg 864w, https:\/\/kfv-mol.de\/Wordpress\/wp-content\/uploads\/2025\/08\/IMG-20250803-WA0005.jpg 899w\" data-sizes=\"(max-width: 576px) 100vw, 576px\" src=\"data:image\/svg+xml;base64,PHN2ZyB3aWR0aD0iMSIgaGVpZ2h0PSIxIiB4bWxucz0iaHR0cDovL3d3dy53My5vcmcvMjAwMC9zdmciPjwvc3ZnPg==\" style=\"--smush-placeholder-width: 576px; --smush-placeholder-aspect-ratio: 576\/1024;\" \/><\/figure>\n\n\n\n<figure class=\"wp-block-image size-large\"><img decoding=\"async\" width=\"576\" height=\"1024\" data-id=\"10513\" data-src=\"https:\/\/kfv-mol.de\/Wordpress\/wp-content\/uploads\/2025\/08\/IMG-20250803-WA0006-576x1024.jpg\" alt=\"\" class=\"wp-image-10513 lazyload\" data-srcset=\"https:\/\/kfv-mol.de\/Wordpress\/wp-content\/uploads\/2025\/08\/IMG-20250803-WA0006-576x1024.jpg 576w, https:\/\/kfv-mol.de\/Wordpress\/wp-content\/uploads\/2025\/08\/IMG-20250803-WA0006-169x300.jpg 169w, https:\/\/kfv-mol.de\/Wordpress\/wp-content\/uploads\/2025\/08\/IMG-20250803-WA0006-768x1366.jpg 768w, https:\/\/kfv-mol.de\/Wordpress\/wp-content\/uploads\/2025\/08\/IMG-20250803-WA0006-864x1536.jpg 864w, https:\/\/kfv-mol.de\/Wordpress\/wp-content\/uploads\/2025\/08\/IMG-20250803-WA0006.jpg 899w\" data-sizes=\"(max-width: 576px) 100vw, 576px\" src=\"data:image\/svg+xml;base64,PHN2ZyB3aWR0aD0iMSIgaGVpZ2h0PSIxIiB4bWxucz0iaHR0cDovL3d3dy53My5vcmcvMjAwMC9zdmciPjwvc3ZnPg==\" style=\"--smush-placeholder-width: 576px; --smush-placeholder-aspect-ratio: 576\/1024;\" \/><\/figure>\n\n\n\n<figure class=\"wp-block-image size-large\"><img decoding=\"async\" width=\"576\" height=\"1024\" data-id=\"10514\" data-src=\"https:\/\/kfv-mol.de\/Wordpress\/wp-content\/uploads\/2025\/08\/IMG-20250803-WA0007-576x1024.jpg\" alt=\"\" class=\"wp-image-10514 lazyload\" data-srcset=\"https:\/\/kfv-mol.de\/Wordpress\/wp-content\/uploads\/2025\/08\/IMG-20250803-WA0007-576x1024.jpg 576w, https:\/\/kfv-mol.de\/Wordpress\/wp-content\/uploads\/2025\/08\/IMG-20250803-WA0007-169x300.jpg 169w, https:\/\/kfv-mol.de\/Wordpress\/wp-content\/uploads\/2025\/08\/IMG-20250803-WA0007-768x1366.jpg 768w, https:\/\/kfv-mol.de\/Wordpress\/wp-content\/uploads\/2025\/08\/IMG-20250803-WA0007-864x1536.jpg 864w, https:\/\/kfv-mol.de\/Wordpress\/wp-content\/uploads\/2025\/08\/IMG-20250803-WA0007.jpg 899w\" data-sizes=\"(max-width: 576px) 100vw, 576px\" src=\"data:image\/svg+xml;base64,PHN2ZyB3aWR0aD0iMSIgaGVpZ2h0PSIxIiB4bWxucz0iaHR0cDovL3d3dy53My5vcmcvMjAwMC9zdmciPjwvc3ZnPg==\" style=\"--smush-placeholder-width: 576px; --smush-placeholder-aspect-ratio: 576\/1024;\" \/><\/figure>\n<\/figure>\n","protected":false},"excerpt":{"rendered":"<p>Vier Tage lang ma\u00dfen sich 620 Sportlerinnen und Sportler der Feuerwehren im Hafenstadion der s\u00e4chsischen Renaissancestadt Torgau in den Disziplinen 100m Hindernislauf, 4x100m Feuerwehr-Hindernisstaffel, L\u00f6schangriff nass sowie Gruppenstafette. Im benachbarten Ortsteil Taura der Stadt Belgern-Schildau fand das Hakenleitersteigen statt. Am Freitagabend fand die Siegerehrung durch Frau Dr. Christiane Schenderlein, Staatsministerin f\u00fcr Sport und Ehrenamt im [&hellip;]<\/p>\n","protected":false},"author":3,"featured_media":10503,"comment_status":"closed","ping_status":"closed","sticky":false,"template":"","format":"standard","meta":{"footnotes":""},"categories":[26],"tags":[],"class_list":["post-10502","post","type-post","status-publish","format-standard","has-post-thumbnail","hentry","category-feuerwehrsport"],"_links":{"self":[{"href":"https:\/\/kfv-mol.de\/Wordpress\/wp-json\/wp\/v2\/posts\/10502","targetHints":{"allow":["GET"]}}],"collection":[{"href":"https:\/\/kfv-mol.de\/Wordpress\/wp-json\/wp\/v2\/posts"}],"about":[{"href":"https:\/\/kfv-mol.de\/Wordpress\/wp-json\/wp\/v2\/types\/post"}],"author":[{"embeddable":true,"href":"https:\/\/kfv-mol.de\/Wordpress\/wp-json\/wp\/v2\/users\/3"}],"replies":[{"embeddable":true,"href":"https:\/\/kfv-mol.de\/Wordpress\/wp-json\/wp\/v2\/comments?post=10502"}],"version-history":[{"count":0,"href":"https:\/\/kfv-mol.de\/Wordpress\/wp-json\/wp\/v2\/posts\/10502\/revisions"}],"wp:featuredmedia":[{"embeddable":true,"href":"https:\/\/kfv-mol.de\/Wordpress\/wp-json\/wp\/v2\/media\/10503"}],"wp:attachment":[{"href":"https:\/\/kfv-mol.de\/Wordpress\/wp-json\/wp\/v2\/media?parent=10502"}],"wp:term":[{"taxonomy":"category","embeddable":true,"href":"https:\/\/kfv-mol.de\/Wordpress\/wp-json\/wp\/v2\/categories?post=10502"},{"taxonomy":"post_tag","embeddable":true,"href":"https:\/\/kfv-mol.de\/Wordpress\/wp-json\/wp\/v2\/tags?post=10502"}],"curies":[{"name":"wp","href":"https:\/\/api.w.org\/{rel}","templated":true}]}}