{"id":10482,"date":"2025-08-02T14:56:02","date_gmt":"2025-08-02T13:56:02","guid":{"rendered":"https:\/\/kfv-mol.de\/Wordpress\/?p=10482"},"modified":"2025-08-02T19:12:50","modified_gmt":"2025-08-02T18:12:50","slug":"der-loeschangriff-und-der-sieg-in-der-gesamtwertung","status":"publish","type":"post","link":"https:\/\/kfv-mol.de\/Wordpress\/Artikel\/der-loeschangriff-und-der-sieg-in-der-gesamtwertung\/","title":{"rendered":"Der L\u00f6schangriff und der Sieg in der Gesamtwertung"},"content":{"rendered":"\n<p>Den Abschluss der Deutschen Meisterschaft bildet immer die &#8222;K\u00f6nigsdisziplin&#8220; des Feuerwehrsports &#8211; der L\u00f6schangriff-Nass.<\/p>\n\n\n\n<p>Bei den Frauen siegte das Team Brandenburg 1 mit 24,73 sec., gefolgt vom Team M-V mit 27,16 sec. und der FF Muckrow mit 27,24 sec.<\/p>\n\n\n\n<p>Damit festigten die Frauen des Teams Brandenburg 1 ihren 1. Platz in der Gesamtwertung der Deutschen Meisterschaften. Das Team Lausitz wurde Dritter und das Team Brandenburg 2 erreichte den 5. Platz von 6 teilnehmenden Mannschaften. <\/p>\n\n\n\n<figure class=\"wp-block-image size-large\"><img decoding=\"async\" width=\"1024\" height=\"441\" data-src=\"https:\/\/kfv-mol.de\/Wordpress\/wp-content\/uploads\/2025\/08\/Bildschirmfoto_2-8-2025_12437_feusport.de_-1024x441.jpeg\" alt=\"\" class=\"wp-image-10484 lazyload\" data-srcset=\"https:\/\/kfv-mol.de\/Wordpress\/wp-content\/uploads\/2025\/08\/Bildschirmfoto_2-8-2025_12437_feusport.de_-1024x441.jpeg 1024w, https:\/\/kfv-mol.de\/Wordpress\/wp-content\/uploads\/2025\/08\/Bildschirmfoto_2-8-2025_12437_feusport.de_-300x129.jpeg 300w, https:\/\/kfv-mol.de\/Wordpress\/wp-content\/uploads\/2025\/08\/Bildschirmfoto_2-8-2025_12437_feusport.de_-768x331.jpeg 768w, https:\/\/kfv-mol.de\/Wordpress\/wp-content\/uploads\/2025\/08\/Bildschirmfoto_2-8-2025_12437_feusport.de_.jpeg 1068w\" data-sizes=\"(max-width: 1024px) 100vw, 1024px\" src=\"data:image\/svg+xml;base64,PHN2ZyB3aWR0aD0iMSIgaGVpZ2h0PSIxIiB4bWxucz0iaHR0cDovL3d3dy53My5vcmcvMjAwMC9zdmciPjwvc3ZnPg==\" style=\"--smush-placeholder-width: 1024px; --smush-placeholder-aspect-ratio: 1024\/441;\" \/><\/figure>\n\n\n\n<p>Herzlichen Gl\u00fcckwunsch den erfolgreichen Feuerwehrsportlerinnen aus Brandenburg und M\u00e4rkisch-Oderland.<\/p>\n\n\n\n<p>Bei den M\u00e4nnern hatten wir mit dem Team M\u00e4rkisch-Oderland und die FF Genschmar 2 Mannschaften am Start.<\/p>\n\n\n\n<p>Die FF Genschmar konnte mit 24,60 sec. den 13. Platz erringen.<\/p>\n\n\n\n<p>Das Team MOL wurde hinter der FF Zella (Th\u00fcringen) Deutscher Vizemeister mit 21,90 sec. In der Mannschaftswertung  bedeutete das den 1. Platz im L\u00f6schangriff, da die FF Zella hier nicht gewertet wurde.<\/p>\n\n\n\n<p>In der Mannschafts-Gesamtwertung bei den Deutschen Meisterschaften holte das Team M\u00e4rkisch-Oderland mit zwei 1., einem 3.  und einem 4. Platz den Gesamtsieg vor dem Team Lausitz mit gleicher Punktzahl.<\/p>\n\n\n\n<figure class=\"wp-block-image size-large\"><img decoding=\"async\" width=\"1024\" height=\"477\" data-src=\"https:\/\/kfv-mol.de\/Wordpress\/wp-content\/uploads\/2025\/08\/Bildschirmfoto_2-8-2025_145053_feusport.de_-1024x477.jpeg\" alt=\"\" class=\"wp-image-10486 lazyload\" data-srcset=\"https:\/\/kfv-mol.de\/Wordpress\/wp-content\/uploads\/2025\/08\/Bildschirmfoto_2-8-2025_145053_feusport.de_-1024x477.jpeg 1024w, https:\/\/kfv-mol.de\/Wordpress\/wp-content\/uploads\/2025\/08\/Bildschirmfoto_2-8-2025_145053_feusport.de_-300x140.jpeg 300w, https:\/\/kfv-mol.de\/Wordpress\/wp-content\/uploads\/2025\/08\/Bildschirmfoto_2-8-2025_145053_feusport.de_-768x358.jpeg 768w, https:\/\/kfv-mol.de\/Wordpress\/wp-content\/uploads\/2025\/08\/Bildschirmfoto_2-8-2025_145053_feusport.de_.jpeg 1052w\" data-sizes=\"(max-width: 1024px) 100vw, 1024px\" src=\"data:image\/svg+xml;base64,PHN2ZyB3aWR0aD0iMSIgaGVpZ2h0PSIxIiB4bWxucz0iaHR0cDovL3d3dy53My5vcmcvMjAwMC9zdmciPjwvc3ZnPg==\" style=\"--smush-placeholder-width: 1024px; --smush-placeholder-aspect-ratio: 1024\/477;\" \/><\/figure>\n\n\n\n<p>Damit haben sie sich f\u00fcr die Teilnahme an den Internationalen Wettbewerben des Weltfeuerwehrverbandes CTIF ( Feuerwehr-Olympiade ), die im n\u00e4chsten Jahr stattfinden sollen, qualifiziert.<\/p>\n\n\n\n<p>Unseren Sportlern des Teams M\u00e4rkisch-Oderland herzliche Gl\u00fcckw\u00fcnsche zu diesen Leistungen und Erfolgen.<\/p>\n\n\n\n<figure class=\"wp-block-gallery has-nested-images columns-default is-cropped wp-block-gallery-1 is-layout-flex wp-block-gallery-is-layout-flex\">\n<figure class=\"wp-block-image size-large\"><img decoding=\"async\" width=\"1024\" height=\"683\" data-id=\"10492\" data-src=\"https:\/\/kfv-mol.de\/Wordpress\/wp-content\/uploads\/2025\/08\/526599364_1166679155504549_1566188214242664109_n-1024x683.jpg\" alt=\"\" class=\"wp-image-10492 lazyload\" data-srcset=\"https:\/\/kfv-mol.de\/Wordpress\/wp-content\/uploads\/2025\/08\/526599364_1166679155504549_1566188214242664109_n-1024x683.jpg 1024w, https:\/\/kfv-mol.de\/Wordpress\/wp-content\/uploads\/2025\/08\/526599364_1166679155504549_1566188214242664109_n-300x200.jpg 300w, https:\/\/kfv-mol.de\/Wordpress\/wp-content\/uploads\/2025\/08\/526599364_1166679155504549_1566188214242664109_n-768x512.jpg 768w, https:\/\/kfv-mol.de\/Wordpress\/wp-content\/uploads\/2025\/08\/526599364_1166679155504549_1566188214242664109_n-1536x1024.jpg 1536w, https:\/\/kfv-mol.de\/Wordpress\/wp-content\/uploads\/2025\/08\/526599364_1166679155504549_1566188214242664109_n.jpg 2048w\" data-sizes=\"(max-width: 1024px) 100vw, 1024px\" src=\"data:image\/svg+xml;base64,PHN2ZyB3aWR0aD0iMSIgaGVpZ2h0PSIxIiB4bWxucz0iaHR0cDovL3d3dy53My5vcmcvMjAwMC9zdmciPjwvc3ZnPg==\" style=\"--smush-placeholder-width: 1024px; --smush-placeholder-aspect-ratio: 1024\/683;\" \/><\/figure>\n\n\n\n<figure class=\"wp-block-image size-large\"><img decoding=\"async\" width=\"683\" height=\"1024\" data-id=\"10494\" data-src=\"https:\/\/kfv-mol.de\/Wordpress\/wp-content\/uploads\/2025\/08\/527110918_1166680538837744_8792054327302261503_n-683x1024.jpg\" alt=\"\" class=\"wp-image-10494 lazyload\" data-srcset=\"https:\/\/kfv-mol.de\/Wordpress\/wp-content\/uploads\/2025\/08\/527110918_1166680538837744_8792054327302261503_n-683x1024.jpg 683w, https:\/\/kfv-mol.de\/Wordpress\/wp-content\/uploads\/2025\/08\/527110918_1166680538837744_8792054327302261503_n-200x300.jpg 200w, https:\/\/kfv-mol.de\/Wordpress\/wp-content\/uploads\/2025\/08\/527110918_1166680538837744_8792054327302261503_n-768x1152.jpg 768w, https:\/\/kfv-mol.de\/Wordpress\/wp-content\/uploads\/2025\/08\/527110918_1166680538837744_8792054327302261503_n-1024x1536.jpg 1024w, https:\/\/kfv-mol.de\/Wordpress\/wp-content\/uploads\/2025\/08\/527110918_1166680538837744_8792054327302261503_n.jpg 1365w\" data-sizes=\"(max-width: 683px) 100vw, 683px\" src=\"data:image\/svg+xml;base64,PHN2ZyB3aWR0aD0iMSIgaGVpZ2h0PSIxIiB4bWxucz0iaHR0cDovL3d3dy53My5vcmcvMjAwMC9zdmciPjwvc3ZnPg==\" style=\"--smush-placeholder-width: 683px; --smush-placeholder-aspect-ratio: 683\/1024;\" \/><\/figure>\n\n\n\n<figure class=\"wp-block-image size-large\"><img decoding=\"async\" width=\"1024\" height=\"683\" data-id=\"10495\" data-src=\"https:\/\/kfv-mol.de\/Wordpress\/wp-content\/uploads\/2025\/08\/527224032_1166679152171216_7051442126027758761_n-1024x683.jpg\" alt=\"\" class=\"wp-image-10495 lazyload\" data-srcset=\"https:\/\/kfv-mol.de\/Wordpress\/wp-content\/uploads\/2025\/08\/527224032_1166679152171216_7051442126027758761_n-1024x683.jpg 1024w, https:\/\/kfv-mol.de\/Wordpress\/wp-content\/uploads\/2025\/08\/527224032_1166679152171216_7051442126027758761_n-300x200.jpg 300w, https:\/\/kfv-mol.de\/Wordpress\/wp-content\/uploads\/2025\/08\/527224032_1166679152171216_7051442126027758761_n-768x512.jpg 768w, https:\/\/kfv-mol.de\/Wordpress\/wp-content\/uploads\/2025\/08\/527224032_1166679152171216_7051442126027758761_n-1536x1024.jpg 1536w, https:\/\/kfv-mol.de\/Wordpress\/wp-content\/uploads\/2025\/08\/527224032_1166679152171216_7051442126027758761_n.jpg 2048w\" data-sizes=\"(max-width: 1024px) 100vw, 1024px\" src=\"data:image\/svg+xml;base64,PHN2ZyB3aWR0aD0iMSIgaGVpZ2h0PSIxIiB4bWxucz0iaHR0cDovL3d3dy53My5vcmcvMjAwMC9zdmciPjwvc3ZnPg==\" style=\"--smush-placeholder-width: 1024px; --smush-placeholder-aspect-ratio: 1024\/683;\" \/><\/figure>\n\n\n\n<figure class=\"wp-block-image size-large\"><img decoding=\"async\" width=\"1024\" height=\"683\" data-id=\"10493\" data-src=\"https:\/\/kfv-mol.de\/Wordpress\/wp-content\/uploads\/2025\/08\/527342221_1166680562171075_585411321643049481_n-1024x683.jpg\" alt=\"\" class=\"wp-image-10493 lazyload\" data-srcset=\"https:\/\/kfv-mol.de\/Wordpress\/wp-content\/uploads\/2025\/08\/527342221_1166680562171075_585411321643049481_n-1024x683.jpg 1024w, https:\/\/kfv-mol.de\/Wordpress\/wp-content\/uploads\/2025\/08\/527342221_1166680562171075_585411321643049481_n-300x200.jpg 300w, https:\/\/kfv-mol.de\/Wordpress\/wp-content\/uploads\/2025\/08\/527342221_1166680562171075_585411321643049481_n-768x512.jpg 768w, https:\/\/kfv-mol.de\/Wordpress\/wp-content\/uploads\/2025\/08\/527342221_1166680562171075_585411321643049481_n-1536x1024.jpg 1536w, https:\/\/kfv-mol.de\/Wordpress\/wp-content\/uploads\/2025\/08\/527342221_1166680562171075_585411321643049481_n.jpg 2048w\" data-sizes=\"(max-width: 1024px) 100vw, 1024px\" src=\"data:image\/svg+xml;base64,PHN2ZyB3aWR0aD0iMSIgaGVpZ2h0PSIxIiB4bWxucz0iaHR0cDovL3d3dy53My5vcmcvMjAwMC9zdmciPjwvc3ZnPg==\" style=\"--smush-placeholder-width: 1024px; --smush-placeholder-aspect-ratio: 1024\/683;\" \/><\/figure>\n\n\n\n<figure class=\"wp-block-image size-large\"><img decoding=\"async\" width=\"1024\" height=\"683\" data-id=\"10496\" data-src=\"https:\/\/kfv-mol.de\/Wordpress\/wp-content\/uploads\/2025\/08\/527790675_1166680915504373_6545287501017795712_n-1024x683.jpg\" alt=\"\" class=\"wp-image-10496 lazyload\" data-srcset=\"https:\/\/kfv-mol.de\/Wordpress\/wp-content\/uploads\/2025\/08\/527790675_1166680915504373_6545287501017795712_n-1024x683.jpg 1024w, https:\/\/kfv-mol.de\/Wordpress\/wp-content\/uploads\/2025\/08\/527790675_1166680915504373_6545287501017795712_n-300x200.jpg 300w, https:\/\/kfv-mol.de\/Wordpress\/wp-content\/uploads\/2025\/08\/527790675_1166680915504373_6545287501017795712_n-768x512.jpg 768w, https:\/\/kfv-mol.de\/Wordpress\/wp-content\/uploads\/2025\/08\/527790675_1166680915504373_6545287501017795712_n-1536x1024.jpg 1536w, https:\/\/kfv-mol.de\/Wordpress\/wp-content\/uploads\/2025\/08\/527790675_1166680915504373_6545287501017795712_n.jpg 2048w\" data-sizes=\"(max-width: 1024px) 100vw, 1024px\" src=\"data:image\/svg+xml;base64,PHN2ZyB3aWR0aD0iMSIgaGVpZ2h0PSIxIiB4bWxucz0iaHR0cDovL3d3dy53My5vcmcvMjAwMC9zdmciPjwvc3ZnPg==\" style=\"--smush-placeholder-width: 1024px; --smush-placeholder-aspect-ratio: 1024\/683;\" \/><\/figure>\n\n\n\n<figure class=\"wp-block-image size-large\"><img decoding=\"async\" width=\"1023\" height=\"682\" data-id=\"10491\" data-src=\"https:\/\/kfv-mol.de\/Wordpress\/wp-content\/uploads\/2025\/08\/FKU_5785-Loeschangriff-nass-0x682-c-default.jpg\" alt=\"\" class=\"wp-image-10491 lazyload\" data-srcset=\"https:\/\/kfv-mol.de\/Wordpress\/wp-content\/uploads\/2025\/08\/FKU_5785-Loeschangriff-nass-0x682-c-default.jpg 1023w, https:\/\/kfv-mol.de\/Wordpress\/wp-content\/uploads\/2025\/08\/FKU_5785-Loeschangriff-nass-0x682-c-default-300x200.jpg 300w, https:\/\/kfv-mol.de\/Wordpress\/wp-content\/uploads\/2025\/08\/FKU_5785-Loeschangriff-nass-0x682-c-default-768x512.jpg 768w\" data-sizes=\"(max-width: 1023px) 100vw, 1023px\" src=\"data:image\/svg+xml;base64,PHN2ZyB3aWR0aD0iMSIgaGVpZ2h0PSIxIiB4bWxucz0iaHR0cDovL3d3dy53My5vcmcvMjAwMC9zdmciPjwvc3ZnPg==\" style=\"--smush-placeholder-width: 1023px; --smush-placeholder-aspect-ratio: 1023\/682;\" \/><\/figure>\n<\/figure>\n","protected":false},"excerpt":{"rendered":"<p>Den Abschluss der Deutschen Meisterschaft bildet immer die &#8222;K\u00f6nigsdisziplin&#8220; des Feuerwehrsports &#8211; der L\u00f6schangriff-Nass. Bei den Frauen siegte das Team Brandenburg 1 mit 24,73 sec., gefolgt vom Team M-V mit 27,16 sec. und der FF Muckrow mit 27,24 sec. Damit festigten die Frauen des Teams Brandenburg 1 ihren 1. Platz in der Gesamtwertung der Deutschen [&hellip;]<\/p>\n","protected":false},"author":3,"featured_media":10489,"comment_status":"closed","ping_status":"closed","sticky":false,"template":"","format":"standard","meta":{"footnotes":""},"categories":[26],"tags":[],"class_list":["post-10482","post","type-post","status-publish","format-standard","has-post-thumbnail","hentry","category-feuerwehrsport"],"_links":{"self":[{"href":"https:\/\/kfv-mol.de\/Wordpress\/wp-json\/wp\/v2\/posts\/10482","targetHints":{"allow":["GET"]}}],"collection":[{"href":"https:\/\/kfv-mol.de\/Wordpress\/wp-json\/wp\/v2\/posts"}],"about":[{"href":"https:\/\/kfv-mol.de\/Wordpress\/wp-json\/wp\/v2\/types\/post"}],"author":[{"embeddable":true,"href":"https:\/\/kfv-mol.de\/Wordpress\/wp-json\/wp\/v2\/users\/3"}],"replies":[{"embeddable":true,"href":"https:\/\/kfv-mol.de\/Wordpress\/wp-json\/wp\/v2\/comments?post=10482"}],"version-history":[{"count":0,"href":"https:\/\/kfv-mol.de\/Wordpress\/wp-json\/wp\/v2\/posts\/10482\/revisions"}],"wp:featuredmedia":[{"embeddable":true,"href":"https:\/\/kfv-mol.de\/Wordpress\/wp-json\/wp\/v2\/media\/10489"}],"wp:attachment":[{"href":"https:\/\/kfv-mol.de\/Wordpress\/wp-json\/wp\/v2\/media?parent=10482"}],"wp:term":[{"taxonomy":"category","embeddable":true,"href":"https:\/\/kfv-mol.de\/Wordpress\/wp-json\/wp\/v2\/categories?post=10482"},{"taxonomy":"post_tag","embeddable":true,"href":"https:\/\/kfv-mol.de\/Wordpress\/wp-json\/wp\/v2\/tags?post=10482"}],"curies":[{"name":"wp","href":"https:\/\/api.w.org\/{rel}","templated":true}]}}