{"id":10332,"date":"2025-07-07T09:11:00","date_gmt":"2025-07-07T08:11:00","guid":{"rendered":"https:\/\/kfv-mol.de\/Wordpress\/?p=10332"},"modified":"2025-07-07T09:15:16","modified_gmt":"2025-07-07T08:15:16","slug":"rehfelder-firma-unterstuetzt-waldbrandbekaempfung-in-der-gohrischheide","status":"publish","type":"post","link":"https:\/\/kfv-mol.de\/Wordpress\/Artikel\/rehfelder-firma-unterstuetzt-waldbrandbekaempfung-in-der-gohrischheide\/","title":{"rendered":"Rehfelder Firma unterst\u00fctzt Waldbrandbek\u00e4mpfung in der Gohrischheide"},"content":{"rendered":"\n<p>Zwei Fahrzeuge der Firma Opitz-Gruppe aus Rehfelde (MOL) sind seit gestern zur Unterst\u00fctzung der Einsatzkr\u00e4fte beim Waldbrand in der Gohrischheide eingesetzt.<\/p>\n\n\n\n<p>Ein Tankwagen mit 30.000 Liter Wasser und das extra aufgebaute Waldbrandunterst\u00fctzungsfahrzeug mit 15.000 Liter Wasser stellt die Firma Opitz zur Verf\u00fcgung. Unter den zwei Kraftfahrern befindet sich der Firmenchef selbst.<\/p>\n\n\n\n<p>In Zeithain erhielten sie ihren Einsatzauftrag L\u00f6schwasser nach Jacobsthal, n\u00f6rdlich von Zeithain zu bringen. Dort werden L\u00f6schwasserbeh\u00e4lter der Feuerwehr und des THW bef\u00fcllt, um von Tankl\u00f6schfahrzeugen in den Wald gebracht zu werden. Auch das vom Land Brandenburg neu beschaffte ferngesteuerte Tankl\u00f6schfahrzeug geh\u00f6rt dazu.<\/p>\n\n\n\n<p>Auch beim Waldbrand vor 2 Wochen in Gr\u00fcnheide unterst\u00fctze die Fa. Opitz bereits mit dem Waldbrandunterst\u00fctzungsfahrzeug.<\/p>\n\n\n\n<figure class=\"wp-block-gallery has-nested-images columns-default is-cropped wp-block-gallery-1 is-layout-flex wp-block-gallery-is-layout-flex\">\n<figure class=\"wp-block-image size-large\"><img decoding=\"async\" width=\"1024\" height=\"768\" data-id=\"10339\" data-src=\"https:\/\/kfv-mol.de\/Wordpress\/wp-content\/uploads\/2025\/07\/IMG-20250706-WA0001-1024x768.jpg\" alt=\"\" class=\"wp-image-10339 lazyload\" data-srcset=\"https:\/\/kfv-mol.de\/Wordpress\/wp-content\/uploads\/2025\/07\/IMG-20250706-WA0001-1024x768.jpg 1024w, https:\/\/kfv-mol.de\/Wordpress\/wp-content\/uploads\/2025\/07\/IMG-20250706-WA0001-300x225.jpg 300w, https:\/\/kfv-mol.de\/Wordpress\/wp-content\/uploads\/2025\/07\/IMG-20250706-WA0001-768x576.jpg 768w, https:\/\/kfv-mol.de\/Wordpress\/wp-content\/uploads\/2025\/07\/IMG-20250706-WA0001-1536x1152.jpg 1536w, https:\/\/kfv-mol.de\/Wordpress\/wp-content\/uploads\/2025\/07\/IMG-20250706-WA0001.jpg 2048w\" data-sizes=\"(max-width: 1024px) 100vw, 1024px\" src=\"data:image\/svg+xml;base64,PHN2ZyB3aWR0aD0iMSIgaGVpZ2h0PSIxIiB4bWxucz0iaHR0cDovL3d3dy53My5vcmcvMjAwMC9zdmciPjwvc3ZnPg==\" style=\"--smush-placeholder-width: 1024px; --smush-placeholder-aspect-ratio: 1024\/768;\" \/><\/figure>\n\n\n\n<figure class=\"wp-block-image size-large\"><img decoding=\"async\" width=\"576\" height=\"1024\" data-id=\"10338\" data-src=\"https:\/\/kfv-mol.de\/Wordpress\/wp-content\/uploads\/2025\/07\/IMG-20250706-WA0003-576x1024.jpg\" alt=\"\" class=\"wp-image-10338 lazyload\" data-srcset=\"https:\/\/kfv-mol.de\/Wordpress\/wp-content\/uploads\/2025\/07\/IMG-20250706-WA0003-576x1024.jpg 576w, https:\/\/kfv-mol.de\/Wordpress\/wp-content\/uploads\/2025\/07\/IMG-20250706-WA0003-169x300.jpg 169w, https:\/\/kfv-mol.de\/Wordpress\/wp-content\/uploads\/2025\/07\/IMG-20250706-WA0003-768x1365.jpg 768w, https:\/\/kfv-mol.de\/Wordpress\/wp-content\/uploads\/2025\/07\/IMG-20250706-WA0003-864x1536.jpg 864w, https:\/\/kfv-mol.de\/Wordpress\/wp-content\/uploads\/2025\/07\/IMG-20250706-WA0003.jpg 900w\" data-sizes=\"(max-width: 576px) 100vw, 576px\" src=\"data:image\/svg+xml;base64,PHN2ZyB3aWR0aD0iMSIgaGVpZ2h0PSIxIiB4bWxucz0iaHR0cDovL3d3dy53My5vcmcvMjAwMC9zdmciPjwvc3ZnPg==\" style=\"--smush-placeholder-width: 576px; --smush-placeholder-aspect-ratio: 576\/1024;\" \/><\/figure>\n\n\n\n<figure class=\"wp-block-image size-large\"><img decoding=\"async\" width=\"1024\" height=\"768\" data-id=\"10341\" data-src=\"https:\/\/kfv-mol.de\/Wordpress\/wp-content\/uploads\/2025\/07\/IMG-20250706-WA0011-1024x768.jpg\" alt=\"\" class=\"wp-image-10341 lazyload\" data-srcset=\"https:\/\/kfv-mol.de\/Wordpress\/wp-content\/uploads\/2025\/07\/IMG-20250706-WA0011-1024x768.jpg 1024w, https:\/\/kfv-mol.de\/Wordpress\/wp-content\/uploads\/2025\/07\/IMG-20250706-WA0011-300x225.jpg 300w, https:\/\/kfv-mol.de\/Wordpress\/wp-content\/uploads\/2025\/07\/IMG-20250706-WA0011-768x576.jpg 768w, https:\/\/kfv-mol.de\/Wordpress\/wp-content\/uploads\/2025\/07\/IMG-20250706-WA0011-1536x1152.jpg 1536w, https:\/\/kfv-mol.de\/Wordpress\/wp-content\/uploads\/2025\/07\/IMG-20250706-WA0011.jpg 2048w\" data-sizes=\"(max-width: 1024px) 100vw, 1024px\" src=\"data:image\/svg+xml;base64,PHN2ZyB3aWR0aD0iMSIgaGVpZ2h0PSIxIiB4bWxucz0iaHR0cDovL3d3dy53My5vcmcvMjAwMC9zdmciPjwvc3ZnPg==\" style=\"--smush-placeholder-width: 1024px; --smush-placeholder-aspect-ratio: 1024\/768;\" \/><\/figure>\n\n\n\n<figure class=\"wp-block-image size-large\"><img decoding=\"async\" width=\"768\" height=\"1024\" data-id=\"10342\" data-src=\"https:\/\/kfv-mol.de\/Wordpress\/wp-content\/uploads\/2025\/07\/IMG-20250706-WA0014-768x1024.jpg\" alt=\"\" class=\"wp-image-10342 lazyload\" data-srcset=\"https:\/\/kfv-mol.de\/Wordpress\/wp-content\/uploads\/2025\/07\/IMG-20250706-WA0014-768x1024.jpg 768w, https:\/\/kfv-mol.de\/Wordpress\/wp-content\/uploads\/2025\/07\/IMG-20250706-WA0014-225x300.jpg 225w, https:\/\/kfv-mol.de\/Wordpress\/wp-content\/uploads\/2025\/07\/IMG-20250706-WA0014-1152x1536.jpg 1152w, https:\/\/kfv-mol.de\/Wordpress\/wp-content\/uploads\/2025\/07\/IMG-20250706-WA0014.jpg 1536w\" data-sizes=\"(max-width: 768px) 100vw, 768px\" src=\"data:image\/svg+xml;base64,PHN2ZyB3aWR0aD0iMSIgaGVpZ2h0PSIxIiB4bWxucz0iaHR0cDovL3d3dy53My5vcmcvMjAwMC9zdmciPjwvc3ZnPg==\" style=\"--smush-placeholder-width: 768px; --smush-placeholder-aspect-ratio: 768\/1024;\" \/><\/figure>\n\n\n\n<figure class=\"wp-block-image size-large\"><img decoding=\"async\" width=\"768\" height=\"1024\" data-id=\"10343\" data-src=\"https:\/\/kfv-mol.de\/Wordpress\/wp-content\/uploads\/2025\/07\/IMG-20250706-WA0008-768x1024.jpg\" alt=\"\" class=\"wp-image-10343 lazyload\" data-srcset=\"https:\/\/kfv-mol.de\/Wordpress\/wp-content\/uploads\/2025\/07\/IMG-20250706-WA0008-768x1024.jpg 768w, https:\/\/kfv-mol.de\/Wordpress\/wp-content\/uploads\/2025\/07\/IMG-20250706-WA0008-225x300.jpg 225w, https:\/\/kfv-mol.de\/Wordpress\/wp-content\/uploads\/2025\/07\/IMG-20250706-WA0008-1152x1536.jpg 1152w, https:\/\/kfv-mol.de\/Wordpress\/wp-content\/uploads\/2025\/07\/IMG-20250706-WA0008.jpg 1536w\" data-sizes=\"(max-width: 768px) 100vw, 768px\" src=\"data:image\/svg+xml;base64,PHN2ZyB3aWR0aD0iMSIgaGVpZ2h0PSIxIiB4bWxucz0iaHR0cDovL3d3dy53My5vcmcvMjAwMC9zdmciPjwvc3ZnPg==\" style=\"--smush-placeholder-width: 768px; --smush-placeholder-aspect-ratio: 768\/1024;\" \/><figcaption class=\"wp-element-caption\">Einsatz in Gr\u00fcnheide<\/figcaption><\/figure>\n\n\n\n<figure class=\"wp-block-image size-large\"><img decoding=\"async\" width=\"1024\" height=\"768\" data-id=\"10340\" data-src=\"https:\/\/kfv-mol.de\/Wordpress\/wp-content\/uploads\/2025\/07\/IMG-20250706-WA0005-1024x768.jpg\" alt=\"\" class=\"wp-image-10340 lazyload\" data-srcset=\"https:\/\/kfv-mol.de\/Wordpress\/wp-content\/uploads\/2025\/07\/IMG-20250706-WA0005-1024x768.jpg 1024w, https:\/\/kfv-mol.de\/Wordpress\/wp-content\/uploads\/2025\/07\/IMG-20250706-WA0005-300x225.jpg 300w, https:\/\/kfv-mol.de\/Wordpress\/wp-content\/uploads\/2025\/07\/IMG-20250706-WA0005-768x576.jpg 768w, https:\/\/kfv-mol.de\/Wordpress\/wp-content\/uploads\/2025\/07\/IMG-20250706-WA0005-1536x1152.jpg 1536w, https:\/\/kfv-mol.de\/Wordpress\/wp-content\/uploads\/2025\/07\/IMG-20250706-WA0005.jpg 1600w\" data-sizes=\"(max-width: 1024px) 100vw, 1024px\" src=\"data:image\/svg+xml;base64,PHN2ZyB3aWR0aD0iMSIgaGVpZ2h0PSIxIiB4bWxucz0iaHR0cDovL3d3dy53My5vcmcvMjAwMC9zdmciPjwvc3ZnPg==\" style=\"--smush-placeholder-width: 1024px; --smush-placeholder-aspect-ratio: 1024\/768;\" \/><figcaption class=\"wp-element-caption\">Einsatz in Gr\u00fcnheide<\/figcaption><\/figure>\n<\/figure>\n\n\n\n<p><br><br><\/p>\n","protected":false},"excerpt":{"rendered":"<p>Zwei Fahrzeuge der Firma Opitz-Gruppe aus Rehfelde (MOL) sind seit gestern zur Unterst\u00fctzung der Einsatzkr\u00e4fte beim Waldbrand in der Gohrischheide eingesetzt. Ein Tankwagen mit 30.000 Liter Wasser und das extra aufgebaute Waldbrandunterst\u00fctzungsfahrzeug mit 15.000 Liter Wasser stellt die Firma Opitz zur Verf\u00fcgung. Unter den zwei Kraftfahrern befindet sich der Firmenchef selbst. In Zeithain erhielten sie [&hellip;]<\/p>\n","protected":false},"author":3,"featured_media":10333,"comment_status":"closed","ping_status":"closed","sticky":false,"template":"","format":"standard","meta":{"footnotes":""},"categories":[1],"tags":[],"class_list":["post-10332","post","type-post","status-publish","format-standard","has-post-thumbnail","hentry","category-sonstige"],"_links":{"self":[{"href":"https:\/\/kfv-mol.de\/Wordpress\/wp-json\/wp\/v2\/posts\/10332","targetHints":{"allow":["GET"]}}],"collection":[{"href":"https:\/\/kfv-mol.de\/Wordpress\/wp-json\/wp\/v2\/posts"}],"about":[{"href":"https:\/\/kfv-mol.de\/Wordpress\/wp-json\/wp\/v2\/types\/post"}],"author":[{"embeddable":true,"href":"https:\/\/kfv-mol.de\/Wordpress\/wp-json\/wp\/v2\/users\/3"}],"replies":[{"embeddable":true,"href":"https:\/\/kfv-mol.de\/Wordpress\/wp-json\/wp\/v2\/comments?post=10332"}],"version-history":[{"count":0,"href":"https:\/\/kfv-mol.de\/Wordpress\/wp-json\/wp\/v2\/posts\/10332\/revisions"}],"wp:featuredmedia":[{"embeddable":true,"href":"https:\/\/kfv-mol.de\/Wordpress\/wp-json\/wp\/v2\/media\/10333"}],"wp:attachment":[{"href":"https:\/\/kfv-mol.de\/Wordpress\/wp-json\/wp\/v2\/media?parent=10332"}],"wp:term":[{"taxonomy":"category","embeddable":true,"href":"https:\/\/kfv-mol.de\/Wordpress\/wp-json\/wp\/v2\/categories?post=10332"},{"taxonomy":"post_tag","embeddable":true,"href":"https:\/\/kfv-mol.de\/Wordpress\/wp-json\/wp\/v2\/tags?post=10332"}],"curies":[{"name":"wp","href":"https:\/\/api.w.org\/{rel}","templated":true}]}}