{"id":10306,"date":"2025-07-06T10:20:09","date_gmt":"2025-07-06T09:20:09","guid":{"rendered":"https:\/\/kfv-mol.de\/Wordpress\/?p=10306"},"modified":"2025-07-06T10:20:10","modified_gmt":"2025-07-06T09:20:10","slug":"neuer-cbrn-erkunder","status":"publish","type":"post","link":"https:\/\/kfv-mol.de\/Wordpress\/Artikel\/neuer-cbrn-erkunder\/","title":{"rendered":"Neuer CBRN-Erkunder"},"content":{"rendered":"\n<p>Am Donnerstag, dem 03.07.2025 konnte die Freiwillige Feuerwehr Petershagen Gemeinde Petershagen\/Eggersdorf f\u00fcr den Landkreis M\u00e4rkisch-Oderland ihren neuen CBRN-Erkundungswagen (CBRN-ErkW) aus einer Beschaffung des Bundesamtes f\u00fcr Bev\u00f6lkerungsschutz und Katastrophenhilfe (BBK) in Empfang nehmen.<\/p>\n\n\n\n<p>Zwei Gefahrgutspezialisten der Petershagener Feuerwehr haben sich als Multiplikator auf einer Lernplattform zun\u00e4chst theoretisch mit der Technik des Fahrzuges besch\u00e4ftigt. Danach ging es f\u00fcr die beiden Kameraden vier Tage nach Ahrweiler und Bonn zur Einweisung, \u00dcbernahme und Abholung.<\/p>\n\n\n\n<p>Das mit moderner Messtechnik ausgestattete und 311.000 Euro teure Fahrzeug ersetzt ein 25 Jahre altes Vorg\u00e4ngerfahrzeug (ABC-Erkunder), das 2002 als Reaktion auf die Terroranschl\u00e4ge in den USA am 11.09.2001 vom Bund an alle Landkreise ausgeliefert wurde.<\/p>\n\n\n\n<figure class=\"wp-block-image size-medium\"><img decoding=\"async\" width=\"300\" height=\"225\" data-src=\"https:\/\/kfv-mol.de\/Wordpress\/wp-content\/uploads\/2025\/07\/20250704_182749_006-300x225.jpg\" alt=\"\" class=\"wp-image-10307 lazyload\" data-srcset=\"https:\/\/kfv-mol.de\/Wordpress\/wp-content\/uploads\/2025\/07\/20250704_182749_006-300x225.jpg 300w, https:\/\/kfv-mol.de\/Wordpress\/wp-content\/uploads\/2025\/07\/20250704_182749_006-1024x768.jpg 1024w, https:\/\/kfv-mol.de\/Wordpress\/wp-content\/uploads\/2025\/07\/20250704_182749_006-768x576.jpg 768w, https:\/\/kfv-mol.de\/Wordpress\/wp-content\/uploads\/2025\/07\/20250704_182749_006-1536x1152.jpg 1536w, https:\/\/kfv-mol.de\/Wordpress\/wp-content\/uploads\/2025\/07\/20250704_182749_006-2048x1536.jpg 2048w\" data-sizes=\"(max-width: 300px) 100vw, 300px\" src=\"data:image\/svg+xml;base64,PHN2ZyB3aWR0aD0iMSIgaGVpZ2h0PSIxIiB4bWxucz0iaHR0cDovL3d3dy53My5vcmcvMjAwMC9zdmciPjwvc3ZnPg==\" style=\"--smush-placeholder-width: 300px; --smush-placeholder-aspect-ratio: 300\/225;\" \/><\/figure>\n\n\n\n<p>Aufgabe des Fahrzeugs ist die chemische, biologische, radiologische und nukleare- (kurz: CBRN) Erkundung. Die neue Generation des 4 Einsatzkr\u00e4fte fassenden Fahrzeugs bietet pr\u00e4zise Messinstrumente, die auch w\u00e4hrend der Fahrt Messungen durchf\u00fchren k\u00f6nnen. Somit ist eine schnellere und effizientere Erkundung gro\u00dfer Gebiete gew\u00e4hrleistet.<\/p>\n\n\n\n<p>Aufgebaut sind die CBRN-ErkW von der Wietmarscher Ambulanz- und Sonderfahrzeug GmbH auf einem Fahrgestell auf Mercedes-Benz Sprinter 519 CDI.<\/p>\n\n\n\n<p>Der CBRN-Erkunder ist das einzige Fahrzeug seiner Art im Landkreis und geh\u00f6rt strukturell zur Gefahrstoffeinheit M\u00e4rkisch-Oderland.<\/p>\n\n\n\n<p>Die n\u00e4chste Woche ist f\u00fcr die Ausbildung\/Einweisung der \u00fcbrigen Besatzungen des CBRN-Erkunders vorgesehen, ab Mitte Juli ist er dann einsatzbereit.<\/p>\n\n\n\n<figure class=\"wp-block-gallery has-nested-images columns-default is-cropped wp-block-gallery-1 is-layout-flex wp-block-gallery-is-layout-flex\">\n<figure class=\"wp-block-image size-large\"><img decoding=\"async\" width=\"1024\" height=\"768\" data-id=\"10312\" data-src=\"https:\/\/kfv-mol.de\/Wordpress\/wp-content\/uploads\/2025\/07\/20250704_182517_001-1024x768.jpg\" alt=\"\" class=\"wp-image-10312 lazyload\" data-srcset=\"https:\/\/kfv-mol.de\/Wordpress\/wp-content\/uploads\/2025\/07\/20250704_182517_001-1024x768.jpg 1024w, https:\/\/kfv-mol.de\/Wordpress\/wp-content\/uploads\/2025\/07\/20250704_182517_001-300x225.jpg 300w, https:\/\/kfv-mol.de\/Wordpress\/wp-content\/uploads\/2025\/07\/20250704_182517_001-768x576.jpg 768w, https:\/\/kfv-mol.de\/Wordpress\/wp-content\/uploads\/2025\/07\/20250704_182517_001-1536x1152.jpg 1536w, https:\/\/kfv-mol.de\/Wordpress\/wp-content\/uploads\/2025\/07\/20250704_182517_001-2048x1536.jpg 2048w\" data-sizes=\"(max-width: 1024px) 100vw, 1024px\" src=\"data:image\/svg+xml;base64,PHN2ZyB3aWR0aD0iMSIgaGVpZ2h0PSIxIiB4bWxucz0iaHR0cDovL3d3dy53My5vcmcvMjAwMC9zdmciPjwvc3ZnPg==\" style=\"--smush-placeholder-width: 1024px; --smush-placeholder-aspect-ratio: 1024\/768;\" \/><\/figure>\n\n\n\n<figure class=\"wp-block-image size-large\"><img decoding=\"async\" width=\"1024\" height=\"768\" data-id=\"10313\" data-src=\"https:\/\/kfv-mol.de\/Wordpress\/wp-content\/uploads\/2025\/07\/20250704_182552_004-1024x768.jpg\" alt=\"\" class=\"wp-image-10313 lazyload\" data-srcset=\"https:\/\/kfv-mol.de\/Wordpress\/wp-content\/uploads\/2025\/07\/20250704_182552_004-1024x768.jpg 1024w, https:\/\/kfv-mol.de\/Wordpress\/wp-content\/uploads\/2025\/07\/20250704_182552_004-300x225.jpg 300w, https:\/\/kfv-mol.de\/Wordpress\/wp-content\/uploads\/2025\/07\/20250704_182552_004-768x576.jpg 768w, https:\/\/kfv-mol.de\/Wordpress\/wp-content\/uploads\/2025\/07\/20250704_182552_004-1536x1152.jpg 1536w, https:\/\/kfv-mol.de\/Wordpress\/wp-content\/uploads\/2025\/07\/20250704_182552_004-2048x1536.jpg 2048w\" data-sizes=\"(max-width: 1024px) 100vw, 1024px\" src=\"data:image\/svg+xml;base64,PHN2ZyB3aWR0aD0iMSIgaGVpZ2h0PSIxIiB4bWxucz0iaHR0cDovL3d3dy53My5vcmcvMjAwMC9zdmciPjwvc3ZnPg==\" style=\"--smush-placeholder-width: 1024px; --smush-placeholder-aspect-ratio: 1024\/768;\" \/><\/figure>\n\n\n\n<figure class=\"wp-block-image size-large\"><img decoding=\"async\" width=\"1024\" height=\"768\" data-id=\"10311\" data-src=\"https:\/\/kfv-mol.de\/Wordpress\/wp-content\/uploads\/2025\/07\/20250704_213928_001-1024x768.jpg\" alt=\"\" class=\"wp-image-10311 lazyload\" data-srcset=\"https:\/\/kfv-mol.de\/Wordpress\/wp-content\/uploads\/2025\/07\/20250704_213928_001-1024x768.jpg 1024w, https:\/\/kfv-mol.de\/Wordpress\/wp-content\/uploads\/2025\/07\/20250704_213928_001-300x225.jpg 300w, https:\/\/kfv-mol.de\/Wordpress\/wp-content\/uploads\/2025\/07\/20250704_213928_001-768x576.jpg 768w, https:\/\/kfv-mol.de\/Wordpress\/wp-content\/uploads\/2025\/07\/20250704_213928_001-1536x1152.jpg 1536w, https:\/\/kfv-mol.de\/Wordpress\/wp-content\/uploads\/2025\/07\/20250704_213928_001-2048x1536.jpg 2048w\" data-sizes=\"(max-width: 1024px) 100vw, 1024px\" src=\"data:image\/svg+xml;base64,PHN2ZyB3aWR0aD0iMSIgaGVpZ2h0PSIxIiB4bWxucz0iaHR0cDovL3d3dy53My5vcmcvMjAwMC9zdmciPjwvc3ZnPg==\" style=\"--smush-placeholder-width: 1024px; --smush-placeholder-aspect-ratio: 1024\/768;\" \/><\/figure>\n<\/figure>\n\n\n\n<figure class=\"wp-block-image size-large\"><img decoding=\"async\" width=\"1024\" height=\"682\" data-src=\"https:\/\/kfv-mol.de\/Wordpress\/wp-content\/uploads\/2025\/07\/2025-03-29-cbrn-erkw-bild-25-1024x682.jpg\" alt=\"\" class=\"wp-image-10310 lazyload\" data-srcset=\"https:\/\/kfv-mol.de\/Wordpress\/wp-content\/uploads\/2025\/07\/2025-03-29-cbrn-erkw-bild-25-1024x682.jpg 1024w, https:\/\/kfv-mol.de\/Wordpress\/wp-content\/uploads\/2025\/07\/2025-03-29-cbrn-erkw-bild-25-300x200.jpg 300w, https:\/\/kfv-mol.de\/Wordpress\/wp-content\/uploads\/2025\/07\/2025-03-29-cbrn-erkw-bild-25-768x512.jpg 768w, https:\/\/kfv-mol.de\/Wordpress\/wp-content\/uploads\/2025\/07\/2025-03-29-cbrn-erkw-bild-25-1536x1024.jpg 1536w, https:\/\/kfv-mol.de\/Wordpress\/wp-content\/uploads\/2025\/07\/2025-03-29-cbrn-erkw-bild-25.jpg 1778w\" data-sizes=\"(max-width: 1024px) 100vw, 1024px\" src=\"data:image\/svg+xml;base64,PHN2ZyB3aWR0aD0iMSIgaGVpZ2h0PSIxIiB4bWxucz0iaHR0cDovL3d3dy53My5vcmcvMjAwMC9zdmciPjwvc3ZnPg==\" style=\"--smush-placeholder-width: 1024px; --smush-placeholder-aspect-ratio: 1024\/682;\" \/><\/figure>\n","protected":false},"excerpt":{"rendered":"<p>Am Donnerstag, dem 03.07.2025 konnte die Freiwillige Feuerwehr Petershagen Gemeinde Petershagen\/Eggersdorf f\u00fcr den Landkreis M\u00e4rkisch-Oderland ihren neuen CBRN-Erkundungswagen (CBRN-ErkW) aus einer Beschaffung des Bundesamtes f\u00fcr Bev\u00f6lkerungsschutz und Katastrophenhilfe (BBK) in Empfang nehmen. Zwei Gefahrgutspezialisten der Petershagener Feuerwehr haben sich als Multiplikator auf einer Lernplattform zun\u00e4chst theoretisch mit der Technik des Fahrzuges besch\u00e4ftigt. Danach ging es [&hellip;]<\/p>\n","protected":false},"author":3,"featured_media":10315,"comment_status":"closed","ping_status":"closed","sticky":false,"template":"","format":"standard","meta":{"footnotes":""},"categories":[1],"tags":[],"class_list":["post-10306","post","type-post","status-publish","format-standard","has-post-thumbnail","hentry","category-sonstige"],"_links":{"self":[{"href":"https:\/\/kfv-mol.de\/Wordpress\/wp-json\/wp\/v2\/posts\/10306","targetHints":{"allow":["GET"]}}],"collection":[{"href":"https:\/\/kfv-mol.de\/Wordpress\/wp-json\/wp\/v2\/posts"}],"about":[{"href":"https:\/\/kfv-mol.de\/Wordpress\/wp-json\/wp\/v2\/types\/post"}],"author":[{"embeddable":true,"href":"https:\/\/kfv-mol.de\/Wordpress\/wp-json\/wp\/v2\/users\/3"}],"replies":[{"embeddable":true,"href":"https:\/\/kfv-mol.de\/Wordpress\/wp-json\/wp\/v2\/comments?post=10306"}],"version-history":[{"count":0,"href":"https:\/\/kfv-mol.de\/Wordpress\/wp-json\/wp\/v2\/posts\/10306\/revisions"}],"wp:featuredmedia":[{"embeddable":true,"href":"https:\/\/kfv-mol.de\/Wordpress\/wp-json\/wp\/v2\/media\/10315"}],"wp:attachment":[{"href":"https:\/\/kfv-mol.de\/Wordpress\/wp-json\/wp\/v2\/media?parent=10306"}],"wp:term":[{"taxonomy":"category","embeddable":true,"href":"https:\/\/kfv-mol.de\/Wordpress\/wp-json\/wp\/v2\/categories?post=10306"},{"taxonomy":"post_tag","embeddable":true,"href":"https:\/\/kfv-mol.de\/Wordpress\/wp-json\/wp\/v2\/tags?post=10306"}],"curies":[{"name":"wp","href":"https:\/\/api.w.org\/{rel}","templated":true}]}}