{"id":10099,"date":"2025-06-01T10:20:56","date_gmt":"2025-06-01T09:20:56","guid":{"rendered":"https:\/\/kfv-mol.de\/Wordpress\/?p=10099"},"modified":"2025-06-04T09:43:13","modified_gmt":"2025-06-04T08:43:13","slug":"25-jahre-notfallseelsorge-maerkisch-oderland","status":"publish","type":"post","link":"https:\/\/kfv-mol.de\/Wordpress\/Artikel\/25-jahre-notfallseelsorge-maerkisch-oderland\/","title":{"rendered":"25 Jahre Notfallseelsorge M\u00e4rkisch-Oderland"},"content":{"rendered":"\n<p>Am Sonnabend, den 31. Mai 2025 feierte die Notfallseelsorge M\u00e4rkisch-Oderland in der evangelischen Marienkirche in Wriezen ihr 25-j\u00e4hriges Bestehen.<\/p>\n\n\n\n<p>Die Feierlichkeiten begannen mit einem Gottesdienst, in dem der langj\u00e4hrige Einsatz der Notfallseelsorge gew\u00fcrdigt wurde und den Menschen gedacht wurde, die in besonders schwierigen Situationen auf diese Unterst\u00fctzung angewiesen waren. Auf einem Empfang des Landrates wurden in Gru\u00dfworten den ehrenamtlichen Helferinnen und Helfern Dank und Anerkennung ausgesprochen.<\/p>\n\n\n\n<p>Das Notfallseelsorge-Team betreut Hinterbliebene und Angeh\u00f6rige nach t\u00f6dlichen Unf\u00e4llen, Todesf\u00e4llen daheim und Suiziden.&nbsp;<\/p>\n\n\n\n<p>Sie kommen zum Einsatz, wenn Feuerwehr, Rettungsdienste oder Polizei nicht mehr helfen k\u00f6nnen oder ihre Hilfe nicht erfolgreich war.<\/p>\n\n\n\n<p>Die Notfallseelsorger kommen direkt zur Unfallstelle oder begleiten die Polizeibeamten, wenn sie einer Familie die Todesnachricht \u00fcberbringen. &#8222;Hand in Hand mit Polizei, Feuerwehr, Rettungsdienst&#8220; lautet ihre Devise.<\/p>\n\n\n\n<p>Seit Sommer 2019 leiten Dennis Ferch aus Bad Freienwalde und Katrin Fischer aus Rehfelde als Stellvertreterin die Notfallseelsorge in M\u00e4rkisch-Oderland. Sie sind eine Regieeinheit des Katastrophenschutzes des Landkreises.<\/p>\n\n\n\n<p>Die Psychosoziale Notfallversorgung (PSNV) im Land Brandenburg ist ein Angebot der evangelischen Landeskirche.&nbsp; Der Landkreis finanziert die Ausstattung der ehrenamtlichen Notfallseelsorger. Das Team der Notfallseelsorger in&nbsp;M\u00e4rkisch-Oderland besteht aus zw\u00f6lf Personen aus dem ganzen Landkreis mit Berufen wie Sozialp\u00e4dagoge, Erzieher, Notfallsanit\u00e4ter, Trauerredner, Krankenschwester, Polizeibeamte u.a. Das Team bildete sich infolge eines Schulbusunfalles in Altlandsberg.<\/p>\n\n\n\n<p>Das Team k\u00fcmmert sich um alle Opfer unabh\u00e4ngig von der Religion. Betreut werden Opfer und Unfallverursacher. Das Team weise den Menschen den Weg, wohin sie sich nach dem \u00fcberwundenen Schock wenden k\u00f6nnen.<\/p>\n\n\n\n<p>Alarmiert werden die Notfallseelsorger von der Leitstelle. Sie haben einen Bereitschaftsplan \u00fcber zw\u00f6lf oder 24 Stunden. Die Teams der Notfallseesorge sind rund um die Uhr einsatzbereit und unterliegen der seelsorgerlichen Schweigepflicht. Sie sind f\u00fcr dieses Arbeitsgebiet ausgebildet und werden regelm\u00e4\u00dfig in Seelsorge, psychosozialer Unterst\u00fctzung und Einsatztaktik weitergebildet. Die Teams sind am Einsatzort dem Einsatzeiter unterstellt.<\/p>\n\n\n\n<p>Auch Einsatzkr\u00e4fte kommen mitunter an Grenzen des f\u00fcr sie Ertr\u00e4glichen. F\u00fcr sie sind aber nicht die Seelsorger zust\u00e4ndig, sondern ein Team von landesweit ca. 40 Mitarbeitern der Einsatznachsorgeteams, die ebenfalls auf Anforderung von den Leitstellen zu den Einsatzkr\u00e4ften, ins Ger\u00e4tehaus oder in die Dienststelle kommen und psychologische Hilfe leisten.<\/p>\n\n\n\n<figure class=\"wp-block-gallery has-nested-images columns-default is-cropped wp-block-gallery-1 is-layout-flex wp-block-gallery-is-layout-flex\">\n<figure class=\"wp-block-image size-full\"><img decoding=\"async\" width=\"2048\" height=\"1542\" data-id=\"10107\" data-src=\"https:\/\/kfv-mol.de\/Wordpress\/wp-content\/uploads\/2025\/06\/503272477_1241973137717325_8211198678134281254_n.jpg\" alt=\"\" class=\"wp-image-10107 lazyload\" data-srcset=\"https:\/\/kfv-mol.de\/Wordpress\/wp-content\/uploads\/2025\/06\/503272477_1241973137717325_8211198678134281254_n.jpg 2048w, https:\/\/kfv-mol.de\/Wordpress\/wp-content\/uploads\/2025\/06\/503272477_1241973137717325_8211198678134281254_n-300x226.jpg 300w, https:\/\/kfv-mol.de\/Wordpress\/wp-content\/uploads\/2025\/06\/503272477_1241973137717325_8211198678134281254_n-1024x771.jpg 1024w, https:\/\/kfv-mol.de\/Wordpress\/wp-content\/uploads\/2025\/06\/503272477_1241973137717325_8211198678134281254_n-768x578.jpg 768w, https:\/\/kfv-mol.de\/Wordpress\/wp-content\/uploads\/2025\/06\/503272477_1241973137717325_8211198678134281254_n-1536x1157.jpg 1536w\" data-sizes=\"(max-width: 2048px) 100vw, 2048px\" src=\"data:image\/svg+xml;base64,PHN2ZyB3aWR0aD0iMSIgaGVpZ2h0PSIxIiB4bWxucz0iaHR0cDovL3d3dy53My5vcmcvMjAwMC9zdmciPjwvc3ZnPg==\" style=\"--smush-placeholder-width: 2048px; --smush-placeholder-aspect-ratio: 2048\/1542;\" \/><\/figure>\n\n\n\n<figure class=\"wp-block-image size-large\"><img decoding=\"async\" width=\"1024\" height=\"771\" data-id=\"10106\" data-src=\"https:\/\/kfv-mol.de\/Wordpress\/wp-content\/uploads\/2025\/06\/503377264_1241973251050647_8169404874796044185_n-1024x771.jpg\" alt=\"\" class=\"wp-image-10106 lazyload\" data-srcset=\"https:\/\/kfv-mol.de\/Wordpress\/wp-content\/uploads\/2025\/06\/503377264_1241973251050647_8169404874796044185_n-1024x771.jpg 1024w, https:\/\/kfv-mol.de\/Wordpress\/wp-content\/uploads\/2025\/06\/503377264_1241973251050647_8169404874796044185_n-300x226.jpg 300w, https:\/\/kfv-mol.de\/Wordpress\/wp-content\/uploads\/2025\/06\/503377264_1241973251050647_8169404874796044185_n-768x578.jpg 768w, https:\/\/kfv-mol.de\/Wordpress\/wp-content\/uploads\/2025\/06\/503377264_1241973251050647_8169404874796044185_n-1536x1157.jpg 1536w, https:\/\/kfv-mol.de\/Wordpress\/wp-content\/uploads\/2025\/06\/503377264_1241973251050647_8169404874796044185_n.jpg 2048w\" data-sizes=\"(max-width: 1024px) 100vw, 1024px\" src=\"data:image\/svg+xml;base64,PHN2ZyB3aWR0aD0iMSIgaGVpZ2h0PSIxIiB4bWxucz0iaHR0cDovL3d3dy53My5vcmcvMjAwMC9zdmciPjwvc3ZnPg==\" style=\"--smush-placeholder-width: 1024px; --smush-placeholder-aspect-ratio: 1024\/771;\" \/><\/figure>\n<\/figure>\n\n\n\n<figure class=\"wp-block-gallery has-nested-images columns-default is-cropped wp-block-gallery-2 is-layout-flex wp-block-gallery-is-layout-flex\">\n<figure class=\"wp-block-image size-large\"><img decoding=\"async\" width=\"1024\" height=\"1024\" data-id=\"10110\" data-src=\"https:\/\/kfv-mol.de\/Wordpress\/wp-content\/uploads\/2025\/06\/502619196_590451227413866_7933974552057601619_n-1024x1024.jpg\" alt=\"\" class=\"wp-image-10110 lazyload\" data-srcset=\"https:\/\/kfv-mol.de\/Wordpress\/wp-content\/uploads\/2025\/06\/502619196_590451227413866_7933974552057601619_n-1024x1024.jpg 1024w, https:\/\/kfv-mol.de\/Wordpress\/wp-content\/uploads\/2025\/06\/502619196_590451227413866_7933974552057601619_n-300x300.jpg 300w, https:\/\/kfv-mol.de\/Wordpress\/wp-content\/uploads\/2025\/06\/502619196_590451227413866_7933974552057601619_n-150x150.jpg 150w, https:\/\/kfv-mol.de\/Wordpress\/wp-content\/uploads\/2025\/06\/502619196_590451227413866_7933974552057601619_n-768x768.jpg 768w, https:\/\/kfv-mol.de\/Wordpress\/wp-content\/uploads\/2025\/06\/502619196_590451227413866_7933974552057601619_n.jpg 1198w\" data-sizes=\"(max-width: 1024px) 100vw, 1024px\" src=\"data:image\/svg+xml;base64,PHN2ZyB3aWR0aD0iMSIgaGVpZ2h0PSIxIiB4bWxucz0iaHR0cDovL3d3dy53My5vcmcvMjAwMC9zdmciPjwvc3ZnPg==\" style=\"--smush-placeholder-width: 1024px; --smush-placeholder-aspect-ratio: 1024\/1024;\" \/><\/figure>\n\n\n\n<figure class=\"wp-block-image size-large\"><img decoding=\"async\" width=\"1024\" height=\"1024\" data-id=\"10112\" data-src=\"https:\/\/kfv-mol.de\/Wordpress\/wp-content\/uploads\/2025\/06\/502621697_590451054080550_8044993272930581726_n-1024x1024.jpg\" alt=\"\" class=\"wp-image-10112 lazyload\" data-srcset=\"https:\/\/kfv-mol.de\/Wordpress\/wp-content\/uploads\/2025\/06\/502621697_590451054080550_8044993272930581726_n-1024x1024.jpg 1024w, https:\/\/kfv-mol.de\/Wordpress\/wp-content\/uploads\/2025\/06\/502621697_590451054080550_8044993272930581726_n-300x300.jpg 300w, https:\/\/kfv-mol.de\/Wordpress\/wp-content\/uploads\/2025\/06\/502621697_590451054080550_8044993272930581726_n-150x150.jpg 150w, https:\/\/kfv-mol.de\/Wordpress\/wp-content\/uploads\/2025\/06\/502621697_590451054080550_8044993272930581726_n-768x768.jpg 768w, https:\/\/kfv-mol.de\/Wordpress\/wp-content\/uploads\/2025\/06\/502621697_590451054080550_8044993272930581726_n.jpg 1196w\" data-sizes=\"(max-width: 1024px) 100vw, 1024px\" src=\"data:image\/svg+xml;base64,PHN2ZyB3aWR0aD0iMSIgaGVpZ2h0PSIxIiB4bWxucz0iaHR0cDovL3d3dy53My5vcmcvMjAwMC9zdmciPjwvc3ZnPg==\" style=\"--smush-placeholder-width: 1024px; --smush-placeholder-aspect-ratio: 1024\/1024;\" \/><\/figure>\n\n\n\n<figure class=\"wp-block-image size-large\"><img decoding=\"async\" width=\"1024\" height=\"1024\" data-id=\"10111\" data-src=\"https:\/\/kfv-mol.de\/Wordpress\/wp-content\/uploads\/2025\/06\/503807952_590451094080546_3052844759751165674_n-1024x1024.jpg\" alt=\"\" class=\"wp-image-10111 lazyload\" data-srcset=\"https:\/\/kfv-mol.de\/Wordpress\/wp-content\/uploads\/2025\/06\/503807952_590451094080546_3052844759751165674_n-1024x1024.jpg 1024w, https:\/\/kfv-mol.de\/Wordpress\/wp-content\/uploads\/2025\/06\/503807952_590451094080546_3052844759751165674_n-300x300.jpg 300w, https:\/\/kfv-mol.de\/Wordpress\/wp-content\/uploads\/2025\/06\/503807952_590451094080546_3052844759751165674_n-150x150.jpg 150w, https:\/\/kfv-mol.de\/Wordpress\/wp-content\/uploads\/2025\/06\/503807952_590451094080546_3052844759751165674_n-768x768.jpg 768w, https:\/\/kfv-mol.de\/Wordpress\/wp-content\/uploads\/2025\/06\/503807952_590451094080546_3052844759751165674_n.jpg 1200w\" data-sizes=\"(max-width: 1024px) 100vw, 1024px\" src=\"data:image\/svg+xml;base64,PHN2ZyB3aWR0aD0iMSIgaGVpZ2h0PSIxIiB4bWxucz0iaHR0cDovL3d3dy53My5vcmcvMjAwMC9zdmciPjwvc3ZnPg==\" style=\"--smush-placeholder-width: 1024px; --smush-placeholder-aspect-ratio: 1024\/1024;\" \/><\/figure>\n<\/figure>\n","protected":false},"excerpt":{"rendered":"<p>Am Sonnabend, den 31. Mai 2025 feierte die Notfallseelsorge M\u00e4rkisch-Oderland in der evangelischen Marienkirche in Wriezen ihr 25-j\u00e4hriges Bestehen. Die Feierlichkeiten begannen mit einem Gottesdienst, in dem der langj\u00e4hrige Einsatz der Notfallseelsorge gew\u00fcrdigt wurde und den Menschen gedacht wurde, die in besonders schwierigen Situationen auf diese Unterst\u00fctzung angewiesen waren. Auf einem Empfang des Landrates wurden [&hellip;]<\/p>\n","protected":false},"author":3,"featured_media":10100,"comment_status":"closed","ping_status":"closed","sticky":false,"template":"","format":"standard","meta":{"footnotes":""},"categories":[1],"tags":[],"class_list":["post-10099","post","type-post","status-publish","format-standard","has-post-thumbnail","hentry","category-sonstige"],"_links":{"self":[{"href":"https:\/\/kfv-mol.de\/Wordpress\/wp-json\/wp\/v2\/posts\/10099","targetHints":{"allow":["GET"]}}],"collection":[{"href":"https:\/\/kfv-mol.de\/Wordpress\/wp-json\/wp\/v2\/posts"}],"about":[{"href":"https:\/\/kfv-mol.de\/Wordpress\/wp-json\/wp\/v2\/types\/post"}],"author":[{"embeddable":true,"href":"https:\/\/kfv-mol.de\/Wordpress\/wp-json\/wp\/v2\/users\/3"}],"replies":[{"embeddable":true,"href":"https:\/\/kfv-mol.de\/Wordpress\/wp-json\/wp\/v2\/comments?post=10099"}],"version-history":[{"count":0,"href":"https:\/\/kfv-mol.de\/Wordpress\/wp-json\/wp\/v2\/posts\/10099\/revisions"}],"wp:featuredmedia":[{"embeddable":true,"href":"https:\/\/kfv-mol.de\/Wordpress\/wp-json\/wp\/v2\/media\/10100"}],"wp:attachment":[{"href":"https:\/\/kfv-mol.de\/Wordpress\/wp-json\/wp\/v2\/media?parent=10099"}],"wp:term":[{"taxonomy":"category","embeddable":true,"href":"https:\/\/kfv-mol.de\/Wordpress\/wp-json\/wp\/v2\/categories?post=10099"},{"taxonomy":"post_tag","embeddable":true,"href":"https:\/\/kfv-mol.de\/Wordpress\/wp-json\/wp\/v2\/tags?post=10099"}],"curies":[{"name":"wp","href":"https:\/\/api.w.org\/{rel}","templated":true}]}}