{"id":10041,"date":"2025-05-24T17:49:44","date_gmt":"2025-05-24T16:49:44","guid":{"rendered":"https:\/\/kfv-mol.de\/Wordpress\/?p=10041"},"modified":"2025-05-25T10:18:24","modified_gmt":"2025-05-25T09:18:24","slug":"wilhelm-piskol-ehrenbuerger-der-stadt-strausberg","status":"publish","type":"post","link":"https:\/\/kfv-mol.de\/Wordpress\/Artikel\/wilhelm-piskol-ehrenbuerger-der-stadt-strausberg\/","title":{"rendered":"Wilhelm Piskol &#8211; Ehrenb\u00fcrger der Stadt Strausberg"},"content":{"rendered":"\n<p>Unser Ehrenmitglied Hauptbrandinspektor <strong>Wilhelm Piskol<\/strong>, ehemaliger Wehr- und Wirkungsbereichsleiter sowie Gr\u00fcndungsvorsitzender der KFV Strausberg und M\u00e4rkisch-Oderland wurde am 21. Mai 2025 auf dem Jahresempfang der Stadt Strausberg und der Bundeswehr zum <strong>Ehrenb\u00fcrger<\/strong> der Stadt Strausberg ernannt. <\/p>\n\n\n\n<p>Damit werden \u00fcber 70 Jahre Ehrenamt in verantwortlichen Funktionen der Feuerwehr der Stadt Strausberg und des Landkreises gew\u00fcrdigt.<\/p>\n\n\n\n<p>Auf der gleichen Veranstaltung wurden auch der ehemalige stellv. Stadtwehrf\u00fchrer J\u00fcrgen Schulz und das Ehrenmitglied der polnischen Feuerwehr Debno Thadeus Nowak ausgezeichnet.<\/p>\n\n\n\n<p>Herzlichen Gl\u00fcckwunsch!<\/p>\n\n\n\n<figure class=\"wp-block-gallery has-nested-images columns-default is-cropped wp-block-gallery-1 is-layout-flex wp-block-gallery-is-layout-flex\">\n<figure class=\"wp-block-image size-large\"><img decoding=\"async\" width=\"700\" height=\"467\" data-id=\"10043\" data-src=\"https:\/\/kfv-mol.de\/Wordpress\/wp-content\/uploads\/2025\/05\/46g.jpg\" alt=\"\" class=\"wp-image-10043 lazyload\" data-srcset=\"https:\/\/kfv-mol.de\/Wordpress\/wp-content\/uploads\/2025\/05\/46g.jpg 700w, https:\/\/kfv-mol.de\/Wordpress\/wp-content\/uploads\/2025\/05\/46g-300x200.jpg 300w\" data-sizes=\"(max-width: 700px) 100vw, 700px\" src=\"data:image\/svg+xml;base64,PHN2ZyB3aWR0aD0iMSIgaGVpZ2h0PSIxIiB4bWxucz0iaHR0cDovL3d3dy53My5vcmcvMjAwMC9zdmciPjwvc3ZnPg==\" style=\"--smush-placeholder-width: 700px; --smush-placeholder-aspect-ratio: 700\/467;\" \/><\/figure>\n\n\n\n<figure class=\"wp-block-image size-large\"><img decoding=\"async\" width=\"700\" height=\"467\" data-id=\"10044\" data-src=\"https:\/\/kfv-mol.de\/Wordpress\/wp-content\/uploads\/2025\/05\/61g.jpg\" alt=\"\" class=\"wp-image-10044 lazyload\" data-srcset=\"https:\/\/kfv-mol.de\/Wordpress\/wp-content\/uploads\/2025\/05\/61g.jpg 700w, https:\/\/kfv-mol.de\/Wordpress\/wp-content\/uploads\/2025\/05\/61g-300x200.jpg 300w\" data-sizes=\"(max-width: 700px) 100vw, 700px\" src=\"data:image\/svg+xml;base64,PHN2ZyB3aWR0aD0iMSIgaGVpZ2h0PSIxIiB4bWxucz0iaHR0cDovL3d3dy53My5vcmcvMjAwMC9zdmciPjwvc3ZnPg==\" style=\"--smush-placeholder-width: 700px; --smush-placeholder-aspect-ratio: 700\/467;\" \/><\/figure>\n\n\n\n<figure class=\"wp-block-image size-large\"><img decoding=\"async\" width=\"700\" height=\"467\" data-id=\"10045\" data-src=\"https:\/\/kfv-mol.de\/Wordpress\/wp-content\/uploads\/2025\/05\/66g.jpg\" alt=\"\" class=\"wp-image-10045 lazyload\" data-srcset=\"https:\/\/kfv-mol.de\/Wordpress\/wp-content\/uploads\/2025\/05\/66g.jpg 700w, https:\/\/kfv-mol.de\/Wordpress\/wp-content\/uploads\/2025\/05\/66g-300x200.jpg 300w\" data-sizes=\"(max-width: 700px) 100vw, 700px\" src=\"data:image\/svg+xml;base64,PHN2ZyB3aWR0aD0iMSIgaGVpZ2h0PSIxIiB4bWxucz0iaHR0cDovL3d3dy53My5vcmcvMjAwMC9zdmciPjwvc3ZnPg==\" style=\"--smush-placeholder-width: 700px; --smush-placeholder-aspect-ratio: 700\/467;\" \/><\/figure>\n\n\n\n<figure class=\"wp-block-image size-large\"><img decoding=\"async\" width=\"700\" height=\"467\" data-id=\"10046\" data-src=\"https:\/\/kfv-mol.de\/Wordpress\/wp-content\/uploads\/2025\/05\/73g.jpg\" alt=\"\" class=\"wp-image-10046 lazyload\" data-srcset=\"https:\/\/kfv-mol.de\/Wordpress\/wp-content\/uploads\/2025\/05\/73g.jpg 700w, https:\/\/kfv-mol.de\/Wordpress\/wp-content\/uploads\/2025\/05\/73g-300x200.jpg 300w\" data-sizes=\"(max-width: 700px) 100vw, 700px\" src=\"data:image\/svg+xml;base64,PHN2ZyB3aWR0aD0iMSIgaGVpZ2h0PSIxIiB4bWxucz0iaHR0cDovL3d3dy53My5vcmcvMjAwMC9zdmciPjwvc3ZnPg==\" style=\"--smush-placeholder-width: 700px; --smush-placeholder-aspect-ratio: 700\/467;\" \/><\/figure>\n<\/figure>\n","protected":false},"excerpt":{"rendered":"<p>Unser Ehrenmitglied Hauptbrandinspektor Wilhelm Piskol, ehemaliger Wehr- und Wirkungsbereichsleiter sowie Gr\u00fcndungsvorsitzender der KFV Strausberg und M\u00e4rkisch-Oderland wurde am 21. Mai 2025 auf dem Jahresempfang der Stadt Strausberg und der Bundeswehr zum Ehrenb\u00fcrger der Stadt Strausberg ernannt. Damit werden \u00fcber 70 Jahre Ehrenamt in verantwortlichen Funktionen der Feuerwehr der Stadt Strausberg und des Landkreises gew\u00fcrdigt. Auf [&hellip;]<\/p>\n","protected":false},"author":3,"featured_media":10042,"comment_status":"closed","ping_status":"closed","sticky":false,"template":"","format":"standard","meta":{"footnotes":""},"categories":[24],"tags":[],"class_list":["post-10041","post","type-post","status-publish","format-standard","has-post-thumbnail","hentry","category-alters-und-ehrenabteilungen"],"_links":{"self":[{"href":"https:\/\/kfv-mol.de\/Wordpress\/wp-json\/wp\/v2\/posts\/10041","targetHints":{"allow":["GET"]}}],"collection":[{"href":"https:\/\/kfv-mol.de\/Wordpress\/wp-json\/wp\/v2\/posts"}],"about":[{"href":"https:\/\/kfv-mol.de\/Wordpress\/wp-json\/wp\/v2\/types\/post"}],"author":[{"embeddable":true,"href":"https:\/\/kfv-mol.de\/Wordpress\/wp-json\/wp\/v2\/users\/3"}],"replies":[{"embeddable":true,"href":"https:\/\/kfv-mol.de\/Wordpress\/wp-json\/wp\/v2\/comments?post=10041"}],"version-history":[{"count":0,"href":"https:\/\/kfv-mol.de\/Wordpress\/wp-json\/wp\/v2\/posts\/10041\/revisions"}],"wp:featuredmedia":[{"embeddable":true,"href":"https:\/\/kfv-mol.de\/Wordpress\/wp-json\/wp\/v2\/media\/10042"}],"wp:attachment":[{"href":"https:\/\/kfv-mol.de\/Wordpress\/wp-json\/wp\/v2\/media?parent=10041"}],"wp:term":[{"taxonomy":"category","embeddable":true,"href":"https:\/\/kfv-mol.de\/Wordpress\/wp-json\/wp\/v2\/categories?post=10041"},{"taxonomy":"post_tag","embeddable":true,"href":"https:\/\/kfv-mol.de\/Wordpress\/wp-json\/wp\/v2\/tags?post=10041"}],"curies":[{"name":"wp","href":"https:\/\/api.w.org\/{rel}","templated":true}]}}