{"id":10000,"date":"2025-05-23T11:46:51","date_gmt":"2025-05-23T10:46:51","guid":{"rendered":"https:\/\/kfv-mol.de\/Wordpress\/?p=10000"},"modified":"2025-05-23T11:48:27","modified_gmt":"2025-05-23T10:48:27","slug":"alters-und-ehrenabteilung-unterwegs","status":"publish","type":"post","link":"https:\/\/kfv-mol.de\/Wordpress\/Artikel\/alters-und-ehrenabteilung-unterwegs\/","title":{"rendered":"Alters- und Ehrenabteilung unterwegs"},"content":{"rendered":"\n<p>Die Alters- und Ehrenabteilung des Bereiches Bad Freienwalde war am 21. Mai 2025 gemeinsam mit ihren Angeh\u00f6rigen unterwegs. Sie besuchten das neue Schiffshebewerk in Niederfinow und lie\u00dfen den Nachmittag im Landhof Liepe bei Kaffee und Kuchen gem\u00fctlich ausklingen.<\/p>\n","protected":false},"excerpt":{"rendered":"<p>Die Alters- und Ehrenabteilung des Bereiches Bad Freienwalde war am 21. Mai 2025 gemeinsam mit ihren Angeh\u00f6rigen unterwegs. Sie besuchten das neue Schiffshebewerk in Niederfinow und lie\u00dfen den Nachmittag im Landhof Liepe bei Kaffee und Kuchen gem\u00fctlich ausklingen.<\/p>\n","protected":false},"author":3,"featured_media":10001,"comment_status":"closed","ping_status":"closed","sticky":false,"template":"","format":"standard","meta":{"footnotes":""},"categories":[24],"tags":[],"class_list":["post-10000","post","type-post","status-publish","format-standard","has-post-thumbnail","hentry","category-alters-und-ehrenabteilungen"],"_links":{"self":[{"href":"https:\/\/kfv-mol.de\/Wordpress\/wp-json\/wp\/v2\/posts\/10000","targetHints":{"allow":["GET"]}}],"collection":[{"href":"https:\/\/kfv-mol.de\/Wordpress\/wp-json\/wp\/v2\/posts"}],"about":[{"href":"https:\/\/kfv-mol.de\/Wordpress\/wp-json\/wp\/v2\/types\/post"}],"author":[{"embeddable":true,"href":"https:\/\/kfv-mol.de\/Wordpress\/wp-json\/wp\/v2\/users\/3"}],"replies":[{"embeddable":true,"href":"https:\/\/kfv-mol.de\/Wordpress\/wp-json\/wp\/v2\/comments?post=10000"}],"version-history":[{"count":0,"href":"https:\/\/kfv-mol.de\/Wordpress\/wp-json\/wp\/v2\/posts\/10000\/revisions"}],"wp:featuredmedia":[{"embeddable":true,"href":"https:\/\/kfv-mol.de\/Wordpress\/wp-json\/wp\/v2\/media\/10001"}],"wp:attachment":[{"href":"https:\/\/kfv-mol.de\/Wordpress\/wp-json\/wp\/v2\/media?parent=10000"}],"wp:term":[{"taxonomy":"category","embeddable":true,"href":"https:\/\/kfv-mol.de\/Wordpress\/wp-json\/wp\/v2\/categories?post=10000"},{"taxonomy":"post_tag","embeddable":true,"href":"https:\/\/kfv-mol.de\/Wordpress\/wp-json\/wp\/v2\/tags?post=10000"}],"curies":[{"name":"wp","href":"https:\/\/api.w.org\/{rel}","templated":true}]}}